{"id":1078,"date":"2021-04-30T21:18:46","date_gmt":"2021-04-30T21:18:46","guid":{"rendered":"http:\/\/www.webquarto.com.br\/blog\/?p=1078"},"modified":"2021-05-07T22:25:13","modified_gmt":"2021-05-07T22:25:13","slug":"chegaram-os-pacotes-para-anunciantes-profissionais","status":"publish","type":"post","link":"https:\/\/www.webquarto.com.br\/blog\/2021\/chegaram-os-pacotes-para-anunciantes-profissionais\/","title":{"rendered":"Chegaram os pacotes para Anunciantes Profissionais"},"content":{"rendered":"<p>O m\u00eas de Maio ser\u00e1 o primeiro m\u00eas em que receberemos em nossa plataforma pacotes espec\u00edficos para Anunciantes Profissionais. Um de nossos maiores objetivos por aqui no WebQuarto \u00e9 fornecer aos nossos anfitri\u00f5es uma plataforma que os ajude a encontrar pessoas compat\u00edveis, para alugar um espa\u00e7o em sua casa, coliving, etc.<\/p>\n<p>Com o passar do tempo, passamos a observar uma mudan\u00e7a no perfil dos anfitri\u00f5es, com uma presen\u00e7a cada vez maior de empresas e indiv\u00edduos que administram um n\u00famero maior de propriedades, alugando quartos individuais ou coletivos de forma semi ou profissional. Por\u00e9m, a nossa vis\u00e3o at\u00e9 este momento \u00e9 que nossa plataforma n\u00e3o atendia da melhor forma este perfil de anunciantes.<\/p>\n<p>Por este motivo, come\u00e7amos a trabalhar em ferramentas e vantagens que pudessem ser oferecidas especificamente a este tipo de anunciante, que os fa\u00e7a receber um melhor retorno com a nossa plataforma. Por este motivo, nos pr\u00f3ximos dias estaremos lan\u00e7ando pacotes de anunciantes profissionais, especificamente para anunciantes que possuam 3 ou mais an\u00fancios em sua conta. Os planos profissionais contar\u00e3o com todas as vantagens j\u00e1 oferecidas hoje para anunciantes Premium, com alguns adicionais:<\/p>\n<ul>\n<li>A possibilidade de se cadastrar quantos an\u00fancios preferir em nossa plataforma;<\/li>\n<li>Um dashboard espec\u00edfico, com mais informa\u00e7\u00f5es e detalhes sobre seus an\u00fancios, como dados de desempenho, etc (em breve);<\/li>\n<li>Mais visibilidade em an\u00fancios e plataformas parceiras do WebQuarto;<\/li>\n<li>A possibilidade de automatiza\u00e7\u00e3o de processos e integra\u00e7\u00e3o automatizada de seus an\u00fancios em nossa plataforma, diminuindo o trabalho de cadastro e manuten\u00e7\u00e3o dos an\u00fancios;<\/li>\n<li>Atendimento e suporte priorit\u00e1rio;<\/li>\n<\/ul>\n<p>Com a inclus\u00e3o destes pacotes, todos os nossos anunciantes precisar\u00e3o adotar um de nossos pacotes profissionais, caso queiram incluir mais de 3 an\u00fancios no WebQuarto. Se voc\u00ea ainda est\u00e1 apenas buscando algu\u00e9m para te ajudar com uma renda extra, alugando entre 1 e 3 quartos onde voc\u00ea vive, nossa Assinatura Premium continua funcionando da mesma forma. \ud83d\ude42<\/p>\n<p>Os anunciantes que j\u00e1 possu\u00edrem com uma Assinatura Premium ativada hoje n\u00e3o ter\u00e3o nenhuma limita\u00e7\u00e3o, at\u00e9 que sua assinatura se encerre.<\/p>\n<p>A nossa expectativa \u00e9 que, com os novos\u00a0<strong>Pacotes Profissionais<\/strong>, n\u00f3s poderemos oferecer melhores resultados para os anunciantes profissionalizados e empresas que utilizam o WebQuarto hoje, trazendo mais pessoas interessadas, mais informa\u00e7\u00f5es e facilitando a gest\u00e3o dos an\u00fancios em nossa plataforma.<\/p>\n<p>Caso voc\u00ea tenha qualquer d\u00favida, ou questionamento, fique a vontade para falar conosco no email contato@webquarto.com.br. Para assinar um plano profissional, <a href=\"https:\/\/www.webquarto.com.br\/host\/subscription-landing\">clique aqui<\/a>.<\/p>\n<p>&nbsp;<\/p>\n","protected":false},"excerpt":{"rendered":"<p>O m\u00eas de Maio ser\u00e1 o primeiro m\u00eas em que receberemos em nossa plataforma pacotes espec\u00edficos para Anunciantes Profissionais. Um de nossos maiores objetivos por aqui no WebQuarto \u00e9 fornecer aos nossos anfitri\u00f5es uma plataforma que os ajude a encontrar pessoas compat\u00edveis, para alugar um espa\u00e7o em sua casa, coliving, etc. Com o passar do<\/p>\n","protected":false},"author":2,"featured_media":1087,"comment_status":"open","ping_status":"open","sticky":false,"template":"","format":"standard","meta":{"_monsterinsights_skip_tracking":false,"_monsterinsights_sitenote_active":false,"_monsterinsights_sitenote_note":"","_monsterinsights_sitenote_category":0},"categories":[355],"tags":[],"yoast_head":"<!-- This site is optimized with the Yoast SEO plugin v19.1 - https:\/\/yoast.com\/wordpress\/plugins\/seo\/ -->\n<title>Chegaram os pacotes para Anunciantes Profissionais - WebQuarto<\/title>\n<meta name=\"description\" content=\"Nos pr\u00f3ximos dias estaremos lan\u00e7ando pacotes de anunciantes profissionais, especificamente para anunciantes que possuam 3 ou mais an\u00fancios em sua conta.\" \/>\n<meta name=\"robots\" content=\"index, follow, max-snippet:-1, max-image-preview:large, max-video-preview:-1\" \/>\n<link rel=\"canonical\" href=\"https:\/\/www.webquarto.com.br\/blog\/2021\/chegaram-os-pacotes-para-anunciantes-profissionais\/\" \/>\n<meta property=\"og:locale\" content=\"pt_BR\" \/>\n<meta property=\"og:type\" content=\"article\" \/>\n<meta property=\"og:title\" content=\"Chegaram os pacotes para Anunciantes Profissionais - WebQuarto\" \/>\n<meta property=\"og:description\" content=\"Nos pr\u00f3ximos dias estaremos lan\u00e7ando pacotes de anunciantes profissionais, especificamente para anunciantes que possuam 3 ou mais an\u00fancios em sua conta.\" \/>\n<meta property=\"og:url\" content=\"https:\/\/www.webquarto.com.br\/blog\/2021\/chegaram-os-pacotes-para-anunciantes-profissionais\/\" \/>\n<meta property=\"og:site_name\" content=\"WebQuarto\" \/>\n<meta property=\"article:published_time\" content=\"2021-04-30T21:18:46+00:00\" \/>\n<meta property=\"article:modified_time\" content=\"2021-05-07T22:25:13+00:00\" \/>\n<meta property=\"og:image\" content=\"https:\/\/www.webquarto.com.br\/blog\/wp-content\/uploads\/2021\/04\/Anunciantes-profissionais.jpg\" \/>\n\t<meta property=\"og:image:width\" content=\"1280\" \/>\n\t<meta property=\"og:image:height\" content=\"855\" \/>\n\t<meta property=\"og:image:type\" content=\"image\/jpeg\" \/>\n<meta name=\"twitter:label1\" content=\"Escrito por\" \/>\n\t<meta name=\"twitter:data1\" content=\"Dyego Nery\" \/>\n\t<meta name=\"twitter:label2\" content=\"Est. tempo de leitura\" \/>\n\t<meta name=\"twitter:data2\" content=\"2 minutos\" \/>\n<script type=\"application\/ld+json\" class=\"yoast-schema-graph\">{\"@context\":\"https:\/\/schema.org\",\"@graph\":[{\"@type\":\"WebSite\",\"@id\":\"https:\/\/www.webquarto.com.br\/blog\/#website\",\"url\":\"https:\/\/www.webquarto.com.br\/blog\/\",\"name\":\"WebQuarto\",\"description\":\"Encontre quartos e apartamentos para dividir em todo o Brasil!\",\"potentialAction\":[{\"@type\":\"SearchAction\",\"target\":{\"@type\":\"EntryPoint\",\"urlTemplate\":\"https:\/\/www.webquarto.com.br\/blog\/?s={search_term_string}\"},\"query-input\":\"required name=search_term_string\"}],\"inLanguage\":\"pt-BR\"},{\"@type\":\"ImageObject\",\"inLanguage\":\"pt-BR\",\"@id\":\"https:\/\/www.webquarto.com.br\/blog\/2021\/chegaram-os-pacotes-para-anunciantes-profissionais\/#primaryimage\",\"url\":\"https:\/\/www.webquarto.com.br\/blog\/wp-content\/uploads\/2021\/04\/Anunciantes-profissionais.jpg\",\"contentUrl\":\"https:\/\/www.webquarto.com.br\/blog\/wp-content\/uploads\/2021\/04\/Anunciantes-profissionais.jpg\",\"width\":1280,\"height\":855,\"caption\":\"Anunciantes profissionais\"},{\"@type\":\"WebPage\",\"@id\":\"https:\/\/www.webquarto.com.br\/blog\/2021\/chegaram-os-pacotes-para-anunciantes-profissionais\/#webpage\",\"url\":\"https:\/\/www.webquarto.com.br\/blog\/2021\/chegaram-os-pacotes-para-anunciantes-profissionais\/\",\"name\":\"Chegaram os pacotes para Anunciantes Profissionais - WebQuarto\",\"isPartOf\":{\"@id\":\"https:\/\/www.webquarto.com.br\/blog\/#website\"},\"primaryImageOfPage\":{\"@id\":\"https:\/\/www.webquarto.com.br\/blog\/2021\/chegaram-os-pacotes-para-anunciantes-profissionais\/#primaryimage\"},\"datePublished\":\"2021-04-30T21:18:46+00:00\",\"dateModified\":\"2021-05-07T22:25:13+00:00\",\"author\":{\"@id\":\"https:\/\/www.webquarto.com.br\/blog\/#\/schema\/person\/e9d7df607850fd0277b18f9b2b11fcea\"},\"description\":\"Nos pr\u00f3ximos dias estaremos lan\u00e7ando pacotes de anunciantes profissionais, especificamente para anunciantes que possuam 3 ou mais an\u00fancios em sua conta.\",\"breadcrumb\":{\"@id\":\"https:\/\/www.webquarto.com.br\/blog\/2021\/chegaram-os-pacotes-para-anunciantes-profissionais\/#breadcrumb\"},\"inLanguage\":\"pt-BR\",\"potentialAction\":[{\"@type\":\"ReadAction\",\"target\":[\"https:\/\/www.webquarto.com.br\/blog\/2021\/chegaram-os-pacotes-para-anunciantes-profissionais\/\"]}]},{\"@type\":\"BreadcrumbList\",\"@id\":\"https:\/\/www.webquarto.com.br\/blog\/2021\/chegaram-os-pacotes-para-anunciantes-profissionais\/#breadcrumb\",\"itemListElement\":[{\"@type\":\"ListItem\",\"position\":1,\"name\":\"In\u00edcio\",\"item\":\"https:\/\/www.webquarto.com.br\/blog\/\"},{\"@type\":\"ListItem\",\"position\":2,\"name\":\"Chegaram os pacotes para Anunciantes Profissionais\"}]},{\"@type\":\"Person\",\"@id\":\"https:\/\/www.webquarto.com.br\/blog\/#\/schema\/person\/e9d7df607850fd0277b18f9b2b11fcea\",\"name\":\"Dyego Nery\",\"image\":{\"@type\":\"ImageObject\",\"inLanguage\":\"pt-BR\",\"@id\":\"https:\/\/www.webquarto.com.br\/blog\/#\/schema\/person\/image\/\",\"url\":\"https:\/\/secure.gravatar.com\/avatar\/aa437d2d580cbf97c98e0e46fefd37fe?s=96&d=mm&r=g\",\"contentUrl\":\"https:\/\/secure.gravatar.com\/avatar\/aa437d2d580cbf97c98e0e46fefd37fe?s=96&d=mm&r=g\",\"caption\":\"Dyego Nery\"},\"url\":\"https:\/\/www.webquarto.com.br\/blog\/author\/dyego\/\"}]}<\/script>\n<!-- \/ Yoast SEO plugin. -->","yoast_head_json":{"title":"Chegaram os pacotes para Anunciantes Profissionais - WebQuarto","description":"Nos pr\u00f3ximos dias estaremos lan\u00e7ando pacotes de anunciantes profissionais, especificamente para anunciantes que possuam 3 ou mais an\u00fancios em sua conta.","robots":{"index":"index","follow":"follow","max-snippet":"max-snippet:-1","max-image-preview":"max-image-preview:large","max-video-preview":"max-video-preview:-1"},"canonical":"https:\/\/www.webquarto.com.br\/blog\/2021\/chegaram-os-pacotes-para-anunciantes-profissionais\/","og_locale":"pt_BR","og_type":"article","og_title":"Chegaram os pacotes para Anunciantes Profissionais - WebQuarto","og_description":"Nos pr\u00f3ximos dias estaremos lan\u00e7ando pacotes de anunciantes profissionais, especificamente para anunciantes que possuam 3 ou mais an\u00fancios em sua conta.","og_url":"https:\/\/www.webquarto.com.br\/blog\/2021\/chegaram-os-pacotes-para-anunciantes-profissionais\/","og_site_name":"WebQuarto","article_published_time":"2021-04-30T21:18:46+00:00","article_modified_time":"2021-05-07T22:25:13+00:00","og_image":[{"width":1280,"height":855,"url":"https:\/\/www.webquarto.com.br\/blog\/wp-content\/uploads\/2021\/04\/Anunciantes-profissionais.jpg","type":"image\/jpeg"}],"twitter_misc":{"Escrito por":"Dyego Nery","Est. tempo de leitura":"2 minutos"},"schema":{"@context":"https:\/\/schema.org","@graph":[{"@type":"WebSite","@id":"https:\/\/www.webquarto.com.br\/blog\/#website","url":"https:\/\/www.webquarto.com.br\/blog\/","name":"WebQuarto","description":"Encontre quartos e apartamentos para dividir em todo o Brasil!","potentialAction":[{"@type":"SearchAction","target":{"@type":"EntryPoint","urlTemplate":"https:\/\/www.webquarto.com.br\/blog\/?s={search_term_string}"},"query-input":"required name=search_term_string"}],"inLanguage":"pt-BR"},{"@type":"ImageObject","inLanguage":"pt-BR","@id":"https:\/\/www.webquarto.com.br\/blog\/2021\/chegaram-os-pacotes-para-anunciantes-profissionais\/#primaryimage","url":"https:\/\/www.webquarto.com.br\/blog\/wp-content\/uploads\/2021\/04\/Anunciantes-profissionais.jpg","contentUrl":"https:\/\/www.webquarto.com.br\/blog\/wp-content\/uploads\/2021\/04\/Anunciantes-profissionais.jpg","width":1280,"height":855,"caption":"Anunciantes profissionais"},{"@type":"WebPage","@id":"https:\/\/www.webquarto.com.br\/blog\/2021\/chegaram-os-pacotes-para-anunciantes-profissionais\/#webpage","url":"https:\/\/www.webquarto.com.br\/blog\/2021\/chegaram-os-pacotes-para-anunciantes-profissionais\/","name":"Chegaram os pacotes para Anunciantes Profissionais - WebQuarto","isPartOf":{"@id":"https:\/\/www.webquarto.com.br\/blog\/#website"},"primaryImageOfPage":{"@id":"https:\/\/www.webquarto.com.br\/blog\/2021\/chegaram-os-pacotes-para-anunciantes-profissionais\/#primaryimage"},"datePublished":"2021-04-30T21:18:46+00:00","dateModified":"2021-05-07T22:25:13+00:00","author":{"@id":"https:\/\/www.webquarto.com.br\/blog\/#\/schema\/person\/e9d7df607850fd0277b18f9b2b11fcea"},"description":"Nos pr\u00f3ximos dias estaremos lan\u00e7ando pacotes de anunciantes profissionais, especificamente para anunciantes que possuam 3 ou mais an\u00fancios em sua conta.","breadcrumb":{"@id":"https:\/\/www.webquarto.com.br\/blog\/2021\/chegaram-os-pacotes-para-anunciantes-profissionais\/#breadcrumb"},"inLanguage":"pt-BR","potentialAction":[{"@type":"ReadAction","target":["https:\/\/www.webquarto.com.br\/blog\/2021\/chegaram-os-pacotes-para-anunciantes-profissionais\/"]}]},{"@type":"BreadcrumbList","@id":"https:\/\/www.webquarto.com.br\/blog\/2021\/chegaram-os-pacotes-para-anunciantes-profissionais\/#breadcrumb","itemListElement":[{"@type":"ListItem","position":1,"name":"In\u00edcio","item":"https:\/\/www.webquarto.com.br\/blog\/"},{"@type":"ListItem","position":2,"name":"Chegaram os pacotes para Anunciantes Profissionais"}]},{"@type":"Person","@id":"https:\/\/www.webquarto.com.br\/blog\/#\/schema\/person\/e9d7df607850fd0277b18f9b2b11fcea","name":"Dyego Nery","image":{"@type":"ImageObject","inLanguage":"pt-BR","@id":"https:\/\/www.webquarto.com.br\/blog\/#\/schema\/person\/image\/","url":"https:\/\/secure.gravatar.com\/avatar\/aa437d2d580cbf97c98e0e46fefd37fe?s=96&d=mm&r=g","contentUrl":"https:\/\/secure.gravatar.com\/avatar\/aa437d2d580cbf97c98e0e46fefd37fe?s=96&d=mm&r=g","caption":"Dyego Nery"},"url":"https:\/\/www.webquarto.com.br\/blog\/author\/dyego\/"}]}},"_links":{"self":[{"href":"https:\/\/www.webquarto.com.br\/blog\/wp-json\/wp\/v2\/posts\/1078"}],"collection":[{"href":"https:\/\/www.webquarto.com.br\/blog\/wp-json\/wp\/v2\/posts"}],"about":[{"href":"https:\/\/www.webquarto.com.br\/blog\/wp-json\/wp\/v2\/types\/post"}],"author":[{"embeddable":true,"href":"https:\/\/www.webquarto.com.br\/blog\/wp-json\/wp\/v2\/users\/2"}],"replies":[{"embeddable":true,"href":"https:\/\/www.webquarto.com.br\/blog\/wp-json\/wp\/v2\/comments?post=1078"}],"version-history":[{"count":4,"href":"https:\/\/www.webquarto.com.br\/blog\/wp-json\/wp\/v2\/posts\/1078\/revisions"}],"predecessor-version":[{"id":1089,"href":"https:\/\/www.webquarto.com.br\/blog\/wp-json\/wp\/v2\/posts\/1078\/revisions\/1089"}],"wp:featuredmedia":[{"embeddable":true,"href":"https:\/\/www.webquarto.com.br\/blog\/wp-json\/wp\/v2\/media\/1087"}],"wp:attachment":[{"href":"https:\/\/www.webquarto.com.br\/blog\/wp-json\/wp\/v2\/media?parent=1078"}],"wp:term":[{"taxonomy":"category","embeddable":true,"href":"https:\/\/www.webquarto.com.br\/blog\/wp-json\/wp\/v2\/categories?post=1078"},{"taxonomy":"post_tag","embeddable":true,"href":"https:\/\/www.webquarto.com.br\/blog\/wp-json\/wp\/v2\/tags?post=1078"}],"curies":[{"name":"wp","href":"https:\/\/api.w.org\/{rel}","templated":true}]}}