{"id":1146,"date":"2021-08-10T20:13:06","date_gmt":"2021-08-10T20:13:06","guid":{"rendered":"http:\/\/www.webquarto.com.br\/blog\/?p=1146"},"modified":"2021-08-10T20:13:06","modified_gmt":"2021-08-10T20:13:06","slug":"dicas-de-decoracao-para-sacadas-pequenas","status":"publish","type":"post","link":"https:\/\/www.webquarto.com.br\/blog\/2021\/dicas-de-decoracao-para-sacadas-pequenas\/","title":{"rendered":"Dicas de decora\u00e7\u00e3o para sacadas pequenas"},"content":{"rendered":"<p>Voc\u00ea mora em apartamento e tem uma sacada pequena? Pensa at\u00e9 que n\u00e3o tem muita utilidade? Pois saiba que \u00e9 poss\u00edvel aproveitar esse cantinho sim. Separamos nesse post algumas dicas para voc\u00ea decorar sua sacada e deixar ela mais aconchegante e linda. Confira!<\/p>\n<h2>Jardim vertical<\/h2>\n<p>Para sacadas pequenas o jardim vertical \u00e9 uma \u00f3tima ideia, ele da aquele charme ao ambiente. Voc\u00ea pode plantar suas flores preferidas ou at\u00e9 mesmo fazer uma hortinha vertical.<\/p>\n<h2>Mob\u00edlias adapt\u00e1veis ao espa\u00e7o<\/h2>\n<p>\u00c9 poss\u00edvel sim encontrar mesas, assentos, mini sof\u00e1s e churrasqueiras el\u00e9tricas que ocupam o m\u00ednimo de espa\u00e7o. Imagina uma pequena \u00e1rea gourmet na sua sacada, para aproveitar os fins de tarde?<\/p>\n<h2>Aposte no verde<\/h2>\n<p>Quando a sacada \u00e9 pequena, \u00e9 muito comum as pessoas acharem que \u00e9 necess\u00e1rio escolher entre m\u00f3veis ou plantas. Mas \u00e9 poss\u00edvel sim ter os dois em um espa\u00e7o que seja extremamente pequeno se voc\u00ea pendurar alguns vasos por meio de um <a href=\"https:\/\/casavogue.globo.com\/Design\/noticia\/2018\/05\/10-vasos-e-suportes-para-decorar-casa-com-plantas.html\" target=\"_top\" rel=\"noopener noreferrer\">suporte para plantas<\/a> no teto ou por meio do jardim vertical como j\u00e1 foi mencionado. As plantas d\u00e3o um charme ao ambiente al\u00e9m de torn\u00e1-lo mais aconchegante.<\/p>\n<h2>Quer mais aconchego ainda? Que tal uma rede?<\/h2>\n<p>Rede na varanda \u00e9 um sonho de consumo de muita gente, para quem deseja descansar ap\u00f3s um dia atribulado ou aproveitar um fim de semana bem pregui\u00e7oso. E \u00e9 poss\u00edvel sim ter uma rede em uma varanda pequena, a dica \u00e9: s\u00f3 pendurar quando voc\u00ea for usar, assim ela n\u00e3o vai ficar ocupando espa\u00e7o.<\/p>\n<h2>Objetos decorativos<\/h2>\n<p>Quadros sempre fazem a diferen\u00e7a na decora\u00e7\u00e3o, e o mesmo vale para sacadas pequenas. Escolha os que mais combinam com sua decora\u00e7\u00e3o para complementar o ambiente.<\/p>\n<p><strong>Esperamos que voc\u00ea tenha gostado das dicas e aproveite muito sua sacada. E\u00a0saiba que a\u00a0<a href=\"https:\/\/www.webquarto.com.br\/\">WebQuarto<\/a> \u00e9 a plataforma completa para te ajudar a se conectar com seu pr\u00f3ximo espa\u00e7o ou com outras pessoas.<\/strong><\/p>\n","protected":false},"excerpt":{"rendered":"<p>Voc\u00ea mora em apartamento e tem uma sacada pequena? Pensa at\u00e9 que n\u00e3o tem muita utilidade? Pois saiba que \u00e9 poss\u00edvel aproveitar esse cantinho sim. Separamos nesse post algumas dicas para voc\u00ea decorar sua sacada e deixar ela mais aconchegante e linda. Confira! Jardim vertical Para sacadas pequenas o jardim vertical \u00e9 uma \u00f3tima ideia,<\/p>\n","protected":false},"author":3,"featured_media":1149,"comment_status":"open","ping_status":"open","sticky":false,"template":"","format":"standard","meta":{"_monsterinsights_skip_tracking":false,"_monsterinsights_sitenote_active":false,"_monsterinsights_sitenote_note":"","_monsterinsights_sitenote_category":0},"categories":[407,409,408,406],"tags":[410],"yoast_head":"<!-- This site is optimized with the Yoast SEO plugin v19.1 - https:\/\/yoast.com\/wordpress\/plugins\/seo\/ -->\n<title>Dicas de decora\u00e7\u00e3o para sacadas pequenas - WebQuarto<\/title>\n<meta name=\"description\" content=\"Voc\u00ea mora em apartamento e tem uma sacada pequena? Pensa at\u00e9 que n\u00e3o tem muita utilidade? Pois saiba que \u00e9 poss\u00edvel aproveitar esse cantinho sim.\" \/>\n<meta name=\"robots\" content=\"index, follow, max-snippet:-1, max-image-preview:large, max-video-preview:-1\" \/>\n<link rel=\"canonical\" href=\"https:\/\/www.webquarto.com.br\/blog\/2021\/dicas-de-decoracao-para-sacadas-pequenas\/\" \/>\n<meta property=\"og:locale\" content=\"pt_BR\" \/>\n<meta property=\"og:type\" content=\"article\" \/>\n<meta property=\"og:title\" content=\"Dicas de decora\u00e7\u00e3o para sacadas pequenas - WebQuarto\" \/>\n<meta property=\"og:description\" content=\"Voc\u00ea mora em apartamento e tem uma sacada pequena? Pensa at\u00e9 que n\u00e3o tem muita utilidade? Pois saiba que \u00e9 poss\u00edvel aproveitar esse cantinho sim.\" \/>\n<meta property=\"og:url\" content=\"https:\/\/www.webquarto.com.br\/blog\/2021\/dicas-de-decoracao-para-sacadas-pequenas\/\" \/>\n<meta property=\"og:site_name\" content=\"WebQuarto\" \/>\n<meta property=\"article:published_time\" content=\"2021-08-10T20:13:06+00:00\" \/>\n<meta property=\"og:image\" content=\"https:\/\/www.webquarto.com.br\/blog\/wp-content\/uploads\/2021\/08\/71E64291-9F79-402E-AA38-5628D4CD77DC.jpeg\" \/>\n\t<meta property=\"og:image:width\" content=\"564\" \/>\n\t<meta property=\"og:image:height\" content=\"846\" \/>\n\t<meta property=\"og:image:type\" content=\"image\/jpeg\" \/>\n<meta name=\"twitter:label1\" content=\"Escrito por\" \/>\n\t<meta name=\"twitter:data1\" content=\"Jo\u00e3o Brondi\" \/>\n\t<meta name=\"twitter:label2\" content=\"Est. tempo de leitura\" \/>\n\t<meta name=\"twitter:data2\" content=\"2 minutos\" \/>\n<script type=\"application\/ld+json\" class=\"yoast-schema-graph\">{\"@context\":\"https:\/\/schema.org\",\"@graph\":[{\"@type\":\"WebSite\",\"@id\":\"https:\/\/www.webquarto.com.br\/blog\/#website\",\"url\":\"https:\/\/www.webquarto.com.br\/blog\/\",\"name\":\"WebQuarto\",\"description\":\"Encontre quartos e apartamentos para dividir em todo o Brasil!\",\"potentialAction\":[{\"@type\":\"SearchAction\",\"target\":{\"@type\":\"EntryPoint\",\"urlTemplate\":\"https:\/\/www.webquarto.com.br\/blog\/?s={search_term_string}\"},\"query-input\":\"required name=search_term_string\"}],\"inLanguage\":\"pt-BR\"},{\"@type\":\"ImageObject\",\"inLanguage\":\"pt-BR\",\"@id\":\"https:\/\/www.webquarto.com.br\/blog\/2021\/dicas-de-decoracao-para-sacadas-pequenas\/#primaryimage\",\"url\":\"https:\/\/www.webquarto.com.br\/blog\/wp-content\/uploads\/2021\/08\/71E64291-9F79-402E-AA38-5628D4CD77DC.jpeg\",\"contentUrl\":\"https:\/\/www.webquarto.com.br\/blog\/wp-content\/uploads\/2021\/08\/71E64291-9F79-402E-AA38-5628D4CD77DC.jpeg\",\"width\":564,\"height\":846},{\"@type\":\"WebPage\",\"@id\":\"https:\/\/www.webquarto.com.br\/blog\/2021\/dicas-de-decoracao-para-sacadas-pequenas\/#webpage\",\"url\":\"https:\/\/www.webquarto.com.br\/blog\/2021\/dicas-de-decoracao-para-sacadas-pequenas\/\",\"name\":\"Dicas de decora\u00e7\u00e3o para sacadas pequenas - WebQuarto\",\"isPartOf\":{\"@id\":\"https:\/\/www.webquarto.com.br\/blog\/#website\"},\"primaryImageOfPage\":{\"@id\":\"https:\/\/www.webquarto.com.br\/blog\/2021\/dicas-de-decoracao-para-sacadas-pequenas\/#primaryimage\"},\"datePublished\":\"2021-08-10T20:13:06+00:00\",\"dateModified\":\"2021-08-10T20:13:06+00:00\",\"author\":{\"@id\":\"https:\/\/www.webquarto.com.br\/blog\/#\/schema\/person\/0f558b35d8e97b36d0172434cc91608f\"},\"description\":\"Voc\u00ea mora em apartamento e tem uma sacada pequena? Pensa at\u00e9 que n\u00e3o tem muita utilidade? Pois saiba que \u00e9 poss\u00edvel aproveitar esse cantinho sim.\",\"breadcrumb\":{\"@id\":\"https:\/\/www.webquarto.com.br\/blog\/2021\/dicas-de-decoracao-para-sacadas-pequenas\/#breadcrumb\"},\"inLanguage\":\"pt-BR\",\"potentialAction\":[{\"@type\":\"ReadAction\",\"target\":[\"https:\/\/www.webquarto.com.br\/blog\/2021\/dicas-de-decoracao-para-sacadas-pequenas\/\"]}]},{\"@type\":\"BreadcrumbList\",\"@id\":\"https:\/\/www.webquarto.com.br\/blog\/2021\/dicas-de-decoracao-para-sacadas-pequenas\/#breadcrumb\",\"itemListElement\":[{\"@type\":\"ListItem\",\"position\":1,\"name\":\"In\u00edcio\",\"item\":\"https:\/\/www.webquarto.com.br\/blog\/\"},{\"@type\":\"ListItem\",\"position\":2,\"name\":\"Dicas de decora\u00e7\u00e3o para sacadas pequenas\"}]},{\"@type\":\"Person\",\"@id\":\"https:\/\/www.webquarto.com.br\/blog\/#\/schema\/person\/0f558b35d8e97b36d0172434cc91608f\",\"name\":\"Jo\u00e3o Brondi\",\"image\":{\"@type\":\"ImageObject\",\"inLanguage\":\"pt-BR\",\"@id\":\"https:\/\/www.webquarto.com.br\/blog\/#\/schema\/person\/image\/\",\"url\":\"https:\/\/secure.gravatar.com\/avatar\/1d30fb36d3734474e638bc2902ea7ffa?s=96&d=mm&r=g\",\"contentUrl\":\"https:\/\/secure.gravatar.com\/avatar\/1d30fb36d3734474e638bc2902ea7ffa?s=96&d=mm&r=g\",\"caption\":\"Jo\u00e3o Brondi\"},\"url\":\"https:\/\/www.webquarto.com.br\/blog\/author\/joao-pedro\/\"}]}<\/script>\n<!-- \/ Yoast SEO plugin. -->","yoast_head_json":{"title":"Dicas de decora\u00e7\u00e3o para sacadas pequenas - WebQuarto","description":"Voc\u00ea mora em apartamento e tem uma sacada pequena? Pensa at\u00e9 que n\u00e3o tem muita utilidade? Pois saiba que \u00e9 poss\u00edvel aproveitar esse cantinho sim.","robots":{"index":"index","follow":"follow","max-snippet":"max-snippet:-1","max-image-preview":"max-image-preview:large","max-video-preview":"max-video-preview:-1"},"canonical":"https:\/\/www.webquarto.com.br\/blog\/2021\/dicas-de-decoracao-para-sacadas-pequenas\/","og_locale":"pt_BR","og_type":"article","og_title":"Dicas de decora\u00e7\u00e3o para sacadas pequenas - WebQuarto","og_description":"Voc\u00ea mora em apartamento e tem uma sacada pequena? Pensa at\u00e9 que n\u00e3o tem muita utilidade? Pois saiba que \u00e9 poss\u00edvel aproveitar esse cantinho sim.","og_url":"https:\/\/www.webquarto.com.br\/blog\/2021\/dicas-de-decoracao-para-sacadas-pequenas\/","og_site_name":"WebQuarto","article_published_time":"2021-08-10T20:13:06+00:00","og_image":[{"width":564,"height":846,"url":"https:\/\/www.webquarto.com.br\/blog\/wp-content\/uploads\/2021\/08\/71E64291-9F79-402E-AA38-5628D4CD77DC.jpeg","type":"image\/jpeg"}],"twitter_misc":{"Escrito por":"Jo\u00e3o Brondi","Est. tempo de leitura":"2 minutos"},"schema":{"@context":"https:\/\/schema.org","@graph":[{"@type":"WebSite","@id":"https:\/\/www.webquarto.com.br\/blog\/#website","url":"https:\/\/www.webquarto.com.br\/blog\/","name":"WebQuarto","description":"Encontre quartos e apartamentos para dividir em todo o Brasil!","potentialAction":[{"@type":"SearchAction","target":{"@type":"EntryPoint","urlTemplate":"https:\/\/www.webquarto.com.br\/blog\/?s={search_term_string}"},"query-input":"required name=search_term_string"}],"inLanguage":"pt-BR"},{"@type":"ImageObject","inLanguage":"pt-BR","@id":"https:\/\/www.webquarto.com.br\/blog\/2021\/dicas-de-decoracao-para-sacadas-pequenas\/#primaryimage","url":"https:\/\/www.webquarto.com.br\/blog\/wp-content\/uploads\/2021\/08\/71E64291-9F79-402E-AA38-5628D4CD77DC.jpeg","contentUrl":"https:\/\/www.webquarto.com.br\/blog\/wp-content\/uploads\/2021\/08\/71E64291-9F79-402E-AA38-5628D4CD77DC.jpeg","width":564,"height":846},{"@type":"WebPage","@id":"https:\/\/www.webquarto.com.br\/blog\/2021\/dicas-de-decoracao-para-sacadas-pequenas\/#webpage","url":"https:\/\/www.webquarto.com.br\/blog\/2021\/dicas-de-decoracao-para-sacadas-pequenas\/","name":"Dicas de decora\u00e7\u00e3o para sacadas pequenas - WebQuarto","isPartOf":{"@id":"https:\/\/www.webquarto.com.br\/blog\/#website"},"primaryImageOfPage":{"@id":"https:\/\/www.webquarto.com.br\/blog\/2021\/dicas-de-decoracao-para-sacadas-pequenas\/#primaryimage"},"datePublished":"2021-08-10T20:13:06+00:00","dateModified":"2021-08-10T20:13:06+00:00","author":{"@id":"https:\/\/www.webquarto.com.br\/blog\/#\/schema\/person\/0f558b35d8e97b36d0172434cc91608f"},"description":"Voc\u00ea mora em apartamento e tem uma sacada pequena? Pensa at\u00e9 que n\u00e3o tem muita utilidade? Pois saiba que \u00e9 poss\u00edvel aproveitar esse cantinho sim.","breadcrumb":{"@id":"https:\/\/www.webquarto.com.br\/blog\/2021\/dicas-de-decoracao-para-sacadas-pequenas\/#breadcrumb"},"inLanguage":"pt-BR","potentialAction":[{"@type":"ReadAction","target":["https:\/\/www.webquarto.com.br\/blog\/2021\/dicas-de-decoracao-para-sacadas-pequenas\/"]}]},{"@type":"BreadcrumbList","@id":"https:\/\/www.webquarto.com.br\/blog\/2021\/dicas-de-decoracao-para-sacadas-pequenas\/#breadcrumb","itemListElement":[{"@type":"ListItem","position":1,"name":"In\u00edcio","item":"https:\/\/www.webquarto.com.br\/blog\/"},{"@type":"ListItem","position":2,"name":"Dicas de decora\u00e7\u00e3o para sacadas pequenas"}]},{"@type":"Person","@id":"https:\/\/www.webquarto.com.br\/blog\/#\/schema\/person\/0f558b35d8e97b36d0172434cc91608f","name":"Jo\u00e3o Brondi","image":{"@type":"ImageObject","inLanguage":"pt-BR","@id":"https:\/\/www.webquarto.com.br\/blog\/#\/schema\/person\/image\/","url":"https:\/\/secure.gravatar.com\/avatar\/1d30fb36d3734474e638bc2902ea7ffa?s=96&d=mm&r=g","contentUrl":"https:\/\/secure.gravatar.com\/avatar\/1d30fb36d3734474e638bc2902ea7ffa?s=96&d=mm&r=g","caption":"Jo\u00e3o Brondi"},"url":"https:\/\/www.webquarto.com.br\/blog\/author\/joao-pedro\/"}]}},"_links":{"self":[{"href":"https:\/\/www.webquarto.com.br\/blog\/wp-json\/wp\/v2\/posts\/1146"}],"collection":[{"href":"https:\/\/www.webquarto.com.br\/blog\/wp-json\/wp\/v2\/posts"}],"about":[{"href":"https:\/\/www.webquarto.com.br\/blog\/wp-json\/wp\/v2\/types\/post"}],"author":[{"embeddable":true,"href":"https:\/\/www.webquarto.com.br\/blog\/wp-json\/wp\/v2\/users\/3"}],"replies":[{"embeddable":true,"href":"https:\/\/www.webquarto.com.br\/blog\/wp-json\/wp\/v2\/comments?post=1146"}],"version-history":[{"count":1,"href":"https:\/\/www.webquarto.com.br\/blog\/wp-json\/wp\/v2\/posts\/1146\/revisions"}],"predecessor-version":[{"id":1148,"href":"https:\/\/www.webquarto.com.br\/blog\/wp-json\/wp\/v2\/posts\/1146\/revisions\/1148"}],"wp:featuredmedia":[{"embeddable":true,"href":"https:\/\/www.webquarto.com.br\/blog\/wp-json\/wp\/v2\/media\/1149"}],"wp:attachment":[{"href":"https:\/\/www.webquarto.com.br\/blog\/wp-json\/wp\/v2\/media?parent=1146"}],"wp:term":[{"taxonomy":"category","embeddable":true,"href":"https:\/\/www.webquarto.com.br\/blog\/wp-json\/wp\/v2\/categories?post=1146"},{"taxonomy":"post_tag","embeddable":true,"href":"https:\/\/www.webquarto.com.br\/blog\/wp-json\/wp\/v2\/tags?post=1146"}],"curies":[{"name":"wp","href":"https:\/\/api.w.org\/{rel}","templated":true}]}}