{"id":1166,"date":"2021-09-17T13:09:52","date_gmt":"2021-09-17T13:09:52","guid":{"rendered":"http:\/\/www.webquarto.com.br\/blog\/?p=1166"},"modified":"2021-09-17T13:09:52","modified_gmt":"2021-09-17T13:09:52","slug":"saiba-como-medir-o-potencial-de-valorizacao-do-seu-imovel","status":"publish","type":"post","link":"https:\/\/www.webquarto.com.br\/blog\/2021\/saiba-como-medir-o-potencial-de-valorizacao-do-seu-imovel\/","title":{"rendered":"Saiba como medir o potencial de valoriza\u00e7\u00e3o do seu im\u00f3vel"},"content":{"rendered":"<p align=\"justify\"><i>O seu im\u00f3vel pode valer mais do que voc\u00ea, saiba como medir a sua valoriza\u00e7\u00e3o!<\/i><\/p>\n<p align=\"justify\">A hora de anunciar um im\u00f3vel gera muitas d\u00favidas, j\u00e1 que \u00e9 um momento onde queremos ganhar dinheiro e n\u00e3o perder. Mas, durante este processo muitas pessoas acabam cometendo pequenos erros ocasionados pela pressa e falta de paci\u00eancia.<\/p>\n<p align=\"justify\">Por isso, tudo deve ser planejado e adaptado de forma correta, desde a pesquisa de valor para anunciar o im\u00f3vel at\u00e9 a limpeza e manuten\u00e7\u00f5es.<\/p>\n<p align=\"justify\">O valor do im\u00f3vel geralmente \u00e9 o item que mais gera incertezas, afinal s\u00e3o v\u00e1rios itens que ajudam a definir o valor certo.<\/p>\n<p align=\"justify\">Localiza\u00e7\u00e3o, bairro, centros comerciais, escolas, universidades, mercados e parques certamente ajudam muito na valoriza\u00e7\u00e3o da sua casa ou apartamento, s\u00e3o ideais para definir o potencial da sua metragem.<\/p>\n<p align=\"justify\">Mas, tudo isso precisa ser analisado e estudado para poder ganhar em vez de perder dinheiro com a venda da sua casa.<\/p>\n<p align=\"justify\">Para te ajudar neste momento t\u00e3o importante separamos algumas dicas que v\u00e3o ser fundamentais na hora de calcular o potencial valor do seu im\u00f3vel. Continue lendo o artigo e fique por dentro de todos os detalhes que certamente v\u00e3o ser ess\u00eancias neste momento.<\/p>\n<div><\/div>\n<h2 align=\"justify\"><b>Localiza\u00e7\u00e3o<\/b><\/h2>\n<p align=\"justify\">A localiza\u00e7\u00e3o do im\u00f3vel \u00e9 fundamental na hora de definir o valor potencial, afinal, quanto mais perto de centros comerciais, escolas, mercados e parques maior ser\u00e1 a valoriza\u00e7\u00e3o.<\/p>\n<p align=\"justify\">Para confirmar isto basta procurar por\u00a0<u><a href=\"https:\/\/www.chavesnamao.com.br\/terrenos-a-venda\/sp-sao-paulo\/\" target=\"_blank\" rel=\"noopener noreferrer\" data-saferedirecturl=\"https:\/\/www.google.com\/url?q=https:\/\/www.chavesnamao.com.br\/terrenos-a-venda\/sp-sao-paulo\/&amp;source=gmail&amp;ust=1631833964684000&amp;usg=AFQjCNGhLVzvusBamh7bL2eC015U3Q6-AQ\">terrenos \u00e0 venda<\/a><\/u>\u00a0para matar a sua curiosidade. Por isso, leve em considera\u00e7\u00e3o tudo isso na hora de realizar o c\u00e1lculo. Pesquise tudo que tem por perto, inclusive outros im\u00f3veis para ter uma no\u00e7\u00e3o dos pre\u00e7os da sua regi\u00e3o.<\/p>\n<p align=\"justify\">Aqui, \u00e9 importante realizar uma lista com todos os pontos positivos da localiza\u00e7\u00e3o. Por\u00e9m, os pontos negativos tamb\u00e9m precisam ser levados em considera\u00e7\u00e3o no c\u00e1lculo. Regi\u00f5es perigosas e com pouca seguran\u00e7a podem afetar no valor final.<\/p>\n<div><\/div>\n<h2 align=\"justify\"><b>Infraestrutura do im\u00f3vel<\/b><\/h2>\n<div><\/div>\n<p align=\"justify\">A infraestrutura certamente \u00e9 um dos principais itens neste momento, afinal, \u00e9 com base nela que vamos chegar a um valor justo e competitivo para o mercado imobili\u00e1rio.<\/p>\n<p align=\"justify\">Por isso, lembre-se, esse aspecto n\u00e3o pode ser descartado na hora de calcular o potencial de valoriza\u00e7\u00e3o de um apartamento ou casa.<\/p>\n<p align=\"justify\">Al\u00e9m da boa localiza\u00e7\u00e3o, como vimos anteriormente, a estrutura do im\u00f3vel pode fazer toda a diferen\u00e7a para atrair novos interessados. Invista neste momento para que no final tenha bons resultados.<\/p>\n<p align=\"justify\">\u00c9 importante entender que im\u00f3veis que possuem mais c\u00f4modos de lazer para a fam\u00edlia, banheiros extras para visitas, varanda com vista privilegiada da cidade e mais de uma vaga na garagem tendem a ser mais valorizados e consequentemente mais caros.<\/p>\n<p align=\"justify\">Na hora de anunciar lembre que a estrutura pode ajudar muito, afinal, h\u00e1 quem busque empreendimentos em bom estado. Tamb\u00e9m existem as pessoas que buscam locais mais pequenos, ent\u00e3o, n\u00e3o desanime!<\/p>\n<div><\/div>\n<h2 align=\"justify\"><b>Ilumina\u00e7\u00e3o<\/b><\/h2>\n<p align=\"justify\">Casas e\u00a0<u><a href=\"https:\/\/www.chavesnamao.com.br\/apartamentos-a-venda\/sp-sao-paulo\/\" target=\"_blank\" rel=\"noopener noreferrer\" data-saferedirecturl=\"https:\/\/www.google.com\/url?q=https:\/\/www.chavesnamao.com.br\/apartamentos-a-venda\/sp-sao-paulo\/&amp;source=gmail&amp;ust=1631833964684000&amp;usg=AFQjCNG1K7tuny4LNa7lHbJp83tkC0F6aQ\">apartamentos para vender<\/a>\u00a0<\/u>que possuem boa ilumina\u00e7\u00e3o natural tendem a ser mais valorizados. Afinal, todos est\u00e3o em busca de um ambiente claro e alegre.<\/p>\n<p align=\"justify\">Por isso, valorize esse ponto na hora de calcular o potencial valor. Al\u00e9m disso, procure tirar fotos em momentos de insist\u00eancia de luz para chamar a aten\u00e7\u00e3o dos consumidores.<\/p>\n<div><\/div>\n<h2 align=\"justify\"><b>Acabamentos de qualidade<\/b><\/h2>\n<div><\/div>\n<p align=\"justify\">Os acabamentos tamb\u00e9m s\u00e3o essenciais na hora de calcular o potencial valor do seu im\u00f3vel, eles podem ajudar a valorizar ou desvalorizar. Por isso, opte por materiais de boa qualidade de acabamentos, certamente no final valer\u00e1 muito a pena.<\/p>\n<p align=\"justify\"><span lang=\"pt-BR\">Tamb\u00e9m<\/span>, n\u00e3o tenha medo de investir neste irem, na hora da negocia\u00e7\u00e3o final pode ser o item decisivo. Pesquise os melhores materiais e compare pre\u00e7os, veja qual pode se adequar melhor ao seu im\u00f3vel. Consulte especialistas na \u00e1rea para que possam te ajudar nessa escolha.<\/p>\n<p align=\"justify\">Na hora de realizar o c\u00e1lculo do potencial valor do im\u00f3vel, tenha em vista tudo que foi investido em materiais e acabamentos de qualidade.<\/p>\n<p align=\"justify\">Coloque eles na somat\u00f3ria para saber o quanto foi valorizado, vai se surpreender! Al\u00e9m disso, tenha em mente os gastos com seguran\u00e7a e infraestrutura que foram adicionados para poder valorizar ainda mais o seu apartamento ou casa.<\/p>\n<p align=\"justify\">Feito isso, vamos entender a import\u00e2ncia de contratar um bom profissional para te auxiliar neste momento! Confira a seguir.<\/p>\n<p align=\"justify\">Feito isso, vamos analisar e entender com muito cuidado a import\u00e2ncia de contratar um bom profissional do setor imobili\u00e1rio, com experi\u00eancia e viv\u00eancia de mercado.<\/p>\n<p align=\"justify\">Com certeza vai te auxiliar neste momento para assim realizar o melhor neg\u00f3cio e n\u00e3o ter futuras dores de cabe\u00e7a desnecess\u00e1rias. Por isso, invista tamb\u00e9m neste irem. Confira a seguir todos os detalhes! Se poss\u00edvel anote os principais itens para n\u00e3o esquecer nada.<\/p>\n<div><\/div>\n<h2 align=\"justify\"><b>Documenta\u00e7\u00e3o em dia<\/b><\/h2>\n<p align=\"justify\">Al\u00e9m da localiza\u00e7\u00e3o e infraestrutura, a documenta\u00e7\u00e3o tamb\u00e9m possui um papel essencial neste momento. Vamos entender o motivo e saber com utilizar isso ao seu favor. Confira!<\/p>\n<p align=\"justify\">A documenta\u00e7\u00e3o do im\u00f3vel deve estar em dia, sem d\u00edvidas. Caso contr\u00e1rio, na hora de calcular o valor potencial do im\u00f3vel, a chance de ter um neg\u00f3cio mais vantajoso reduz drasticamente.<\/p>\n<p align=\"justify\">Aqui, \u00e9 de extrema import\u00e2ncia que as taxas e impostos estejam em dia, incluindo o IPTU. Tamb\u00e9m \u00e9 preciso lembrar que tudo deve estar devidamente organizado sem pend\u00eancias relacionadas a invent\u00e1rios e heran\u00e7a.<\/p>\n<p align=\"justify\">Neste momento, \u00e9 importante conversar com toda a fam\u00edlia para ter certeza que todas as pend\u00eancias foram resolvidas de forma correta. Al\u00e9m disso, se necess\u00e1rio, consulte um advogado que possa te ajudar com todos esses pap\u00e9is.<\/p>\n<div><\/div>\n<div><\/div>\n<h2 align=\"justify\"><b>Consulte um bom profissional<\/b><\/h2>\n<p align=\"justify\">Bom, ap\u00f3s ter entendido todos os itens que possuem mais relev\u00e2ncia, \u00e9 importante lembrar que neste momento os profissionais da \u00e1rea podem ser fundamentais.<\/p>\n<p align=\"justify\">Eles certamente v\u00e3o te passar dicas e uma boa an\u00e1lise de mercado da sua regi\u00e3o. Por isso, n\u00e3o deixe de consultar esses profissionais. O investimento meter item pode trazer retornos r\u00e1pidos e mais assertivos.<\/p>\n<p align=\"justify\">Gostou do artigo? Compartilhe com seus amigos e familiares em suas redes sociais, certamente vai ajudar muito eles no momento de calcular o potencial valor do seu im\u00f3vel. Continue lendo os nossos artigos e fique por dentro de todas as novidades sobre o setor imobili\u00e1rio<\/p>\n","protected":false},"excerpt":{"rendered":"<p>O seu im\u00f3vel pode valer mais do que voc\u00ea, saiba como medir a sua valoriza\u00e7\u00e3o! A hora de anunciar um im\u00f3vel gera muitas d\u00favidas, j\u00e1 que \u00e9 um momento onde queremos ganhar dinheiro e n\u00e3o perder. Mas, durante este processo muitas pessoas acabam cometendo pequenos erros ocasionados pela pressa e falta de paci\u00eancia. Por isso,<\/p>\n","protected":false},"author":3,"featured_media":1167,"comment_status":"open","ping_status":"open","sticky":false,"template":"","format":"standard","meta":{"_monsterinsights_skip_tracking":false,"_monsterinsights_sitenote_active":false,"_monsterinsights_sitenote_note":"","_monsterinsights_sitenote_category":0},"categories":[433],"tags":[434],"yoast_head":"<!-- This site is optimized with the Yoast SEO plugin v19.1 - https:\/\/yoast.com\/wordpress\/plugins\/seo\/ -->\n<title>Saiba como medir o potencial de valoriza\u00e7\u00e3o do seu im\u00f3vel - WebQuarto<\/title>\n<meta name=\"robots\" content=\"index, follow, max-snippet:-1, max-image-preview:large, max-video-preview:-1\" \/>\n<link rel=\"canonical\" href=\"https:\/\/www.webquarto.com.br\/blog\/2021\/saiba-como-medir-o-potencial-de-valorizacao-do-seu-imovel\/\" \/>\n<meta property=\"og:locale\" content=\"pt_BR\" \/>\n<meta property=\"og:type\" content=\"article\" \/>\n<meta property=\"og:title\" content=\"Saiba como medir o potencial de valoriza\u00e7\u00e3o do seu im\u00f3vel - WebQuarto\" \/>\n<meta property=\"og:description\" content=\"O seu im\u00f3vel pode valer mais do que voc\u00ea, saiba como medir a sua valoriza\u00e7\u00e3o! A hora de anunciar um im\u00f3vel gera muitas d\u00favidas, j\u00e1 que \u00e9 um momento onde queremos ganhar dinheiro e n\u00e3o perder. Mas, durante este processo muitas pessoas acabam cometendo pequenos erros ocasionados pela pressa e falta de paci\u00eancia. Por isso,\" \/>\n<meta property=\"og:url\" content=\"https:\/\/www.webquarto.com.br\/blog\/2021\/saiba-como-medir-o-potencial-de-valorizacao-do-seu-imovel\/\" \/>\n<meta property=\"og:site_name\" content=\"WebQuarto\" \/>\n<meta property=\"article:published_time\" content=\"2021-09-17T13:09:52+00:00\" \/>\n<meta property=\"og:image\" content=\"https:\/\/www.webquarto.com.br\/blog\/wp-content\/uploads\/2021\/09\/Imagem-Web-Quartos.jpg\" \/>\n\t<meta property=\"og:image:width\" content=\"940\" \/>\n\t<meta property=\"og:image:height\" content=\"624\" \/>\n\t<meta property=\"og:image:type\" content=\"image\/jpeg\" \/>\n<meta name=\"twitter:label1\" content=\"Escrito por\" \/>\n\t<meta name=\"twitter:data1\" content=\"Jo\u00e3o Brondi\" \/>\n\t<meta name=\"twitter:label2\" content=\"Est. tempo de leitura\" \/>\n\t<meta name=\"twitter:data2\" content=\"5 minutos\" \/>\n<script type=\"application\/ld+json\" class=\"yoast-schema-graph\">{\"@context\":\"https:\/\/schema.org\",\"@graph\":[{\"@type\":\"WebSite\",\"@id\":\"https:\/\/www.webquarto.com.br\/blog\/#website\",\"url\":\"https:\/\/www.webquarto.com.br\/blog\/\",\"name\":\"WebQuarto\",\"description\":\"Encontre quartos e apartamentos para dividir em todo o Brasil!\",\"potentialAction\":[{\"@type\":\"SearchAction\",\"target\":{\"@type\":\"EntryPoint\",\"urlTemplate\":\"https:\/\/www.webquarto.com.br\/blog\/?s={search_term_string}\"},\"query-input\":\"required name=search_term_string\"}],\"inLanguage\":\"pt-BR\"},{\"@type\":\"ImageObject\",\"inLanguage\":\"pt-BR\",\"@id\":\"https:\/\/www.webquarto.com.br\/blog\/2021\/saiba-como-medir-o-potencial-de-valorizacao-do-seu-imovel\/#primaryimage\",\"url\":\"https:\/\/www.webquarto.com.br\/blog\/wp-content\/uploads\/2021\/09\/Imagem-Web-Quartos.jpg\",\"contentUrl\":\"https:\/\/www.webquarto.com.br\/blog\/wp-content\/uploads\/2021\/09\/Imagem-Web-Quartos.jpg\",\"width\":940,\"height\":624,\"caption\":\"valoriza\u00e7\u00e3o do seu im\u00f3vel\"},{\"@type\":\"WebPage\",\"@id\":\"https:\/\/www.webquarto.com.br\/blog\/2021\/saiba-como-medir-o-potencial-de-valorizacao-do-seu-imovel\/#webpage\",\"url\":\"https:\/\/www.webquarto.com.br\/blog\/2021\/saiba-como-medir-o-potencial-de-valorizacao-do-seu-imovel\/\",\"name\":\"Saiba como medir o potencial de valoriza\u00e7\u00e3o do seu im\u00f3vel - WebQuarto\",\"isPartOf\":{\"@id\":\"https:\/\/www.webquarto.com.br\/blog\/#website\"},\"primaryImageOfPage\":{\"@id\":\"https:\/\/www.webquarto.com.br\/blog\/2021\/saiba-como-medir-o-potencial-de-valorizacao-do-seu-imovel\/#primaryimage\"},\"datePublished\":\"2021-09-17T13:09:52+00:00\",\"dateModified\":\"2021-09-17T13:09:52+00:00\",\"author\":{\"@id\":\"https:\/\/www.webquarto.com.br\/blog\/#\/schema\/person\/0f558b35d8e97b36d0172434cc91608f\"},\"breadcrumb\":{\"@id\":\"https:\/\/www.webquarto.com.br\/blog\/2021\/saiba-como-medir-o-potencial-de-valorizacao-do-seu-imovel\/#breadcrumb\"},\"inLanguage\":\"pt-BR\",\"potentialAction\":[{\"@type\":\"ReadAction\",\"target\":[\"https:\/\/www.webquarto.com.br\/blog\/2021\/saiba-como-medir-o-potencial-de-valorizacao-do-seu-imovel\/\"]}]},{\"@type\":\"BreadcrumbList\",\"@id\":\"https:\/\/www.webquarto.com.br\/blog\/2021\/saiba-como-medir-o-potencial-de-valorizacao-do-seu-imovel\/#breadcrumb\",\"itemListElement\":[{\"@type\":\"ListItem\",\"position\":1,\"name\":\"In\u00edcio\",\"item\":\"https:\/\/www.webquarto.com.br\/blog\/\"},{\"@type\":\"ListItem\",\"position\":2,\"name\":\"Saiba como medir o potencial de valoriza\u00e7\u00e3o do seu im\u00f3vel\"}]},{\"@type\":\"Person\",\"@id\":\"https:\/\/www.webquarto.com.br\/blog\/#\/schema\/person\/0f558b35d8e97b36d0172434cc91608f\",\"name\":\"Jo\u00e3o Brondi\",\"image\":{\"@type\":\"ImageObject\",\"inLanguage\":\"pt-BR\",\"@id\":\"https:\/\/www.webquarto.com.br\/blog\/#\/schema\/person\/image\/\",\"url\":\"https:\/\/secure.gravatar.com\/avatar\/1d30fb36d3734474e638bc2902ea7ffa?s=96&d=mm&r=g\",\"contentUrl\":\"https:\/\/secure.gravatar.com\/avatar\/1d30fb36d3734474e638bc2902ea7ffa?s=96&d=mm&r=g\",\"caption\":\"Jo\u00e3o Brondi\"},\"url\":\"https:\/\/www.webquarto.com.br\/blog\/author\/joao-pedro\/\"}]}<\/script>\n<!-- \/ Yoast SEO plugin. -->","yoast_head_json":{"title":"Saiba como medir o potencial de valoriza\u00e7\u00e3o do seu im\u00f3vel - WebQuarto","robots":{"index":"index","follow":"follow","max-snippet":"max-snippet:-1","max-image-preview":"max-image-preview:large","max-video-preview":"max-video-preview:-1"},"canonical":"https:\/\/www.webquarto.com.br\/blog\/2021\/saiba-como-medir-o-potencial-de-valorizacao-do-seu-imovel\/","og_locale":"pt_BR","og_type":"article","og_title":"Saiba como medir o potencial de valoriza\u00e7\u00e3o do seu im\u00f3vel - WebQuarto","og_description":"O seu im\u00f3vel pode valer mais do que voc\u00ea, saiba como medir a sua valoriza\u00e7\u00e3o! A hora de anunciar um im\u00f3vel gera muitas d\u00favidas, j\u00e1 que \u00e9 um momento onde queremos ganhar dinheiro e n\u00e3o perder. Mas, durante este processo muitas pessoas acabam cometendo pequenos erros ocasionados pela pressa e falta de paci\u00eancia. Por isso,","og_url":"https:\/\/www.webquarto.com.br\/blog\/2021\/saiba-como-medir-o-potencial-de-valorizacao-do-seu-imovel\/","og_site_name":"WebQuarto","article_published_time":"2021-09-17T13:09:52+00:00","og_image":[{"width":940,"height":624,"url":"https:\/\/www.webquarto.com.br\/blog\/wp-content\/uploads\/2021\/09\/Imagem-Web-Quartos.jpg","type":"image\/jpeg"}],"twitter_misc":{"Escrito por":"Jo\u00e3o Brondi","Est. tempo de leitura":"5 minutos"},"schema":{"@context":"https:\/\/schema.org","@graph":[{"@type":"WebSite","@id":"https:\/\/www.webquarto.com.br\/blog\/#website","url":"https:\/\/www.webquarto.com.br\/blog\/","name":"WebQuarto","description":"Encontre quartos e apartamentos para dividir em todo o Brasil!","potentialAction":[{"@type":"SearchAction","target":{"@type":"EntryPoint","urlTemplate":"https:\/\/www.webquarto.com.br\/blog\/?s={search_term_string}"},"query-input":"required name=search_term_string"}],"inLanguage":"pt-BR"},{"@type":"ImageObject","inLanguage":"pt-BR","@id":"https:\/\/www.webquarto.com.br\/blog\/2021\/saiba-como-medir-o-potencial-de-valorizacao-do-seu-imovel\/#primaryimage","url":"https:\/\/www.webquarto.com.br\/blog\/wp-content\/uploads\/2021\/09\/Imagem-Web-Quartos.jpg","contentUrl":"https:\/\/www.webquarto.com.br\/blog\/wp-content\/uploads\/2021\/09\/Imagem-Web-Quartos.jpg","width":940,"height":624,"caption":"valoriza\u00e7\u00e3o do seu im\u00f3vel"},{"@type":"WebPage","@id":"https:\/\/www.webquarto.com.br\/blog\/2021\/saiba-como-medir-o-potencial-de-valorizacao-do-seu-imovel\/#webpage","url":"https:\/\/www.webquarto.com.br\/blog\/2021\/saiba-como-medir-o-potencial-de-valorizacao-do-seu-imovel\/","name":"Saiba como medir o potencial de valoriza\u00e7\u00e3o do seu im\u00f3vel - WebQuarto","isPartOf":{"@id":"https:\/\/www.webquarto.com.br\/blog\/#website"},"primaryImageOfPage":{"@id":"https:\/\/www.webquarto.com.br\/blog\/2021\/saiba-como-medir-o-potencial-de-valorizacao-do-seu-imovel\/#primaryimage"},"datePublished":"2021-09-17T13:09:52+00:00","dateModified":"2021-09-17T13:09:52+00:00","author":{"@id":"https:\/\/www.webquarto.com.br\/blog\/#\/schema\/person\/0f558b35d8e97b36d0172434cc91608f"},"breadcrumb":{"@id":"https:\/\/www.webquarto.com.br\/blog\/2021\/saiba-como-medir-o-potencial-de-valorizacao-do-seu-imovel\/#breadcrumb"},"inLanguage":"pt-BR","potentialAction":[{"@type":"ReadAction","target":["https:\/\/www.webquarto.com.br\/blog\/2021\/saiba-como-medir-o-potencial-de-valorizacao-do-seu-imovel\/"]}]},{"@type":"BreadcrumbList","@id":"https:\/\/www.webquarto.com.br\/blog\/2021\/saiba-como-medir-o-potencial-de-valorizacao-do-seu-imovel\/#breadcrumb","itemListElement":[{"@type":"ListItem","position":1,"name":"In\u00edcio","item":"https:\/\/www.webquarto.com.br\/blog\/"},{"@type":"ListItem","position":2,"name":"Saiba como medir o potencial de valoriza\u00e7\u00e3o do seu im\u00f3vel"}]},{"@type":"Person","@id":"https:\/\/www.webquarto.com.br\/blog\/#\/schema\/person\/0f558b35d8e97b36d0172434cc91608f","name":"Jo\u00e3o Brondi","image":{"@type":"ImageObject","inLanguage":"pt-BR","@id":"https:\/\/www.webquarto.com.br\/blog\/#\/schema\/person\/image\/","url":"https:\/\/secure.gravatar.com\/avatar\/1d30fb36d3734474e638bc2902ea7ffa?s=96&d=mm&r=g","contentUrl":"https:\/\/secure.gravatar.com\/avatar\/1d30fb36d3734474e638bc2902ea7ffa?s=96&d=mm&r=g","caption":"Jo\u00e3o Brondi"},"url":"https:\/\/www.webquarto.com.br\/blog\/author\/joao-pedro\/"}]}},"_links":{"self":[{"href":"https:\/\/www.webquarto.com.br\/blog\/wp-json\/wp\/v2\/posts\/1166"}],"collection":[{"href":"https:\/\/www.webquarto.com.br\/blog\/wp-json\/wp\/v2\/posts"}],"about":[{"href":"https:\/\/www.webquarto.com.br\/blog\/wp-json\/wp\/v2\/types\/post"}],"author":[{"embeddable":true,"href":"https:\/\/www.webquarto.com.br\/blog\/wp-json\/wp\/v2\/users\/3"}],"replies":[{"embeddable":true,"href":"https:\/\/www.webquarto.com.br\/blog\/wp-json\/wp\/v2\/comments?post=1166"}],"version-history":[{"count":1,"href":"https:\/\/www.webquarto.com.br\/blog\/wp-json\/wp\/v2\/posts\/1166\/revisions"}],"predecessor-version":[{"id":1168,"href":"https:\/\/www.webquarto.com.br\/blog\/wp-json\/wp\/v2\/posts\/1166\/revisions\/1168"}],"wp:featuredmedia":[{"embeddable":true,"href":"https:\/\/www.webquarto.com.br\/blog\/wp-json\/wp\/v2\/media\/1167"}],"wp:attachment":[{"href":"https:\/\/www.webquarto.com.br\/blog\/wp-json\/wp\/v2\/media?parent=1166"}],"wp:term":[{"taxonomy":"category","embeddable":true,"href":"https:\/\/www.webquarto.com.br\/blog\/wp-json\/wp\/v2\/categories?post=1166"},{"taxonomy":"post_tag","embeddable":true,"href":"https:\/\/www.webquarto.com.br\/blog\/wp-json\/wp\/v2\/tags?post=1166"}],"curies":[{"name":"wp","href":"https:\/\/api.w.org\/{rel}","templated":true}]}}