{"id":1269,"date":"2021-12-13T18:58:40","date_gmt":"2021-12-13T18:58:40","guid":{"rendered":"http:\/\/www.webquarto.com.br\/blog\/?p=1269"},"modified":"2021-12-13T18:58:40","modified_gmt":"2021-12-13T18:58:40","slug":"faca-voce-mesmo-sua-decoracao-de-natal","status":"publish","type":"post","link":"https:\/\/www.webquarto.com.br\/blog\/2021\/faca-voce-mesmo-sua-decoracao-de-natal\/","title":{"rendered":"Fa\u00e7a voc\u00ea mesmo sua decora\u00e7\u00e3o de natal"},"content":{"rendered":"<p>\u00c9 claro que o natal \u00e9 muito mais do que decora\u00e7\u00e3o e presentes, mas n\u00e3o h\u00e1 quem n\u00e3o ame uma linda decora\u00e7\u00e3o natalina. As luzes, cores e cheiros que nos lembram as festas de fim de ano, nos fazem entrar mais ainda no clima natalino. E voc\u00ea mesmo pode fazer sua decora\u00e7\u00e3o natalina gastando muito pouco. Confira as dicas!<\/p>\n<h2>Enfeites com EVA<\/h2>\n<p>Se voc\u00ea gosta de artesanato j\u00e1 deve conhecer muito bem o EVA, al\u00e9m de ser um material barato, ele \u00e9 muito vers\u00e1til, voc\u00ea pode criar in\u00fameras decora\u00e7\u00f5es natalinas com ele. O EVA \u00e9 uma espuma sint\u00e9tica que pode ser encontrado nas mais diversas cores e espessuras, permitindo que voc\u00ea use toda sua criatividade na hora da cria\u00e7\u00e3o. As op\u00e7\u00f5es s\u00e3o in\u00fameras, desde enfeites para \u00e1rvore de natal, at\u00e9 guirlandas.<\/p>\n<p>Voc\u00ea pode comprar EVA com glitter e imprimir alguns moldes na internet, como essa linda rena, ou fazer alguns papais noeis como o sugerido abaixo, al\u00e9m de ser um lindo enfeite para sua \u00e1rvore de natal, \u00e9 f\u00e1cil e barato de se fazer.<\/p>\n<h2><a href=\"http:\/\/www.webquarto.com.br\/blog\/wp-content\/uploads\/2021\/12\/Rena-de-EVA.jpeg\"><img loading=\"lazy\" class=\"alignnone size-medium wp-image-1274\" src=\"http:\/\/www.webquarto.com.br\/blog\/wp-content\/uploads\/2021\/12\/Rena-de-EVA-203x300.jpeg\" alt=\"\" width=\"203\" height=\"300\" srcset=\"https:\/\/www.webquarto.com.br\/blog\/wp-content\/uploads\/2021\/12\/Rena-de-EVA-203x300.jpeg 203w, https:\/\/www.webquarto.com.br\/blog\/wp-content\/uploads\/2021\/12\/Rena-de-EVA.jpeg 595w, https:\/\/www.webquarto.com.br\/blog\/wp-content\/uploads\/2021\/12\/Rena-de-EVA-203x300@2x.jpeg 406w\" sizes=\"(max-width: 203px) 100vw, 203px\" \/><\/a><a href=\"http:\/\/www.webquarto.com.br\/blog\/wp-content\/uploads\/2021\/12\/Papai-noel-de-EVA.jpeg\"><img loading=\"lazy\" class=\"alignnone size-medium wp-image-1275\" src=\"http:\/\/www.webquarto.com.br\/blog\/wp-content\/uploads\/2021\/12\/Papai-noel-de-EVA-278x300.jpeg\" alt=\"\" width=\"278\" height=\"300\" srcset=\"https:\/\/www.webquarto.com.br\/blog\/wp-content\/uploads\/2021\/12\/Papai-noel-de-EVA-278x300.jpeg 278w, https:\/\/www.webquarto.com.br\/blog\/wp-content\/uploads\/2021\/12\/Papai-noel-de-EVA.jpeg 592w, https:\/\/www.webquarto.com.br\/blog\/wp-content\/uploads\/2021\/12\/Papai-noel-de-EVA-278x300@2x.jpeg 556w\" sizes=\"(max-width: 278px) 100vw, 278px\" \/><\/a>Velas decoradas<\/h2>\n<p>As velas al\u00e9m de serem lindos objetos decorativos, tem tudo a ver com o natal. Voc\u00ea pode comprar velas simples e decor\u00e1-las como quiser. Uma ideia para decorar suas velas \u00e9 usando fitas de diferentes cores e faixas de juta, amarradas com ramos de alecrim ou folhas secas, para finalizar voc\u00ea pode juntar algumas pinhas naturais para dar o charme final, pronto, sua decora\u00e7\u00e3o est\u00e1 pronta, simples e linda.<\/p>\n<h2><a href=\"http:\/\/www.webquarto.com.br\/blog\/wp-content\/uploads\/2021\/12\/Velas-com-canela.jpeg\"><img loading=\"lazy\" class=\"alignnone size-medium wp-image-1276\" src=\"http:\/\/www.webquarto.com.br\/blog\/wp-content\/uploads\/2021\/12\/Velas-com-canela-300x300.jpeg\" alt=\"\" width=\"300\" height=\"300\" srcset=\"https:\/\/www.webquarto.com.br\/blog\/wp-content\/uploads\/2021\/12\/Velas-com-canela-150x150@2x.jpeg 300w, https:\/\/www.webquarto.com.br\/blog\/wp-content\/uploads\/2021\/12\/Velas-com-canela-150x150.jpeg 150w, https:\/\/www.webquarto.com.br\/blog\/wp-content\/uploads\/2021\/12\/Velas-com-canela-370x370.jpeg 370w, https:\/\/www.webquarto.com.br\/blog\/wp-content\/uploads\/2021\/12\/Velas-com-canela.jpeg 600w\" sizes=\"(max-width: 300px) 100vw, 300px\" \/><\/a><a href=\"http:\/\/www.webquarto.com.br\/blog\/wp-content\/uploads\/2021\/12\/Velas-com-fitas.jpeg\"><img loading=\"lazy\" class=\"alignnone size-medium wp-image-1277\" src=\"http:\/\/www.webquarto.com.br\/blog\/wp-content\/uploads\/2021\/12\/Velas-com-fitas-300x300.jpeg\" alt=\"\" width=\"300\" height=\"300\" srcset=\"https:\/\/www.webquarto.com.br\/blog\/wp-content\/uploads\/2021\/12\/Velas-com-fitas-150x150@2x.jpeg 300w, https:\/\/www.webquarto.com.br\/blog\/wp-content\/uploads\/2021\/12\/Velas-com-fitas-150x150.jpeg 150w, https:\/\/www.webquarto.com.br\/blog\/wp-content\/uploads\/2021\/12\/Velas-com-fitas-370x370.jpeg 370w, https:\/\/www.webquarto.com.br\/blog\/wp-content\/uploads\/2021\/12\/Velas-com-fitas.jpeg 500w\" sizes=\"(max-width: 300px) 100vw, 300px\" \/><\/a><a href=\"http:\/\/www.webquarto.com.br\/blog\/wp-content\/uploads\/2021\/12\/Velas-com-bolinhas.jpeg\"><img loading=\"lazy\" class=\"alignnone size-medium wp-image-1278\" src=\"http:\/\/www.webquarto.com.br\/blog\/wp-content\/uploads\/2021\/12\/Velas-com-bolinhas-244x300.jpeg\" alt=\"\" width=\"244\" height=\"300\" srcset=\"https:\/\/www.webquarto.com.br\/blog\/wp-content\/uploads\/2021\/12\/Velas-com-bolinhas-244x300.jpeg 244w, https:\/\/www.webquarto.com.br\/blog\/wp-content\/uploads\/2021\/12\/Velas-com-bolinhas.jpeg 750w, https:\/\/www.webquarto.com.br\/blog\/wp-content\/uploads\/2021\/12\/Velas-com-bolinhas-244x300@2x.jpeg 488w\" sizes=\"(max-width: 244px) 100vw, 244px\" \/><\/a>Garrafas decoradas<\/h2>\n<p>Uma \u00f3tima op\u00e7\u00e3o para enfeitar a mesa de jantar s\u00e3o as garrafas decoradas. As garrafas transparentes s\u00e3o \u00f3timas para esse tipo de decora\u00e7\u00e3o. Voc\u00ea pode colocar dentro galhos, sementes, velas, bolinhas de isopor para imitar neve e o que mais sua criatividade quiser.<\/p>\n<h2><a href=\"http:\/\/www.webquarto.com.br\/blog\/wp-content\/uploads\/2021\/12\/Velas-em-garrafas.jpeg\"><img loading=\"lazy\" class=\"alignnone size-medium wp-image-1279\" src=\"http:\/\/www.webquarto.com.br\/blog\/wp-content\/uploads\/2021\/12\/Velas-em-garrafas-201x300.jpeg\" alt=\"\" width=\"201\" height=\"300\" srcset=\"https:\/\/www.webquarto.com.br\/blog\/wp-content\/uploads\/2021\/12\/Velas-em-garrafas-201x300.jpeg 201w, https:\/\/www.webquarto.com.br\/blog\/wp-content\/uploads\/2021\/12\/Velas-em-garrafas.jpeg 401w, https:\/\/www.webquarto.com.br\/blog\/wp-content\/uploads\/2021\/12\/Velas-em-garrafas-201x300@2x.jpeg 402w\" sizes=\"(max-width: 201px) 100vw, 201px\" \/><\/a>\u00c1rvore de natal na parede<\/h2>\n<p>Essa \u00e9 para quem n\u00e3o tem muito espa\u00e7o em casa, voc\u00ea pode fazer o formato das \u00e1rvores de natal na parede, pode ser feita com pisca-pisca, com os pr\u00f3prios enfeites d\u00e1 \u00e1rvore, com adesivos, use toda sua criatividade na hora de criar sua \u00e1rvore.<\/p>\n<h2><a href=\"http:\/\/www.webquarto.com.br\/blog\/wp-content\/uploads\/2021\/12\/\u00c1rvore-de-parede-1.jpeg\"><img loading=\"lazy\" class=\"alignnone size-medium wp-image-1280\" src=\"http:\/\/www.webquarto.com.br\/blog\/wp-content\/uploads\/2021\/12\/\u00c1rvore-de-parede-1-211x300.jpeg\" alt=\"\" width=\"211\" height=\"300\" srcset=\"https:\/\/www.webquarto.com.br\/blog\/wp-content\/uploads\/2021\/12\/\u00c1rvore-de-parede-1-211x300.jpeg 211w, https:\/\/www.webquarto.com.br\/blog\/wp-content\/uploads\/2021\/12\/\u00c1rvore-de-parede-1-721x1024.jpeg 721w, https:\/\/www.webquarto.com.br\/blog\/wp-content\/uploads\/2021\/12\/\u00c1rvore-de-parede-1.jpeg 736w, https:\/\/www.webquarto.com.br\/blog\/wp-content\/uploads\/2021\/12\/\u00c1rvore-de-parede-1-211x300@2x.jpeg 422w\" sizes=\"(max-width: 211px) 100vw, 211px\" \/><\/a><a href=\"http:\/\/www.webquarto.com.br\/blog\/wp-content\/uploads\/2021\/12\/\u00c1rvore-de-parede-2.jpeg\"><img loading=\"lazy\" class=\"alignnone size-medium wp-image-1281\" src=\"http:\/\/www.webquarto.com.br\/blog\/wp-content\/uploads\/2021\/12\/\u00c1rvore-de-parede-2-167x300.jpeg\" alt=\"\" width=\"167\" height=\"300\" srcset=\"https:\/\/www.webquarto.com.br\/blog\/wp-content\/uploads\/2021\/12\/\u00c1rvore-de-parede-2-167x300.jpeg 167w, https:\/\/www.webquarto.com.br\/blog\/wp-content\/uploads\/2021\/12\/\u00c1rvore-de-parede-2.jpeg 564w, https:\/\/www.webquarto.com.br\/blog\/wp-content\/uploads\/2021\/12\/\u00c1rvore-de-parede-2-167x300@2x.jpeg 334w\" sizes=\"(max-width: 167px) 100vw, 167px\" \/><\/a>\u00c1rvore natural<\/h2>\n<p>Para quem quer algo mais simples e f\u00e1cil de fazer \u00e9 s\u00f3 comprar uma \u00e1rvore natural e colocar alguns enfeites, se quiser voc\u00ea pode fazer a base da \u00e1rvore com tecido ou saco de papel.<\/p>\n<h2><a href=\"http:\/\/www.webquarto.com.br\/blog\/wp-content\/uploads\/2021\/12\/\u00c1rvore-natural-1.jpeg\"><img loading=\"lazy\" class=\"alignnone size-medium wp-image-1282\" src=\"http:\/\/www.webquarto.com.br\/blog\/wp-content\/uploads\/2021\/12\/\u00c1rvore-natural-1-219x300.jpeg\" alt=\"\" width=\"219\" height=\"300\" srcset=\"https:\/\/www.webquarto.com.br\/blog\/wp-content\/uploads\/2021\/12\/\u00c1rvore-natural-1-219x300.jpeg 219w, https:\/\/www.webquarto.com.br\/blog\/wp-content\/uploads\/2021\/12\/\u00c1rvore-natural-1.jpeg 620w, https:\/\/www.webquarto.com.br\/blog\/wp-content\/uploads\/2021\/12\/\u00c1rvore-natural-1-219x300@2x.jpeg 438w\" sizes=\"(max-width: 219px) 100vw, 219px\" \/><\/a><a href=\"http:\/\/www.webquarto.com.br\/blog\/wp-content\/uploads\/2021\/12\/\u00c1rvore-natural-2.jpeg\"><img loading=\"lazy\" class=\"alignnone size-medium wp-image-1283\" src=\"http:\/\/www.webquarto.com.br\/blog\/wp-content\/uploads\/2021\/12\/\u00c1rvore-natural-2-214x300.jpeg\" alt=\"\" width=\"214\" height=\"300\" srcset=\"https:\/\/www.webquarto.com.br\/blog\/wp-content\/uploads\/2021\/12\/\u00c1rvore-natural-2-214x300.jpeg 214w, https:\/\/www.webquarto.com.br\/blog\/wp-content\/uploads\/2021\/12\/\u00c1rvore-natural-2-730x1024.jpeg 730w, https:\/\/www.webquarto.com.br\/blog\/wp-content\/uploads\/2021\/12\/\u00c1rvore-natural-2.jpeg 749w, https:\/\/www.webquarto.com.br\/blog\/wp-content\/uploads\/2021\/12\/\u00c1rvore-natural-2-214x300@2x.jpeg 428w\" sizes=\"(max-width: 214px) 100vw, 214px\" \/><\/a>Vaso de flores em formato de papai noel<\/h2>\n<p>Todo mundo sabe que o papai noel \u00e9 uma das figuras que mais representam o natal, sendo assim, ele n\u00e3o poderia ficar de fora da decora\u00e7\u00e3o. Uma dica diferente que sugerimos, \u00e9 voc\u00ea cirar vasos de flores imitando a roupa do velhinho mais querido do final de ano, al\u00e9m de uma decora\u00e7\u00e3o charmosa, \u00e9 muito criativa.<\/p>\n<p><a href=\"http:\/\/www.webquarto.com.br\/blog\/wp-content\/uploads\/2021\/12\/Vaso-papai-noel-1.jpeg\"><img loading=\"lazy\" class=\"alignnone size-medium wp-image-1284\" src=\"http:\/\/www.webquarto.com.br\/blog\/wp-content\/uploads\/2021\/12\/Vaso-papai-noel-1-225x300.jpeg\" alt=\"\" width=\"225\" height=\"300\" srcset=\"https:\/\/www.webquarto.com.br\/blog\/wp-content\/uploads\/2021\/12\/Vaso-papai-noel-1-225x300.jpeg 225w, https:\/\/www.webquarto.com.br\/blog\/wp-content\/uploads\/2021\/12\/Vaso-papai-noel-1.jpeg 750w, https:\/\/www.webquarto.com.br\/blog\/wp-content\/uploads\/2021\/12\/Vaso-papai-noel-1-225x300@2x.jpeg 450w\" sizes=\"(max-width: 225px) 100vw, 225px\" \/><\/a><a href=\"http:\/\/www.webquarto.com.br\/blog\/wp-content\/uploads\/2021\/12\/Vaso-papi-noel-2.jpeg\"><img loading=\"lazy\" class=\"alignnone size-medium wp-image-1285\" src=\"http:\/\/www.webquarto.com.br\/blog\/wp-content\/uploads\/2021\/12\/Vaso-papi-noel-2-224x300.jpeg\" alt=\"\" width=\"224\" height=\"300\" srcset=\"https:\/\/www.webquarto.com.br\/blog\/wp-content\/uploads\/2021\/12\/Vaso-papi-noel-2-224x300.jpeg 224w, https:\/\/www.webquarto.com.br\/blog\/wp-content\/uploads\/2021\/12\/Vaso-papi-noel-2.jpeg 600w, https:\/\/www.webquarto.com.br\/blog\/wp-content\/uploads\/2021\/12\/Vaso-papi-noel-2-224x300@2x.jpeg 448w\" sizes=\"(max-width: 224px) 100vw, 224px\" \/><\/a><a href=\"http:\/\/www.webquarto.com.br\/blog\/wp-content\/uploads\/2021\/12\/Vaso-papai-noel-3.jpeg\"><img loading=\"lazy\" class=\"alignnone size-medium wp-image-1286\" src=\"http:\/\/www.webquarto.com.br\/blog\/wp-content\/uploads\/2021\/12\/Vaso-papai-noel-3-297x300.jpeg\" alt=\"\" width=\"297\" height=\"300\" srcset=\"https:\/\/www.webquarto.com.br\/blog\/wp-content\/uploads\/2021\/12\/Vaso-papai-noel-3-297x300.jpeg 297w, https:\/\/www.webquarto.com.br\/blog\/wp-content\/uploads\/2021\/12\/Vaso-papai-noel-3.jpeg 564w\" sizes=\"(max-width: 297px) 100vw, 297px\" \/><\/a><strong>Esperamos que voc\u00ea tenha gostado das dicas e que aproveite muito o natal ao lado de quem voc\u00ea ama! Boas festas!<\/strong><\/p>\n<p>&nbsp;<\/p>\n","protected":false},"excerpt":{"rendered":"<p>\u00c9 claro que o natal \u00e9 muito mais do que decora\u00e7\u00e3o e presentes, mas n\u00e3o h\u00e1 quem n\u00e3o ame uma linda decora\u00e7\u00e3o natalina. As luzes, cores e cheiros que nos lembram as festas de fim de ano, nos fazem entrar mais ainda no clima natalino. E voc\u00ea mesmo pode fazer sua decora\u00e7\u00e3o natalina gastando muito<\/p>\n","protected":false},"author":3,"featured_media":1289,"comment_status":"open","ping_status":"open","sticky":false,"template":"","format":"standard","meta":{"_monsterinsights_skip_tracking":false,"_monsterinsights_sitenote_active":false,"_monsterinsights_sitenote_note":"","_monsterinsights_sitenote_category":0},"categories":[487],"tags":[486],"yoast_head":"<!-- This site is optimized with the Yoast SEO plugin v19.1 - https:\/\/yoast.com\/wordpress\/plugins\/seo\/ -->\n<title>Fa\u00e7a voc\u00ea mesmo sua decora\u00e7\u00e3o de natal - WebQuarto<\/title>\n<meta name=\"description\" content=\"\u00c9 claro que o natal \u00e9 muito mais do que decora\u00e7\u00e3o e presentes, mas n\u00e3o h\u00e1 quem n\u00e3o ame uma linda decora\u00e7\u00e3o natalina, n\u00e3o \u00e9 mesmo?\" \/>\n<meta name=\"robots\" content=\"index, follow, max-snippet:-1, max-image-preview:large, max-video-preview:-1\" \/>\n<link rel=\"canonical\" href=\"https:\/\/www.webquarto.com.br\/blog\/2021\/faca-voce-mesmo-sua-decoracao-de-natal\/\" \/>\n<meta property=\"og:locale\" content=\"pt_BR\" \/>\n<meta property=\"og:type\" content=\"article\" \/>\n<meta property=\"og:title\" content=\"Fa\u00e7a voc\u00ea mesmo sua decora\u00e7\u00e3o de natal - WebQuarto\" \/>\n<meta property=\"og:description\" content=\"\u00c9 claro que o natal \u00e9 muito mais do que decora\u00e7\u00e3o e presentes, mas n\u00e3o h\u00e1 quem n\u00e3o ame uma linda decora\u00e7\u00e3o natalina, n\u00e3o \u00e9 mesmo?\" \/>\n<meta property=\"og:url\" content=\"https:\/\/www.webquarto.com.br\/blog\/2021\/faca-voce-mesmo-sua-decoracao-de-natal\/\" \/>\n<meta property=\"og:site_name\" content=\"WebQuarto\" \/>\n<meta property=\"article:published_time\" content=\"2021-12-13T18:58:40+00:00\" \/>\n<meta property=\"og:image\" content=\"https:\/\/www.webquarto.com.br\/blog\/wp-content\/uploads\/2021\/12\/Imagem-de-capa-2.jpeg\" \/>\n\t<meta property=\"og:image:width\" content=\"750\" \/>\n\t<meta property=\"og:image:height\" content=\"1333\" \/>\n\t<meta property=\"og:image:type\" content=\"image\/jpeg\" \/>\n<meta name=\"twitter:label1\" content=\"Escrito por\" \/>\n\t<meta name=\"twitter:data1\" content=\"Jo\u00e3o Brondi\" \/>\n\t<meta name=\"twitter:label2\" content=\"Est. tempo de leitura\" \/>\n\t<meta name=\"twitter:data2\" content=\"2 minutos\" \/>\n<script type=\"application\/ld+json\" class=\"yoast-schema-graph\">{\"@context\":\"https:\/\/schema.org\",\"@graph\":[{\"@type\":\"WebSite\",\"@id\":\"https:\/\/www.webquarto.com.br\/blog\/#website\",\"url\":\"https:\/\/www.webquarto.com.br\/blog\/\",\"name\":\"WebQuarto\",\"description\":\"Encontre quartos e apartamentos para dividir em todo o Brasil!\",\"potentialAction\":[{\"@type\":\"SearchAction\",\"target\":{\"@type\":\"EntryPoint\",\"urlTemplate\":\"https:\/\/www.webquarto.com.br\/blog\/?s={search_term_string}\"},\"query-input\":\"required name=search_term_string\"}],\"inLanguage\":\"pt-BR\"},{\"@type\":\"ImageObject\",\"inLanguage\":\"pt-BR\",\"@id\":\"https:\/\/www.webquarto.com.br\/blog\/2021\/faca-voce-mesmo-sua-decoracao-de-natal\/#primaryimage\",\"url\":\"https:\/\/www.webquarto.com.br\/blog\/wp-content\/uploads\/2021\/12\/Imagem-de-capa-2.jpeg\",\"contentUrl\":\"https:\/\/www.webquarto.com.br\/blog\/wp-content\/uploads\/2021\/12\/Imagem-de-capa-2.jpeg\",\"width\":750,\"height\":1333},{\"@type\":\"WebPage\",\"@id\":\"https:\/\/www.webquarto.com.br\/blog\/2021\/faca-voce-mesmo-sua-decoracao-de-natal\/#webpage\",\"url\":\"https:\/\/www.webquarto.com.br\/blog\/2021\/faca-voce-mesmo-sua-decoracao-de-natal\/\",\"name\":\"Fa\u00e7a voc\u00ea mesmo sua decora\u00e7\u00e3o de natal - WebQuarto\",\"isPartOf\":{\"@id\":\"https:\/\/www.webquarto.com.br\/blog\/#website\"},\"primaryImageOfPage\":{\"@id\":\"https:\/\/www.webquarto.com.br\/blog\/2021\/faca-voce-mesmo-sua-decoracao-de-natal\/#primaryimage\"},\"datePublished\":\"2021-12-13T18:58:40+00:00\",\"dateModified\":\"2021-12-13T18:58:40+00:00\",\"author\":{\"@id\":\"https:\/\/www.webquarto.com.br\/blog\/#\/schema\/person\/0f558b35d8e97b36d0172434cc91608f\"},\"description\":\"\u00c9 claro que o natal \u00e9 muito mais do que decora\u00e7\u00e3o e presentes, mas n\u00e3o h\u00e1 quem n\u00e3o ame uma linda decora\u00e7\u00e3o natalina, n\u00e3o \u00e9 mesmo?\",\"breadcrumb\":{\"@id\":\"https:\/\/www.webquarto.com.br\/blog\/2021\/faca-voce-mesmo-sua-decoracao-de-natal\/#breadcrumb\"},\"inLanguage\":\"pt-BR\",\"potentialAction\":[{\"@type\":\"ReadAction\",\"target\":[\"https:\/\/www.webquarto.com.br\/blog\/2021\/faca-voce-mesmo-sua-decoracao-de-natal\/\"]}]},{\"@type\":\"BreadcrumbList\",\"@id\":\"https:\/\/www.webquarto.com.br\/blog\/2021\/faca-voce-mesmo-sua-decoracao-de-natal\/#breadcrumb\",\"itemListElement\":[{\"@type\":\"ListItem\",\"position\":1,\"name\":\"In\u00edcio\",\"item\":\"https:\/\/www.webquarto.com.br\/blog\/\"},{\"@type\":\"ListItem\",\"position\":2,\"name\":\"Fa\u00e7a voc\u00ea mesmo sua decora\u00e7\u00e3o de natal\"}]},{\"@type\":\"Person\",\"@id\":\"https:\/\/www.webquarto.com.br\/blog\/#\/schema\/person\/0f558b35d8e97b36d0172434cc91608f\",\"name\":\"Jo\u00e3o Brondi\",\"image\":{\"@type\":\"ImageObject\",\"inLanguage\":\"pt-BR\",\"@id\":\"https:\/\/www.webquarto.com.br\/blog\/#\/schema\/person\/image\/\",\"url\":\"https:\/\/secure.gravatar.com\/avatar\/1d30fb36d3734474e638bc2902ea7ffa?s=96&d=mm&r=g\",\"contentUrl\":\"https:\/\/secure.gravatar.com\/avatar\/1d30fb36d3734474e638bc2902ea7ffa?s=96&d=mm&r=g\",\"caption\":\"Jo\u00e3o Brondi\"},\"url\":\"https:\/\/www.webquarto.com.br\/blog\/author\/joao-pedro\/\"}]}<\/script>\n<!-- \/ Yoast SEO plugin. -->","yoast_head_json":{"title":"Fa\u00e7a voc\u00ea mesmo sua decora\u00e7\u00e3o de natal - WebQuarto","description":"\u00c9 claro que o natal \u00e9 muito mais do que decora\u00e7\u00e3o e presentes, mas n\u00e3o h\u00e1 quem n\u00e3o ame uma linda decora\u00e7\u00e3o natalina, n\u00e3o \u00e9 mesmo?","robots":{"index":"index","follow":"follow","max-snippet":"max-snippet:-1","max-image-preview":"max-image-preview:large","max-video-preview":"max-video-preview:-1"},"canonical":"https:\/\/www.webquarto.com.br\/blog\/2021\/faca-voce-mesmo-sua-decoracao-de-natal\/","og_locale":"pt_BR","og_type":"article","og_title":"Fa\u00e7a voc\u00ea mesmo sua decora\u00e7\u00e3o de natal - WebQuarto","og_description":"\u00c9 claro que o natal \u00e9 muito mais do que decora\u00e7\u00e3o e presentes, mas n\u00e3o h\u00e1 quem n\u00e3o ame uma linda decora\u00e7\u00e3o natalina, n\u00e3o \u00e9 mesmo?","og_url":"https:\/\/www.webquarto.com.br\/blog\/2021\/faca-voce-mesmo-sua-decoracao-de-natal\/","og_site_name":"WebQuarto","article_published_time":"2021-12-13T18:58:40+00:00","og_image":[{"width":750,"height":1333,"url":"https:\/\/www.webquarto.com.br\/blog\/wp-content\/uploads\/2021\/12\/Imagem-de-capa-2.jpeg","type":"image\/jpeg"}],"twitter_misc":{"Escrito por":"Jo\u00e3o Brondi","Est. tempo de leitura":"2 minutos"},"schema":{"@context":"https:\/\/schema.org","@graph":[{"@type":"WebSite","@id":"https:\/\/www.webquarto.com.br\/blog\/#website","url":"https:\/\/www.webquarto.com.br\/blog\/","name":"WebQuarto","description":"Encontre quartos e apartamentos para dividir em todo o Brasil!","potentialAction":[{"@type":"SearchAction","target":{"@type":"EntryPoint","urlTemplate":"https:\/\/www.webquarto.com.br\/blog\/?s={search_term_string}"},"query-input":"required name=search_term_string"}],"inLanguage":"pt-BR"},{"@type":"ImageObject","inLanguage":"pt-BR","@id":"https:\/\/www.webquarto.com.br\/blog\/2021\/faca-voce-mesmo-sua-decoracao-de-natal\/#primaryimage","url":"https:\/\/www.webquarto.com.br\/blog\/wp-content\/uploads\/2021\/12\/Imagem-de-capa-2.jpeg","contentUrl":"https:\/\/www.webquarto.com.br\/blog\/wp-content\/uploads\/2021\/12\/Imagem-de-capa-2.jpeg","width":750,"height":1333},{"@type":"WebPage","@id":"https:\/\/www.webquarto.com.br\/blog\/2021\/faca-voce-mesmo-sua-decoracao-de-natal\/#webpage","url":"https:\/\/www.webquarto.com.br\/blog\/2021\/faca-voce-mesmo-sua-decoracao-de-natal\/","name":"Fa\u00e7a voc\u00ea mesmo sua decora\u00e7\u00e3o de natal - WebQuarto","isPartOf":{"@id":"https:\/\/www.webquarto.com.br\/blog\/#website"},"primaryImageOfPage":{"@id":"https:\/\/www.webquarto.com.br\/blog\/2021\/faca-voce-mesmo-sua-decoracao-de-natal\/#primaryimage"},"datePublished":"2021-12-13T18:58:40+00:00","dateModified":"2021-12-13T18:58:40+00:00","author":{"@id":"https:\/\/www.webquarto.com.br\/blog\/#\/schema\/person\/0f558b35d8e97b36d0172434cc91608f"},"description":"\u00c9 claro que o natal \u00e9 muito mais do que decora\u00e7\u00e3o e presentes, mas n\u00e3o h\u00e1 quem n\u00e3o ame uma linda decora\u00e7\u00e3o natalina, n\u00e3o \u00e9 mesmo?","breadcrumb":{"@id":"https:\/\/www.webquarto.com.br\/blog\/2021\/faca-voce-mesmo-sua-decoracao-de-natal\/#breadcrumb"},"inLanguage":"pt-BR","potentialAction":[{"@type":"ReadAction","target":["https:\/\/www.webquarto.com.br\/blog\/2021\/faca-voce-mesmo-sua-decoracao-de-natal\/"]}]},{"@type":"BreadcrumbList","@id":"https:\/\/www.webquarto.com.br\/blog\/2021\/faca-voce-mesmo-sua-decoracao-de-natal\/#breadcrumb","itemListElement":[{"@type":"ListItem","position":1,"name":"In\u00edcio","item":"https:\/\/www.webquarto.com.br\/blog\/"},{"@type":"ListItem","position":2,"name":"Fa\u00e7a voc\u00ea mesmo sua decora\u00e7\u00e3o de natal"}]},{"@type":"Person","@id":"https:\/\/www.webquarto.com.br\/blog\/#\/schema\/person\/0f558b35d8e97b36d0172434cc91608f","name":"Jo\u00e3o Brondi","image":{"@type":"ImageObject","inLanguage":"pt-BR","@id":"https:\/\/www.webquarto.com.br\/blog\/#\/schema\/person\/image\/","url":"https:\/\/secure.gravatar.com\/avatar\/1d30fb36d3734474e638bc2902ea7ffa?s=96&d=mm&r=g","contentUrl":"https:\/\/secure.gravatar.com\/avatar\/1d30fb36d3734474e638bc2902ea7ffa?s=96&d=mm&r=g","caption":"Jo\u00e3o Brondi"},"url":"https:\/\/www.webquarto.com.br\/blog\/author\/joao-pedro\/"}]}},"_links":{"self":[{"href":"https:\/\/www.webquarto.com.br\/blog\/wp-json\/wp\/v2\/posts\/1269"}],"collection":[{"href":"https:\/\/www.webquarto.com.br\/blog\/wp-json\/wp\/v2\/posts"}],"about":[{"href":"https:\/\/www.webquarto.com.br\/blog\/wp-json\/wp\/v2\/types\/post"}],"author":[{"embeddable":true,"href":"https:\/\/www.webquarto.com.br\/blog\/wp-json\/wp\/v2\/users\/3"}],"replies":[{"embeddable":true,"href":"https:\/\/www.webquarto.com.br\/blog\/wp-json\/wp\/v2\/comments?post=1269"}],"version-history":[{"count":2,"href":"https:\/\/www.webquarto.com.br\/blog\/wp-json\/wp\/v2\/posts\/1269\/revisions"}],"predecessor-version":[{"id":1287,"href":"https:\/\/www.webquarto.com.br\/blog\/wp-json\/wp\/v2\/posts\/1269\/revisions\/1287"}],"wp:featuredmedia":[{"embeddable":true,"href":"https:\/\/www.webquarto.com.br\/blog\/wp-json\/wp\/v2\/media\/1289"}],"wp:attachment":[{"href":"https:\/\/www.webquarto.com.br\/blog\/wp-json\/wp\/v2\/media?parent=1269"}],"wp:term":[{"taxonomy":"category","embeddable":true,"href":"https:\/\/www.webquarto.com.br\/blog\/wp-json\/wp\/v2\/categories?post=1269"},{"taxonomy":"post_tag","embeddable":true,"href":"https:\/\/www.webquarto.com.br\/blog\/wp-json\/wp\/v2\/tags?post=1269"}],"curies":[{"name":"wp","href":"https:\/\/api.w.org\/{rel}","templated":true}]}}