{"id":1315,"date":"2022-01-19T20:26:34","date_gmt":"2022-01-19T20:26:34","guid":{"rendered":"http:\/\/www.webquarto.com.br\/blog\/?p=1315"},"modified":"2022-01-19T20:27:25","modified_gmt":"2022-01-19T20:27:25","slug":"fim-de-ferias","status":"publish","type":"post","link":"https:\/\/www.webquarto.com.br\/blog\/2022\/fim-de-ferias\/","title":{"rendered":"Fim das f\u00e9rias"},"content":{"rendered":"<p>As f\u00e9rias est\u00e3o acabando e se programar pra voltar com tudo para o trabalho e os estudos \u00e9 uma \u00f3tima maneira de come\u00e7ar o novo ano com o p\u00e9 direito. Separamos algumas dicas importantes para voc\u00ea aproveitar o fim das f\u00e9rias e j\u00e1 se programar para voltar com tudo para a rotina. Confira!<\/p>\n<h2>Opte por programas mais tranquilos<\/h2>\n<p>Agora na reta final das f\u00e9rias o ideal \u00e9 voc\u00ea optar por programas mais tranquilos, sem muito agito e nada que v\u00e1 te cansar muito. Opte por programas como passeios em parques, um cineminha, leitura, e tudo que voc\u00ea puder fazer para relaxar ao m\u00e1ximo, como praticas de medita\u00e7\u00e3o, um spa day quem sabe? Assim voc\u00ea volta com as energias renovadas e pronto para dominar o mundo.<\/p>\n<h2>Se organize com anteced\u00eancia<\/h2>\n<p>Planeje e organize sua rotina com anteced\u00eancia, antes mesmo dela iniciar. \u00c9 legal ter um planner pra poder se organizar e n\u00e3o esquecer de nada, coloque no papel tudo que precisar\u00e1 ser feito na primeira semana p\u00f3s f\u00e9rias, escreva suas metas mensais e semanais, novos h\u00e1bitos que voc\u00ea quer iniciar, e tudo o que voc\u00ea achar relevante. Ter as coisas anotadas e deixar em um lugar onde voc\u00ea possa sempre estar visualizando te motiva mais no dia a dia.<\/p>\n<h2>Computador e celular limpos<\/h2>\n<p>Se voc\u00ea n\u00e3o fez uma limpeza no seu computador e celular no fim do ano, agora \u00e9 o momento perfeito para isso. Deixe tudo organizado, apague aplicativos, fotos e arquivos variados que n\u00e3o tem mais tanta utilidade pra voc\u00ea.<\/p>\n<p><strong>Esperamos que as dicas tenham sido \u00fateis e caso voc\u00ea esteja procurando um novo local para morar ou algu\u00e9m para dividir um im\u00f3vel nesse novo ano saiba que a <a href=\"https:\/\/www.webquarto.com.br\">WebQuarto<\/a> \u00e9 uma plataforma completa e segura para ajudar voc\u00ea a se conectar com outras pessoas e espa\u00e7os.\u00a0<\/strong><\/p>\n","protected":false},"excerpt":{"rendered":"<p>As f\u00e9rias est\u00e3o acabando e se programar pra voltar com tudo para o trabalho e os estudos \u00e9 uma \u00f3tima maneira de come\u00e7ar o novo ano com o p\u00e9 direito. Separamos algumas dicas importantes para voc\u00ea aproveitar o fim das f\u00e9rias e j\u00e1 se programar para voltar com tudo para a rotina. Confira! Opte por<\/p>\n","protected":false},"author":3,"featured_media":1318,"comment_status":"open","ping_status":"open","sticky":false,"template":"","format":"standard","meta":{"_monsterinsights_skip_tracking":false,"_monsterinsights_sitenote_active":false,"_monsterinsights_sitenote_note":"","_monsterinsights_sitenote_category":0},"categories":[511,507,506,509,510,508],"tags":[512],"yoast_head":"<!-- This site is optimized with the Yoast SEO plugin v19.1 - https:\/\/yoast.com\/wordpress\/plugins\/seo\/ -->\n<title>Fim das f\u00e9rias - WebQuarto<\/title>\n<meta name=\"description\" content=\"As f\u00e9rias est\u00e3o acabando e se programar pra voltar com tudo para o trabalho e os estudos \u00e9 uma \u00f3tima maneira de come\u00e7ar o novo ano com o p\u00e9 direito.\" \/>\n<meta name=\"robots\" content=\"index, follow, max-snippet:-1, max-image-preview:large, max-video-preview:-1\" \/>\n<link rel=\"canonical\" href=\"https:\/\/www.webquarto.com.br\/blog\/2022\/fim-de-ferias\/\" \/>\n<meta property=\"og:locale\" content=\"pt_BR\" \/>\n<meta property=\"og:type\" content=\"article\" \/>\n<meta property=\"og:title\" content=\"Fim das f\u00e9rias - WebQuarto\" \/>\n<meta property=\"og:description\" content=\"As f\u00e9rias est\u00e3o acabando e se programar pra voltar com tudo para o trabalho e os estudos \u00e9 uma \u00f3tima maneira de come\u00e7ar o novo ano com o p\u00e9 direito.\" \/>\n<meta property=\"og:url\" content=\"https:\/\/www.webquarto.com.br\/blog\/2022\/fim-de-ferias\/\" \/>\n<meta property=\"og:site_name\" content=\"WebQuarto\" \/>\n<meta property=\"article:published_time\" content=\"2022-01-19T20:26:34+00:00\" \/>\n<meta property=\"article:modified_time\" content=\"2022-01-19T20:27:25+00:00\" \/>\n<meta property=\"og:image\" content=\"https:\/\/www.webquarto.com.br\/blog\/wp-content\/uploads\/2022\/01\/2.jpg\" \/>\n\t<meta property=\"og:image:width\" content=\"960\" \/>\n\t<meta property=\"og:image:height\" content=\"625\" \/>\n\t<meta property=\"og:image:type\" content=\"image\/jpeg\" \/>\n<meta name=\"twitter:label1\" content=\"Escrito por\" \/>\n\t<meta name=\"twitter:data1\" content=\"Jo\u00e3o Brondi\" \/>\n\t<meta name=\"twitter:label2\" content=\"Est. tempo de leitura\" \/>\n\t<meta name=\"twitter:data2\" content=\"2 minutos\" \/>\n<script type=\"application\/ld+json\" class=\"yoast-schema-graph\">{\"@context\":\"https:\/\/schema.org\",\"@graph\":[{\"@type\":\"WebSite\",\"@id\":\"https:\/\/www.webquarto.com.br\/blog\/#website\",\"url\":\"https:\/\/www.webquarto.com.br\/blog\/\",\"name\":\"WebQuarto\",\"description\":\"Encontre quartos e apartamentos para dividir em todo o Brasil!\",\"potentialAction\":[{\"@type\":\"SearchAction\",\"target\":{\"@type\":\"EntryPoint\",\"urlTemplate\":\"https:\/\/www.webquarto.com.br\/blog\/?s={search_term_string}\"},\"query-input\":\"required name=search_term_string\"}],\"inLanguage\":\"pt-BR\"},{\"@type\":\"ImageObject\",\"inLanguage\":\"pt-BR\",\"@id\":\"https:\/\/www.webquarto.com.br\/blog\/2022\/fim-de-ferias\/#primaryimage\",\"url\":\"https:\/\/www.webquarto.com.br\/blog\/wp-content\/uploads\/2022\/01\/2.jpg\",\"contentUrl\":\"https:\/\/www.webquarto.com.br\/blog\/wp-content\/uploads\/2022\/01\/2.jpg\",\"width\":960,\"height\":625},{\"@type\":\"WebPage\",\"@id\":\"https:\/\/www.webquarto.com.br\/blog\/2022\/fim-de-ferias\/#webpage\",\"url\":\"https:\/\/www.webquarto.com.br\/blog\/2022\/fim-de-ferias\/\",\"name\":\"Fim das f\u00e9rias - WebQuarto\",\"isPartOf\":{\"@id\":\"https:\/\/www.webquarto.com.br\/blog\/#website\"},\"primaryImageOfPage\":{\"@id\":\"https:\/\/www.webquarto.com.br\/blog\/2022\/fim-de-ferias\/#primaryimage\"},\"datePublished\":\"2022-01-19T20:26:34+00:00\",\"dateModified\":\"2022-01-19T20:27:25+00:00\",\"author\":{\"@id\":\"https:\/\/www.webquarto.com.br\/blog\/#\/schema\/person\/0f558b35d8e97b36d0172434cc91608f\"},\"description\":\"As f\u00e9rias est\u00e3o acabando e se programar pra voltar com tudo para o trabalho e os estudos \u00e9 uma \u00f3tima maneira de come\u00e7ar o novo ano com o p\u00e9 direito.\",\"breadcrumb\":{\"@id\":\"https:\/\/www.webquarto.com.br\/blog\/2022\/fim-de-ferias\/#breadcrumb\"},\"inLanguage\":\"pt-BR\",\"potentialAction\":[{\"@type\":\"ReadAction\",\"target\":[\"https:\/\/www.webquarto.com.br\/blog\/2022\/fim-de-ferias\/\"]}]},{\"@type\":\"BreadcrumbList\",\"@id\":\"https:\/\/www.webquarto.com.br\/blog\/2022\/fim-de-ferias\/#breadcrumb\",\"itemListElement\":[{\"@type\":\"ListItem\",\"position\":1,\"name\":\"In\u00edcio\",\"item\":\"https:\/\/www.webquarto.com.br\/blog\/\"},{\"@type\":\"ListItem\",\"position\":2,\"name\":\"Fim das f\u00e9rias\"}]},{\"@type\":\"Person\",\"@id\":\"https:\/\/www.webquarto.com.br\/blog\/#\/schema\/person\/0f558b35d8e97b36d0172434cc91608f\",\"name\":\"Jo\u00e3o Brondi\",\"image\":{\"@type\":\"ImageObject\",\"inLanguage\":\"pt-BR\",\"@id\":\"https:\/\/www.webquarto.com.br\/blog\/#\/schema\/person\/image\/\",\"url\":\"https:\/\/secure.gravatar.com\/avatar\/1d30fb36d3734474e638bc2902ea7ffa?s=96&d=mm&r=g\",\"contentUrl\":\"https:\/\/secure.gravatar.com\/avatar\/1d30fb36d3734474e638bc2902ea7ffa?s=96&d=mm&r=g\",\"caption\":\"Jo\u00e3o Brondi\"},\"url\":\"https:\/\/www.webquarto.com.br\/blog\/author\/joao-pedro\/\"}]}<\/script>\n<!-- \/ Yoast SEO plugin. -->","yoast_head_json":{"title":"Fim das f\u00e9rias - WebQuarto","description":"As f\u00e9rias est\u00e3o acabando e se programar pra voltar com tudo para o trabalho e os estudos \u00e9 uma \u00f3tima maneira de come\u00e7ar o novo ano com o p\u00e9 direito.","robots":{"index":"index","follow":"follow","max-snippet":"max-snippet:-1","max-image-preview":"max-image-preview:large","max-video-preview":"max-video-preview:-1"},"canonical":"https:\/\/www.webquarto.com.br\/blog\/2022\/fim-de-ferias\/","og_locale":"pt_BR","og_type":"article","og_title":"Fim das f\u00e9rias - WebQuarto","og_description":"As f\u00e9rias est\u00e3o acabando e se programar pra voltar com tudo para o trabalho e os estudos \u00e9 uma \u00f3tima maneira de come\u00e7ar o novo ano com o p\u00e9 direito.","og_url":"https:\/\/www.webquarto.com.br\/blog\/2022\/fim-de-ferias\/","og_site_name":"WebQuarto","article_published_time":"2022-01-19T20:26:34+00:00","article_modified_time":"2022-01-19T20:27:25+00:00","og_image":[{"width":960,"height":625,"url":"https:\/\/www.webquarto.com.br\/blog\/wp-content\/uploads\/2022\/01\/2.jpg","type":"image\/jpeg"}],"twitter_misc":{"Escrito por":"Jo\u00e3o Brondi","Est. tempo de leitura":"2 minutos"},"schema":{"@context":"https:\/\/schema.org","@graph":[{"@type":"WebSite","@id":"https:\/\/www.webquarto.com.br\/blog\/#website","url":"https:\/\/www.webquarto.com.br\/blog\/","name":"WebQuarto","description":"Encontre quartos e apartamentos para dividir em todo o Brasil!","potentialAction":[{"@type":"SearchAction","target":{"@type":"EntryPoint","urlTemplate":"https:\/\/www.webquarto.com.br\/blog\/?s={search_term_string}"},"query-input":"required name=search_term_string"}],"inLanguage":"pt-BR"},{"@type":"ImageObject","inLanguage":"pt-BR","@id":"https:\/\/www.webquarto.com.br\/blog\/2022\/fim-de-ferias\/#primaryimage","url":"https:\/\/www.webquarto.com.br\/blog\/wp-content\/uploads\/2022\/01\/2.jpg","contentUrl":"https:\/\/www.webquarto.com.br\/blog\/wp-content\/uploads\/2022\/01\/2.jpg","width":960,"height":625},{"@type":"WebPage","@id":"https:\/\/www.webquarto.com.br\/blog\/2022\/fim-de-ferias\/#webpage","url":"https:\/\/www.webquarto.com.br\/blog\/2022\/fim-de-ferias\/","name":"Fim das f\u00e9rias - WebQuarto","isPartOf":{"@id":"https:\/\/www.webquarto.com.br\/blog\/#website"},"primaryImageOfPage":{"@id":"https:\/\/www.webquarto.com.br\/blog\/2022\/fim-de-ferias\/#primaryimage"},"datePublished":"2022-01-19T20:26:34+00:00","dateModified":"2022-01-19T20:27:25+00:00","author":{"@id":"https:\/\/www.webquarto.com.br\/blog\/#\/schema\/person\/0f558b35d8e97b36d0172434cc91608f"},"description":"As f\u00e9rias est\u00e3o acabando e se programar pra voltar com tudo para o trabalho e os estudos \u00e9 uma \u00f3tima maneira de come\u00e7ar o novo ano com o p\u00e9 direito.","breadcrumb":{"@id":"https:\/\/www.webquarto.com.br\/blog\/2022\/fim-de-ferias\/#breadcrumb"},"inLanguage":"pt-BR","potentialAction":[{"@type":"ReadAction","target":["https:\/\/www.webquarto.com.br\/blog\/2022\/fim-de-ferias\/"]}]},{"@type":"BreadcrumbList","@id":"https:\/\/www.webquarto.com.br\/blog\/2022\/fim-de-ferias\/#breadcrumb","itemListElement":[{"@type":"ListItem","position":1,"name":"In\u00edcio","item":"https:\/\/www.webquarto.com.br\/blog\/"},{"@type":"ListItem","position":2,"name":"Fim das f\u00e9rias"}]},{"@type":"Person","@id":"https:\/\/www.webquarto.com.br\/blog\/#\/schema\/person\/0f558b35d8e97b36d0172434cc91608f","name":"Jo\u00e3o Brondi","image":{"@type":"ImageObject","inLanguage":"pt-BR","@id":"https:\/\/www.webquarto.com.br\/blog\/#\/schema\/person\/image\/","url":"https:\/\/secure.gravatar.com\/avatar\/1d30fb36d3734474e638bc2902ea7ffa?s=96&d=mm&r=g","contentUrl":"https:\/\/secure.gravatar.com\/avatar\/1d30fb36d3734474e638bc2902ea7ffa?s=96&d=mm&r=g","caption":"Jo\u00e3o Brondi"},"url":"https:\/\/www.webquarto.com.br\/blog\/author\/joao-pedro\/"}]}},"_links":{"self":[{"href":"https:\/\/www.webquarto.com.br\/blog\/wp-json\/wp\/v2\/posts\/1315"}],"collection":[{"href":"https:\/\/www.webquarto.com.br\/blog\/wp-json\/wp\/v2\/posts"}],"about":[{"href":"https:\/\/www.webquarto.com.br\/blog\/wp-json\/wp\/v2\/types\/post"}],"author":[{"embeddable":true,"href":"https:\/\/www.webquarto.com.br\/blog\/wp-json\/wp\/v2\/users\/3"}],"replies":[{"embeddable":true,"href":"https:\/\/www.webquarto.com.br\/blog\/wp-json\/wp\/v2\/comments?post=1315"}],"version-history":[{"count":2,"href":"https:\/\/www.webquarto.com.br\/blog\/wp-json\/wp\/v2\/posts\/1315\/revisions"}],"predecessor-version":[{"id":1319,"href":"https:\/\/www.webquarto.com.br\/blog\/wp-json\/wp\/v2\/posts\/1315\/revisions\/1319"}],"wp:featuredmedia":[{"embeddable":true,"href":"https:\/\/www.webquarto.com.br\/blog\/wp-json\/wp\/v2\/media\/1318"}],"wp:attachment":[{"href":"https:\/\/www.webquarto.com.br\/blog\/wp-json\/wp\/v2\/media?parent=1315"}],"wp:term":[{"taxonomy":"category","embeddable":true,"href":"https:\/\/www.webquarto.com.br\/blog\/wp-json\/wp\/v2\/categories?post=1315"},{"taxonomy":"post_tag","embeddable":true,"href":"https:\/\/www.webquarto.com.br\/blog\/wp-json\/wp\/v2\/tags?post=1315"}],"curies":[{"name":"wp","href":"https:\/\/api.w.org\/{rel}","templated":true}]}}