{"id":1321,"date":"2022-01-26T20:46:24","date_gmt":"2022-01-26T20:46:24","guid":{"rendered":"http:\/\/www.webquarto.com.br\/blog\/?p=1321"},"modified":"2022-01-26T20:46:24","modified_gmt":"2022-01-26T20:46:24","slug":"como-alugar-mais-facil-com-a-volta-as-aulas","status":"publish","type":"post","link":"https:\/\/www.webquarto.com.br\/blog\/2022\/como-alugar-mais-facil-com-a-volta-as-aulas\/","title":{"rendered":"Como alugar mais f\u00e1cil com a volta as aulas"},"content":{"rendered":"<p>Como todo mundo sabe, as notas do enem e de alguns vestibulares saem esse come\u00e7o de ano, com isso as chances de voc\u00ea alugar seu im\u00f3vel aumentam. Separamos neste post algumas dicas para voc\u00ea alugar de forma mais f\u00e1cil com a volta as aulas!<\/p>\n<h2>Aposte em bons an\u00fancios<\/h2>\n<p>Apostar em bons an\u00fancios \u00e9 sem d\u00favidas o primeiro passo na hora de alugar seu im\u00f3vel, bons an\u00fancios incluem as fotos que voc\u00ea ir\u00e1 selecionar, a descri\u00e7\u00e3o do im\u00f3vel, e \u00e9 claro o local onde estar\u00e1 anunciando. A WebQuarto por exemplo, \u00e9 uma plataforma completa e segura para te ajudar a se conectar com pessoas e fazer seus neg\u00f3cios, cadastre-se.<\/p>\n<h2>Qualidade das imagens<\/h2>\n<p>Outra coisa que voc\u00ea deve ficar atento e com certeza faz toda diferen\u00e7a para voc\u00ea alugar ou n\u00e3o seu im\u00f3vel, \u00e9 a qualidade das fotos. Quando for fazer as fotos do seu im\u00f3vel deixe tudo bem limpinho e organizado, nada de deixar coisas espalhadas pelo ch\u00e3o ou pela mesa, isso d\u00e1 impress\u00e3o de desleixo, parece que voc\u00ea nem se preocupou na hora de anunciar. Outra coisa importante \u00e9 a ilumina\u00e7\u00e3o, opte por dias ensolarados para fazer as fotos, uma boa ilumina\u00e7\u00e3o faz total diferen\u00e7a.<\/p>\n<h2>Descri\u00e7\u00e3o do local do im\u00f3vel<\/h2>\n<p>Outro ponto de suma import\u00e2ncia, que n\u00e3o poderia ficar de fora, \u00e9 a descri\u00e7\u00e3o do local e do que h\u00e1 por perto, deixe em destaque caso haja f\u00e1rmacia, mercado, hospital e qualquer com\u00e9rcio importante, para estudantes isso faz total diferen\u00e7a, na maioria da vezes universit\u00e1rios n\u00e3o possuem ve\u00edculo pr\u00f3prio \u00e9 morar perto desse tipo de com\u00e9rcio \u00e9 um diferencial e tanto.<\/p>\n<h2>Responda rapidamente as mensagens<\/h2>\n<p>Quando algum interessado no im\u00f3vel entrar em contato com voc\u00ea responda assim que poss\u00edvel, n\u00e3o tenha receio de parecer ansioso, a realidade \u00e9 que estudantes, principalmente quem est\u00e1 mudando de cidade tem pressa em alugar, as vezes a demora na resposta pode sim influenciar no fechamento do neg\u00f3cio.<\/p>\n<p><strong>Esperamos que as dicas tenham sido \u00fateis e caso voc\u00ea esteja procurando um novo local para morar ou queira anunciar seu im\u00f3vel, saiba que a <a href=\"https:\/\/www.webquarto.com.br\">WebQuarto<\/a> \u00e9 uma plataforma completa e segura para ajudar voc\u00ea a se conectar com outras pessoas e espa\u00e7os.\u00a0<\/strong><\/p>\n","protected":false},"excerpt":{"rendered":"<p>Como todo mundo sabe, as notas do enem e de alguns vestibulares saem esse come\u00e7o de ano, com isso as chances de voc\u00ea alugar seu im\u00f3vel aumentam. Separamos neste post algumas dicas para voc\u00ea alugar de forma mais f\u00e1cil com a volta as aulas! Aposte em bons an\u00fancios Apostar em bons an\u00fancios \u00e9 sem d\u00favidas<\/p>\n","protected":false},"author":3,"featured_media":1324,"comment_status":"open","ping_status":"open","sticky":false,"template":"","format":"standard","meta":{"_monsterinsights_skip_tracking":false,"_monsterinsights_sitenote_active":false,"_monsterinsights_sitenote_note":"","_monsterinsights_sitenote_category":0},"categories":[514,515,513],"tags":[516],"yoast_head":"<!-- This site is optimized with the Yoast SEO plugin v19.1 - https:\/\/yoast.com\/wordpress\/plugins\/seo\/ -->\n<title>Como alugar mais f\u00e1cil com a volta as aulas - WebQuarto<\/title>\n<meta name=\"description\" content=\"Como todo mundo sabe, as notas do enem e de alguns vestibulares saem esse come\u00e7o de ano, com isso as chances de voc\u00ea alugar seu im\u00f3vel aumentam.\" \/>\n<meta name=\"robots\" content=\"index, follow, max-snippet:-1, max-image-preview:large, max-video-preview:-1\" \/>\n<link rel=\"canonical\" href=\"https:\/\/www.webquarto.com.br\/blog\/2022\/como-alugar-mais-facil-com-a-volta-as-aulas\/\" \/>\n<meta property=\"og:locale\" content=\"pt_BR\" \/>\n<meta property=\"og:type\" content=\"article\" \/>\n<meta property=\"og:title\" content=\"Como alugar mais f\u00e1cil com a volta as aulas - WebQuarto\" \/>\n<meta property=\"og:description\" content=\"Como todo mundo sabe, as notas do enem e de alguns vestibulares saem esse come\u00e7o de ano, com isso as chances de voc\u00ea alugar seu im\u00f3vel aumentam.\" \/>\n<meta property=\"og:url\" content=\"https:\/\/www.webquarto.com.br\/blog\/2022\/como-alugar-mais-facil-com-a-volta-as-aulas\/\" \/>\n<meta property=\"og:site_name\" content=\"WebQuarto\" \/>\n<meta property=\"article:published_time\" content=\"2022-01-26T20:46:24+00:00\" \/>\n<meta property=\"og:image\" content=\"https:\/\/www.webquarto.com.br\/blog\/wp-content\/uploads\/2022\/01\/WhatsApp-Image-2022-01-26-at-17.44.091.jpeg\" \/>\n\t<meta property=\"og:image:width\" content=\"665\" \/>\n\t<meta property=\"og:image:height\" content=\"435\" \/>\n\t<meta property=\"og:image:type\" content=\"image\/jpeg\" \/>\n<meta name=\"twitter:label1\" content=\"Escrito por\" \/>\n\t<meta name=\"twitter:data1\" content=\"Jo\u00e3o Brondi\" \/>\n\t<meta name=\"twitter:label2\" content=\"Est. tempo de leitura\" \/>\n\t<meta name=\"twitter:data2\" content=\"2 minutos\" \/>\n<script type=\"application\/ld+json\" class=\"yoast-schema-graph\">{\"@context\":\"https:\/\/schema.org\",\"@graph\":[{\"@type\":\"WebSite\",\"@id\":\"https:\/\/www.webquarto.com.br\/blog\/#website\",\"url\":\"https:\/\/www.webquarto.com.br\/blog\/\",\"name\":\"WebQuarto\",\"description\":\"Encontre quartos e apartamentos para dividir em todo o Brasil!\",\"potentialAction\":[{\"@type\":\"SearchAction\",\"target\":{\"@type\":\"EntryPoint\",\"urlTemplate\":\"https:\/\/www.webquarto.com.br\/blog\/?s={search_term_string}\"},\"query-input\":\"required name=search_term_string\"}],\"inLanguage\":\"pt-BR\"},{\"@type\":\"ImageObject\",\"inLanguage\":\"pt-BR\",\"@id\":\"https:\/\/www.webquarto.com.br\/blog\/2022\/como-alugar-mais-facil-com-a-volta-as-aulas\/#primaryimage\",\"url\":\"https:\/\/www.webquarto.com.br\/blog\/wp-content\/uploads\/2022\/01\/WhatsApp-Image-2022-01-26-at-17.44.091.jpeg\",\"contentUrl\":\"https:\/\/www.webquarto.com.br\/blog\/wp-content\/uploads\/2022\/01\/WhatsApp-Image-2022-01-26-at-17.44.091.jpeg\",\"width\":665,\"height\":435},{\"@type\":\"WebPage\",\"@id\":\"https:\/\/www.webquarto.com.br\/blog\/2022\/como-alugar-mais-facil-com-a-volta-as-aulas\/#webpage\",\"url\":\"https:\/\/www.webquarto.com.br\/blog\/2022\/como-alugar-mais-facil-com-a-volta-as-aulas\/\",\"name\":\"Como alugar mais f\u00e1cil com a volta as aulas - WebQuarto\",\"isPartOf\":{\"@id\":\"https:\/\/www.webquarto.com.br\/blog\/#website\"},\"primaryImageOfPage\":{\"@id\":\"https:\/\/www.webquarto.com.br\/blog\/2022\/como-alugar-mais-facil-com-a-volta-as-aulas\/#primaryimage\"},\"datePublished\":\"2022-01-26T20:46:24+00:00\",\"dateModified\":\"2022-01-26T20:46:24+00:00\",\"author\":{\"@id\":\"https:\/\/www.webquarto.com.br\/blog\/#\/schema\/person\/0f558b35d8e97b36d0172434cc91608f\"},\"description\":\"Como todo mundo sabe, as notas do enem e de alguns vestibulares saem esse come\u00e7o de ano, com isso as chances de voc\u00ea alugar seu im\u00f3vel aumentam.\",\"breadcrumb\":{\"@id\":\"https:\/\/www.webquarto.com.br\/blog\/2022\/como-alugar-mais-facil-com-a-volta-as-aulas\/#breadcrumb\"},\"inLanguage\":\"pt-BR\",\"potentialAction\":[{\"@type\":\"ReadAction\",\"target\":[\"https:\/\/www.webquarto.com.br\/blog\/2022\/como-alugar-mais-facil-com-a-volta-as-aulas\/\"]}]},{\"@type\":\"BreadcrumbList\",\"@id\":\"https:\/\/www.webquarto.com.br\/blog\/2022\/como-alugar-mais-facil-com-a-volta-as-aulas\/#breadcrumb\",\"itemListElement\":[{\"@type\":\"ListItem\",\"position\":1,\"name\":\"In\u00edcio\",\"item\":\"https:\/\/www.webquarto.com.br\/blog\/\"},{\"@type\":\"ListItem\",\"position\":2,\"name\":\"Como alugar mais f\u00e1cil com a volta as aulas\"}]},{\"@type\":\"Person\",\"@id\":\"https:\/\/www.webquarto.com.br\/blog\/#\/schema\/person\/0f558b35d8e97b36d0172434cc91608f\",\"name\":\"Jo\u00e3o Brondi\",\"image\":{\"@type\":\"ImageObject\",\"inLanguage\":\"pt-BR\",\"@id\":\"https:\/\/www.webquarto.com.br\/blog\/#\/schema\/person\/image\/\",\"url\":\"https:\/\/secure.gravatar.com\/avatar\/1d30fb36d3734474e638bc2902ea7ffa?s=96&d=mm&r=g\",\"contentUrl\":\"https:\/\/secure.gravatar.com\/avatar\/1d30fb36d3734474e638bc2902ea7ffa?s=96&d=mm&r=g\",\"caption\":\"Jo\u00e3o Brondi\"},\"url\":\"https:\/\/www.webquarto.com.br\/blog\/author\/joao-pedro\/\"}]}<\/script>\n<!-- \/ Yoast SEO plugin. -->","yoast_head_json":{"title":"Como alugar mais f\u00e1cil com a volta as aulas - WebQuarto","description":"Como todo mundo sabe, as notas do enem e de alguns vestibulares saem esse come\u00e7o de ano, com isso as chances de voc\u00ea alugar seu im\u00f3vel aumentam.","robots":{"index":"index","follow":"follow","max-snippet":"max-snippet:-1","max-image-preview":"max-image-preview:large","max-video-preview":"max-video-preview:-1"},"canonical":"https:\/\/www.webquarto.com.br\/blog\/2022\/como-alugar-mais-facil-com-a-volta-as-aulas\/","og_locale":"pt_BR","og_type":"article","og_title":"Como alugar mais f\u00e1cil com a volta as aulas - WebQuarto","og_description":"Como todo mundo sabe, as notas do enem e de alguns vestibulares saem esse come\u00e7o de ano, com isso as chances de voc\u00ea alugar seu im\u00f3vel aumentam.","og_url":"https:\/\/www.webquarto.com.br\/blog\/2022\/como-alugar-mais-facil-com-a-volta-as-aulas\/","og_site_name":"WebQuarto","article_published_time":"2022-01-26T20:46:24+00:00","og_image":[{"width":665,"height":435,"url":"https:\/\/www.webquarto.com.br\/blog\/wp-content\/uploads\/2022\/01\/WhatsApp-Image-2022-01-26-at-17.44.091.jpeg","type":"image\/jpeg"}],"twitter_misc":{"Escrito por":"Jo\u00e3o Brondi","Est. tempo de leitura":"2 minutos"},"schema":{"@context":"https:\/\/schema.org","@graph":[{"@type":"WebSite","@id":"https:\/\/www.webquarto.com.br\/blog\/#website","url":"https:\/\/www.webquarto.com.br\/blog\/","name":"WebQuarto","description":"Encontre quartos e apartamentos para dividir em todo o Brasil!","potentialAction":[{"@type":"SearchAction","target":{"@type":"EntryPoint","urlTemplate":"https:\/\/www.webquarto.com.br\/blog\/?s={search_term_string}"},"query-input":"required name=search_term_string"}],"inLanguage":"pt-BR"},{"@type":"ImageObject","inLanguage":"pt-BR","@id":"https:\/\/www.webquarto.com.br\/blog\/2022\/como-alugar-mais-facil-com-a-volta-as-aulas\/#primaryimage","url":"https:\/\/www.webquarto.com.br\/blog\/wp-content\/uploads\/2022\/01\/WhatsApp-Image-2022-01-26-at-17.44.091.jpeg","contentUrl":"https:\/\/www.webquarto.com.br\/blog\/wp-content\/uploads\/2022\/01\/WhatsApp-Image-2022-01-26-at-17.44.091.jpeg","width":665,"height":435},{"@type":"WebPage","@id":"https:\/\/www.webquarto.com.br\/blog\/2022\/como-alugar-mais-facil-com-a-volta-as-aulas\/#webpage","url":"https:\/\/www.webquarto.com.br\/blog\/2022\/como-alugar-mais-facil-com-a-volta-as-aulas\/","name":"Como alugar mais f\u00e1cil com a volta as aulas - WebQuarto","isPartOf":{"@id":"https:\/\/www.webquarto.com.br\/blog\/#website"},"primaryImageOfPage":{"@id":"https:\/\/www.webquarto.com.br\/blog\/2022\/como-alugar-mais-facil-com-a-volta-as-aulas\/#primaryimage"},"datePublished":"2022-01-26T20:46:24+00:00","dateModified":"2022-01-26T20:46:24+00:00","author":{"@id":"https:\/\/www.webquarto.com.br\/blog\/#\/schema\/person\/0f558b35d8e97b36d0172434cc91608f"},"description":"Como todo mundo sabe, as notas do enem e de alguns vestibulares saem esse come\u00e7o de ano, com isso as chances de voc\u00ea alugar seu im\u00f3vel aumentam.","breadcrumb":{"@id":"https:\/\/www.webquarto.com.br\/blog\/2022\/como-alugar-mais-facil-com-a-volta-as-aulas\/#breadcrumb"},"inLanguage":"pt-BR","potentialAction":[{"@type":"ReadAction","target":["https:\/\/www.webquarto.com.br\/blog\/2022\/como-alugar-mais-facil-com-a-volta-as-aulas\/"]}]},{"@type":"BreadcrumbList","@id":"https:\/\/www.webquarto.com.br\/blog\/2022\/como-alugar-mais-facil-com-a-volta-as-aulas\/#breadcrumb","itemListElement":[{"@type":"ListItem","position":1,"name":"In\u00edcio","item":"https:\/\/www.webquarto.com.br\/blog\/"},{"@type":"ListItem","position":2,"name":"Como alugar mais f\u00e1cil com a volta as aulas"}]},{"@type":"Person","@id":"https:\/\/www.webquarto.com.br\/blog\/#\/schema\/person\/0f558b35d8e97b36d0172434cc91608f","name":"Jo\u00e3o Brondi","image":{"@type":"ImageObject","inLanguage":"pt-BR","@id":"https:\/\/www.webquarto.com.br\/blog\/#\/schema\/person\/image\/","url":"https:\/\/secure.gravatar.com\/avatar\/1d30fb36d3734474e638bc2902ea7ffa?s=96&d=mm&r=g","contentUrl":"https:\/\/secure.gravatar.com\/avatar\/1d30fb36d3734474e638bc2902ea7ffa?s=96&d=mm&r=g","caption":"Jo\u00e3o Brondi"},"url":"https:\/\/www.webquarto.com.br\/blog\/author\/joao-pedro\/"}]}},"_links":{"self":[{"href":"https:\/\/www.webquarto.com.br\/blog\/wp-json\/wp\/v2\/posts\/1321"}],"collection":[{"href":"https:\/\/www.webquarto.com.br\/blog\/wp-json\/wp\/v2\/posts"}],"about":[{"href":"https:\/\/www.webquarto.com.br\/blog\/wp-json\/wp\/v2\/types\/post"}],"author":[{"embeddable":true,"href":"https:\/\/www.webquarto.com.br\/blog\/wp-json\/wp\/v2\/users\/3"}],"replies":[{"embeddable":true,"href":"https:\/\/www.webquarto.com.br\/blog\/wp-json\/wp\/v2\/comments?post=1321"}],"version-history":[{"count":1,"href":"https:\/\/www.webquarto.com.br\/blog\/wp-json\/wp\/v2\/posts\/1321\/revisions"}],"predecessor-version":[{"id":1323,"href":"https:\/\/www.webquarto.com.br\/blog\/wp-json\/wp\/v2\/posts\/1321\/revisions\/1323"}],"wp:featuredmedia":[{"embeddable":true,"href":"https:\/\/www.webquarto.com.br\/blog\/wp-json\/wp\/v2\/media\/1324"}],"wp:attachment":[{"href":"https:\/\/www.webquarto.com.br\/blog\/wp-json\/wp\/v2\/media?parent=1321"}],"wp:term":[{"taxonomy":"category","embeddable":true,"href":"https:\/\/www.webquarto.com.br\/blog\/wp-json\/wp\/v2\/categories?post=1321"},{"taxonomy":"post_tag","embeddable":true,"href":"https:\/\/www.webquarto.com.br\/blog\/wp-json\/wp\/v2\/tags?post=1321"}],"curies":[{"name":"wp","href":"https:\/\/api.w.org\/{rel}","templated":true}]}}