{"id":1426,"date":"2022-09-12T13:43:42","date_gmt":"2022-09-12T13:43:42","guid":{"rendered":"https:\/\/www.webquarto.com.br\/blog\/?p=1426"},"modified":"2022-09-12T13:43:42","modified_gmt":"2022-09-12T13:43:42","slug":"plantas-para-ambientes-fechados","status":"publish","type":"post","link":"https:\/\/www.webquarto.com.br\/blog\/2022\/plantas-para-ambientes-fechados\/","title":{"rendered":"Plantas para ambientes fechados"},"content":{"rendered":"<p>Est\u00e1 em busca das melhores plantas para ambientes fechados? Al\u00e9m de darem um charme e deixarem o ambiente mais refrescante, h\u00e1 quem diga que as plantinhas ainda se encarregam de afastar vibra\u00e7\u00f5es ruins. Elas s\u00e3o respons\u00e1veis por conferir aquele clima de \u201clar\u201d, em que o aconchego \u00e9 a maior caracter\u00edstica. E quem n\u00e3o quer morar em um lugar aconchegante e que possa ser chamado de lar doce lar?<\/p>\n<p>Vem conferir as dicas, das melhores plantinhas para ambientes fechados! Selecionamos as plantinhas mais charmosas e f\u00e1ceis de cuidar.<\/p>\n<h2>Samambaia<\/h2>\n<p>Quando se fala em plantinhas de casa, a samambaia \u00e9 sempre uma das mais lembradas. Por ser uma planta volumosa, com folhas bem longas e pendentes, \u00e9 aconselh\u00e1vel que ela seja pendurada ou colocada na parede. Para garantir seu bem estar deixe-a em um espa\u00e7o com ilumina\u00e7\u00e3o difusa. O<span class=\"ILfuVd\" lang=\"pt\"><span class=\"hgKElc\"> ideal \u00e9 reg\u00e1-la diariamente com bem pouca \u00e1gua para manter a umidade da terra constante, mas evitando o encharcamento.<\/span><\/span><\/p>\n<h2><a href=\"https:\/\/www.webquarto.com.br\/blog\/wp-content\/uploads\/2022\/09\/Samambaia.jpg\"><img loading=\"lazy\" class=\"alignnone size-medium wp-image-1428\" src=\"https:\/\/www.webquarto.com.br\/blog\/wp-content\/uploads\/2022\/09\/Samambaia-300x300.jpg\" alt=\"\" width=\"300\" height=\"300\" srcset=\"https:\/\/www.webquarto.com.br\/blog\/wp-content\/uploads\/2022\/09\/Samambaia-150x150@2x.jpg 300w, https:\/\/www.webquarto.com.br\/blog\/wp-content\/uploads\/2022\/09\/Samambaia-150x150.jpg 150w, https:\/\/www.webquarto.com.br\/blog\/wp-content\/uploads\/2022\/09\/Samambaia-370x370.jpg 370w, https:\/\/www.webquarto.com.br\/blog\/wp-content\/uploads\/2022\/09\/Samambaia.jpg 700w, https:\/\/www.webquarto.com.br\/blog\/wp-content\/uploads\/2022\/09\/Samambaia-300x300@2x.jpg 600w\" sizes=\"(max-width: 300px) 100vw, 300px\" \/><\/a>Espada de S\u00e3o Jorge<\/h2>\n<p>A espada de S\u00e3o Jorge \u00e9 conhecida por ser um amuleto contra energias negativas, ela tamb\u00e9m possui outras qualidades, como: umidificar o ar e produzir uma quantidade consider\u00e1vel de oxig\u00eanio. Todas essas caracter\u00edsticas fazem dela uma planta ideal para climas mais secos. \u00c9 uma plantinha super f\u00e1cil de cuidar, ela suporta bem ambientes mais escuros e s\u00f3 precisa de \u00e1gua a cada dez dias.<\/p>\n<h2><a href=\"https:\/\/www.webquarto.com.br\/blog\/wp-content\/uploads\/2022\/09\/espada-de-sao-jorge-decoracao-.webp\"><img loading=\"lazy\" class=\"alignnone size-medium wp-image-1429\" src=\"https:\/\/www.webquarto.com.br\/blog\/wp-content\/uploads\/2022\/09\/espada-de-sao-jorge-decoracao--200x300.webp\" alt=\"\" width=\"200\" height=\"300\" srcset=\"https:\/\/www.webquarto.com.br\/blog\/wp-content\/uploads\/2022\/09\/espada-de-sao-jorge-decoracao--200x300.webp 200w, https:\/\/www.webquarto.com.br\/blog\/wp-content\/uploads\/2022\/09\/espada-de-sao-jorge-decoracao-.webp 620w, https:\/\/www.webquarto.com.br\/blog\/wp-content\/uploads\/2022\/09\/espada-de-sao-jorge-decoracao--200x300@2x.webp 400w\" sizes=\"(max-width: 200px) 100vw, 200px\" \/><\/a>Cactos e suculentas<\/h2>\n<p>Os cactos e as sucelentas s\u00e3o perfeitas para lugares mais ensolarados, como quintais e sacadas. S\u00e3o plantinhas muito simples de cuidar, elas precisam de muita luminosidade e pouca rega.<\/p>\n<h2><a href=\"https:\/\/www.webquarto.com.br\/blog\/wp-content\/uploads\/2022\/09\/Cactos-e-suculentas.jpg\"><img loading=\"lazy\" class=\"alignnone size-medium wp-image-1430\" src=\"https:\/\/www.webquarto.com.br\/blog\/wp-content\/uploads\/2022\/09\/Cactos-e-suculentas-300x300.jpg\" alt=\"\" width=\"300\" height=\"300\" srcset=\"https:\/\/www.webquarto.com.br\/blog\/wp-content\/uploads\/2022\/09\/Cactos-e-suculentas-150x150@2x.jpg 300w, https:\/\/www.webquarto.com.br\/blog\/wp-content\/uploads\/2022\/09\/Cactos-e-suculentas-150x150.jpg 150w, https:\/\/www.webquarto.com.br\/blog\/wp-content\/uploads\/2022\/09\/Cactos-e-suculentas-370x370.jpg 370w, https:\/\/www.webquarto.com.br\/blog\/wp-content\/uploads\/2022\/09\/Cactos-e-suculentas.jpg 600w\" sizes=\"(max-width: 300px) 100vw, 300px\" \/><\/a>Lavanda<\/h2>\n<p>A lavanda \u00e9 uma plantinha ideal para se ter no quarto. Elas s\u00e3o plantinhas calmantes, tem o poder de tranquilizar e com isso garantir boas noites de sono. Elas tamb\u00e9m tem func\u00e3o de prote\u00e7\u00e3o e limpeza.<\/p>\n<h2><a href=\"https:\/\/www.webquarto.com.br\/blog\/wp-content\/uploads\/2022\/09\/Lavanda.webp\"><img loading=\"lazy\" class=\"alignnone size-medium wp-image-1431\" src=\"https:\/\/www.webquarto.com.br\/blog\/wp-content\/uploads\/2022\/09\/Lavanda-200x300.webp\" alt=\"\" width=\"200\" height=\"300\" srcset=\"https:\/\/www.webquarto.com.br\/blog\/wp-content\/uploads\/2022\/09\/Lavanda-200x300.webp 200w, https:\/\/www.webquarto.com.br\/blog\/wp-content\/uploads\/2022\/09\/Lavanda.webp 683w, https:\/\/www.webquarto.com.br\/blog\/wp-content\/uploads\/2022\/09\/Lavanda-200x300@2x.webp 400w\" sizes=\"(max-width: 200px) 100vw, 200px\" \/><\/a>\u00c1rvore da felicidade<\/h2>\n<p>A \u00e1rvore da felicidade, como seu nome j\u00e1 sugere, carrega consigo uma forte simbologia, ela \u00e9 respons\u00e1vel por trazer alegria ao lar. Ela deve ser posicionada em um ambiente com bastante luminosidade e deve ser regada de suas a tr\u00eas vezes na semana.<\/p>\n<h2><a href=\"https:\/\/www.webquarto.com.br\/blog\/wp-content\/uploads\/2022\/09\/a\u0301rvore-da-felicidade.jpg\"><img loading=\"lazy\" class=\"alignnone size-medium wp-image-1432\" src=\"https:\/\/www.webquarto.com.br\/blog\/wp-content\/uploads\/2022\/09\/a\u0301rvore-da-felicidade-300x200.jpg\" alt=\"\" width=\"300\" height=\"200\" srcset=\"https:\/\/www.webquarto.com.br\/blog\/wp-content\/uploads\/2022\/09\/a\u0301rvore-da-felicidade-300x200.jpg 300w, https:\/\/www.webquarto.com.br\/blog\/wp-content\/uploads\/2022\/09\/a\u0301rvore-da-felicidade-1024x683.jpg 1024w, https:\/\/www.webquarto.com.br\/blog\/wp-content\/uploads\/2022\/09\/a\u0301rvore-da-felicidade-270x180.jpg 270w, https:\/\/www.webquarto.com.br\/blog\/wp-content\/uploads\/2022\/09\/a\u0301rvore-da-felicidade-770x515.jpg 770w, https:\/\/www.webquarto.com.br\/blog\/wp-content\/uploads\/2022\/09\/a\u0301rvore-da-felicidade-370x245.jpg 370w, https:\/\/www.webquarto.com.br\/blog\/wp-content\/uploads\/2022\/09\/a\u0301rvore-da-felicidade.jpg 1200w, https:\/\/www.webquarto.com.br\/blog\/wp-content\/uploads\/2022\/09\/a\u0301rvore-da-felicidade-300x200@2x.jpg 600w\" sizes=\"(max-width: 300px) 100vw, 300px\" \/><\/a>Jib\u00f3ia<\/h2>\n<p>Uma esp\u00e9cie vers\u00e1til, resistente e adapt\u00e1vel para ter dentro de casa, j\u00e1 que ela se acomoda em um espa\u00e7o pequeno, ficando com folhas menores quando plantada em vasos. <span class=\"ILfuVd\" lang=\"pt\"><span class=\"hgKElc\">A jib\u00f3ia gosta de \u00e1gua e calor. Regue-a duas vezes por semana, aumentando o fornecimento de \u00e1gua no ver\u00e3o e diminuindo no inverno.<\/span><\/span><\/p>\n<h2><a href=\"https:\/\/www.webquarto.com.br\/blog\/wp-content\/uploads\/2022\/09\/Jiboia.jpg\"><img loading=\"lazy\" class=\"alignnone size-medium wp-image-1433\" src=\"https:\/\/www.webquarto.com.br\/blog\/wp-content\/uploads\/2022\/09\/Jiboia-205x300.jpg\" alt=\"\" width=\"205\" height=\"300\" srcset=\"https:\/\/www.webquarto.com.br\/blog\/wp-content\/uploads\/2022\/09\/Jiboia-205x300.jpg 205w, https:\/\/www.webquarto.com.br\/blog\/wp-content\/uploads\/2022\/09\/Jiboia.jpg 564w, https:\/\/www.webquarto.com.br\/blog\/wp-content\/uploads\/2022\/09\/Jiboia-205x300@2x.jpg 410w\" sizes=\"(max-width: 205px) 100vw, 205px\" \/><\/a>Orqu\u00eddea<\/h2>\n<p>As orqu\u00eddeas s\u00e3o \u00f3timas op\u00e7\u00f5es para espa\u00e7os embaixo de janelas que recebem ventila\u00e7\u00e3o e luz direta durante algumas horas ao dia. Elas ficam lindas em cima de mesas centrais e mesas de canto. Elas adoram luminosidade e precisam ser regadas uma vez por semana.<\/p>\n<h2><a href=\"https:\/\/www.webquarto.com.br\/blog\/wp-content\/uploads\/2022\/09\/Orquidea.jpg\"><img loading=\"lazy\" class=\"alignnone size-medium wp-image-1434\" src=\"https:\/\/www.webquarto.com.br\/blog\/wp-content\/uploads\/2022\/09\/Orquidea-300x202.jpg\" alt=\"\" width=\"300\" height=\"202\" srcset=\"https:\/\/www.webquarto.com.br\/blog\/wp-content\/uploads\/2022\/09\/Orquidea-300x202.jpg 300w, https:\/\/www.webquarto.com.br\/blog\/wp-content\/uploads\/2022\/09\/Orquidea.jpg 742w, https:\/\/www.webquarto.com.br\/blog\/wp-content\/uploads\/2022\/09\/Orquidea-300x202@2x.jpg 600w\" sizes=\"(max-width: 300px) 100vw, 300px\" \/><\/a>Zamioculca<\/h2>\n<p>A zamioculca \u00e9 uma \u00f3tima op\u00e7\u00e3o de plantinha pra colocar na entrada principal da sua casa, essa esp\u00e9cie dizem atrair prosperidade.<\/p>\n<h2><a href=\"https:\/\/www.webquarto.com.br\/blog\/wp-content\/uploads\/2022\/09\/zamioculca.jpg\"><img loading=\"lazy\" class=\"alignnone size-medium wp-image-1435\" src=\"https:\/\/www.webquarto.com.br\/blog\/wp-content\/uploads\/2022\/09\/zamioculca-192x300.jpg\" alt=\"\" width=\"192\" height=\"300\" srcset=\"https:\/\/www.webquarto.com.br\/blog\/wp-content\/uploads\/2022\/09\/zamioculca-192x300.jpg 192w, https:\/\/www.webquarto.com.br\/blog\/wp-content\/uploads\/2022\/09\/zamioculca.jpg 640w, https:\/\/www.webquarto.com.br\/blog\/wp-content\/uploads\/2022\/09\/zamioculca-192x300@2x.jpg 384w\" sizes=\"(max-width: 192px) 100vw, 192px\" \/><\/a>Clorofito<\/h2>\n<p>O clorofito funciona como um verdadeiro purificador de ar. Ela regula os n\u00edveis de oxig\u00eanio e com isso melhora a qualidade do sono. Ideal para ter em qualquer ambiente, mas principalmente no quarto. Essa planta gosta de ambientes luminosos e deve ser regada uma vez por semana.<\/p>\n<p><a href=\"https:\/\/www.webquarto.com.br\/blog\/wp-content\/uploads\/2022\/09\/clorofito.jpeg\"><img loading=\"lazy\" class=\"alignnone size-medium wp-image-1436\" src=\"https:\/\/www.webquarto.com.br\/blog\/wp-content\/uploads\/2022\/09\/clorofito-199x300.jpeg\" alt=\"\" width=\"199\" height=\"300\" srcset=\"https:\/\/www.webquarto.com.br\/blog\/wp-content\/uploads\/2022\/09\/clorofito-199x300.jpeg 199w, https:\/\/www.webquarto.com.br\/blog\/wp-content\/uploads\/2022\/09\/clorofito-678x1024.jpeg 678w, https:\/\/www.webquarto.com.br\/blog\/wp-content\/uploads\/2022\/09\/clorofito.jpeg 700w, https:\/\/www.webquarto.com.br\/blog\/wp-content\/uploads\/2022\/09\/clorofito-199x300@2x.jpeg 398w\" sizes=\"(max-width: 199px) 100vw, 199px\" \/><\/a><strong>E a\u00ed, gostou das dicas? Esperamos que sim e que voc\u00ea possa deixar seu cantinho muito mais aconchegante, cheio de plantinhas. Se voc\u00ea ainda est\u00e1 em busca de um cantinho para morar, saiba que a <a href=\"https:\/\/www.webquarto.com.br\/\">WebQuarto<\/a> \u00e9 uma plataforma completa e segura para ajudar voc\u00ea a se conectar com seu pr\u00f3ximo espa\u00e7o.<br \/>\n<\/strong><\/p>\n","protected":false},"excerpt":{"rendered":"<p>Est\u00e1 em busca das melhores plantas para ambientes fechados? Al\u00e9m de darem um charme e deixarem o ambiente mais refrescante, h\u00e1 quem diga que as plantinhas ainda se encarregam de afastar vibra\u00e7\u00f5es ruins. Elas s\u00e3o respons\u00e1veis por conferir aquele clima de \u201clar\u201d, em que o aconchego \u00e9 a maior caracter\u00edstica. E quem n\u00e3o quer morar<\/p>\n","protected":false},"author":3,"featured_media":1427,"comment_status":"open","ping_status":"open","sticky":false,"template":"","format":"standard","meta":{"_monsterinsights_skip_tracking":false,"_monsterinsights_sitenote_active":false,"_monsterinsights_sitenote_note":"","_monsterinsights_sitenote_category":0},"categories":[629,627,630,628],"tags":[631],"yoast_head":"<!-- This site is optimized with the Yoast SEO plugin v19.1 - https:\/\/yoast.com\/wordpress\/plugins\/seo\/ -->\n<title>Plantas para ambientes fechados - WebQuarto<\/title>\n<meta name=\"description\" content=\"Al\u00e9m de darem um charme, deixarem o ambiente mais refrescante, h\u00e1 quem diga que as plantinhas ainda se encarregam de afastar vibra\u00e7\u00f5es ruins.\" \/>\n<meta name=\"robots\" content=\"index, follow, max-snippet:-1, max-image-preview:large, max-video-preview:-1\" \/>\n<link rel=\"canonical\" href=\"https:\/\/www.webquarto.com.br\/blog\/2022\/plantas-para-ambientes-fechados\/\" \/>\n<meta property=\"og:locale\" content=\"pt_BR\" \/>\n<meta property=\"og:type\" content=\"article\" \/>\n<meta property=\"og:title\" content=\"Plantas para ambientes fechados - WebQuarto\" \/>\n<meta property=\"og:description\" content=\"Al\u00e9m de darem um charme, deixarem o ambiente mais refrescante, h\u00e1 quem diga que as plantinhas ainda se encarregam de afastar vibra\u00e7\u00f5es ruins.\" \/>\n<meta property=\"og:url\" content=\"https:\/\/www.webquarto.com.br\/blog\/2022\/plantas-para-ambientes-fechados\/\" \/>\n<meta property=\"og:site_name\" content=\"WebQuarto\" \/>\n<meta property=\"article:published_time\" content=\"2022-09-12T13:43:42+00:00\" \/>\n<meta property=\"og:image\" content=\"https:\/\/www.webquarto.com.br\/blog\/wp-content\/uploads\/2022\/09\/Plantas-para-ambientes-fechados.jpg\" \/>\n\t<meta property=\"og:image:width\" content=\"696\" \/>\n\t<meta property=\"og:image:height\" content=\"452\" \/>\n\t<meta property=\"og:image:type\" content=\"image\/jpeg\" \/>\n<meta name=\"twitter:label1\" content=\"Escrito por\" \/>\n\t<meta name=\"twitter:data1\" content=\"Jo\u00e3o Brondi\" \/>\n\t<meta name=\"twitter:label2\" content=\"Est. tempo de leitura\" \/>\n\t<meta name=\"twitter:data2\" content=\"5 minutos\" \/>\n<script type=\"application\/ld+json\" class=\"yoast-schema-graph\">{\"@context\":\"https:\/\/schema.org\",\"@graph\":[{\"@type\":\"WebSite\",\"@id\":\"https:\/\/www.webquarto.com.br\/blog\/#website\",\"url\":\"https:\/\/www.webquarto.com.br\/blog\/\",\"name\":\"WebQuarto\",\"description\":\"Encontre quartos e apartamentos para dividir em todo o Brasil!\",\"potentialAction\":[{\"@type\":\"SearchAction\",\"target\":{\"@type\":\"EntryPoint\",\"urlTemplate\":\"https:\/\/www.webquarto.com.br\/blog\/?s={search_term_string}\"},\"query-input\":\"required name=search_term_string\"}],\"inLanguage\":\"pt-BR\"},{\"@type\":\"ImageObject\",\"inLanguage\":\"pt-BR\",\"@id\":\"https:\/\/www.webquarto.com.br\/blog\/2022\/plantas-para-ambientes-fechados\/#primaryimage\",\"url\":\"https:\/\/www.webquarto.com.br\/blog\/wp-content\/uploads\/2022\/09\/Plantas-para-ambientes-fechados.jpg\",\"contentUrl\":\"https:\/\/www.webquarto.com.br\/blog\/wp-content\/uploads\/2022\/09\/Plantas-para-ambientes-fechados.jpg\",\"width\":696,\"height\":452,\"caption\":\"Beige sofa next to dining table with grey wooden chairs in open space interior with plants\"},{\"@type\":\"WebPage\",\"@id\":\"https:\/\/www.webquarto.com.br\/blog\/2022\/plantas-para-ambientes-fechados\/#webpage\",\"url\":\"https:\/\/www.webquarto.com.br\/blog\/2022\/plantas-para-ambientes-fechados\/\",\"name\":\"Plantas para ambientes fechados - WebQuarto\",\"isPartOf\":{\"@id\":\"https:\/\/www.webquarto.com.br\/blog\/#website\"},\"primaryImageOfPage\":{\"@id\":\"https:\/\/www.webquarto.com.br\/blog\/2022\/plantas-para-ambientes-fechados\/#primaryimage\"},\"datePublished\":\"2022-09-12T13:43:42+00:00\",\"dateModified\":\"2022-09-12T13:43:42+00:00\",\"author\":{\"@id\":\"https:\/\/www.webquarto.com.br\/blog\/#\/schema\/person\/0f558b35d8e97b36d0172434cc91608f\"},\"description\":\"Al\u00e9m de darem um charme, deixarem o ambiente mais refrescante, h\u00e1 quem diga que as plantinhas ainda se encarregam de afastar vibra\u00e7\u00f5es ruins.\",\"breadcrumb\":{\"@id\":\"https:\/\/www.webquarto.com.br\/blog\/2022\/plantas-para-ambientes-fechados\/#breadcrumb\"},\"inLanguage\":\"pt-BR\",\"potentialAction\":[{\"@type\":\"ReadAction\",\"target\":[\"https:\/\/www.webquarto.com.br\/blog\/2022\/plantas-para-ambientes-fechados\/\"]}]},{\"@type\":\"BreadcrumbList\",\"@id\":\"https:\/\/www.webquarto.com.br\/blog\/2022\/plantas-para-ambientes-fechados\/#breadcrumb\",\"itemListElement\":[{\"@type\":\"ListItem\",\"position\":1,\"name\":\"In\u00edcio\",\"item\":\"https:\/\/www.webquarto.com.br\/blog\/\"},{\"@type\":\"ListItem\",\"position\":2,\"name\":\"Plantas para ambientes fechados\"}]},{\"@type\":\"Person\",\"@id\":\"https:\/\/www.webquarto.com.br\/blog\/#\/schema\/person\/0f558b35d8e97b36d0172434cc91608f\",\"name\":\"Jo\u00e3o Brondi\",\"image\":{\"@type\":\"ImageObject\",\"inLanguage\":\"pt-BR\",\"@id\":\"https:\/\/www.webquarto.com.br\/blog\/#\/schema\/person\/image\/\",\"url\":\"https:\/\/secure.gravatar.com\/avatar\/1d30fb36d3734474e638bc2902ea7ffa?s=96&d=mm&r=g\",\"contentUrl\":\"https:\/\/secure.gravatar.com\/avatar\/1d30fb36d3734474e638bc2902ea7ffa?s=96&d=mm&r=g\",\"caption\":\"Jo\u00e3o Brondi\"},\"url\":\"https:\/\/www.webquarto.com.br\/blog\/author\/joao-pedro\/\"}]}<\/script>\n<!-- \/ Yoast SEO plugin. -->","yoast_head_json":{"title":"Plantas para ambientes fechados - WebQuarto","description":"Al\u00e9m de darem um charme, deixarem o ambiente mais refrescante, h\u00e1 quem diga que as plantinhas ainda se encarregam de afastar vibra\u00e7\u00f5es ruins.","robots":{"index":"index","follow":"follow","max-snippet":"max-snippet:-1","max-image-preview":"max-image-preview:large","max-video-preview":"max-video-preview:-1"},"canonical":"https:\/\/www.webquarto.com.br\/blog\/2022\/plantas-para-ambientes-fechados\/","og_locale":"pt_BR","og_type":"article","og_title":"Plantas para ambientes fechados - WebQuarto","og_description":"Al\u00e9m de darem um charme, deixarem o ambiente mais refrescante, h\u00e1 quem diga que as plantinhas ainda se encarregam de afastar vibra\u00e7\u00f5es ruins.","og_url":"https:\/\/www.webquarto.com.br\/blog\/2022\/plantas-para-ambientes-fechados\/","og_site_name":"WebQuarto","article_published_time":"2022-09-12T13:43:42+00:00","og_image":[{"width":696,"height":452,"url":"https:\/\/www.webquarto.com.br\/blog\/wp-content\/uploads\/2022\/09\/Plantas-para-ambientes-fechados.jpg","type":"image\/jpeg"}],"twitter_misc":{"Escrito por":"Jo\u00e3o Brondi","Est. tempo de leitura":"5 minutos"},"schema":{"@context":"https:\/\/schema.org","@graph":[{"@type":"WebSite","@id":"https:\/\/www.webquarto.com.br\/blog\/#website","url":"https:\/\/www.webquarto.com.br\/blog\/","name":"WebQuarto","description":"Encontre quartos e apartamentos para dividir em todo o Brasil!","potentialAction":[{"@type":"SearchAction","target":{"@type":"EntryPoint","urlTemplate":"https:\/\/www.webquarto.com.br\/blog\/?s={search_term_string}"},"query-input":"required name=search_term_string"}],"inLanguage":"pt-BR"},{"@type":"ImageObject","inLanguage":"pt-BR","@id":"https:\/\/www.webquarto.com.br\/blog\/2022\/plantas-para-ambientes-fechados\/#primaryimage","url":"https:\/\/www.webquarto.com.br\/blog\/wp-content\/uploads\/2022\/09\/Plantas-para-ambientes-fechados.jpg","contentUrl":"https:\/\/www.webquarto.com.br\/blog\/wp-content\/uploads\/2022\/09\/Plantas-para-ambientes-fechados.jpg","width":696,"height":452,"caption":"Beige sofa next to dining table with grey wooden chairs in open space interior with plants"},{"@type":"WebPage","@id":"https:\/\/www.webquarto.com.br\/blog\/2022\/plantas-para-ambientes-fechados\/#webpage","url":"https:\/\/www.webquarto.com.br\/blog\/2022\/plantas-para-ambientes-fechados\/","name":"Plantas para ambientes fechados - WebQuarto","isPartOf":{"@id":"https:\/\/www.webquarto.com.br\/blog\/#website"},"primaryImageOfPage":{"@id":"https:\/\/www.webquarto.com.br\/blog\/2022\/plantas-para-ambientes-fechados\/#primaryimage"},"datePublished":"2022-09-12T13:43:42+00:00","dateModified":"2022-09-12T13:43:42+00:00","author":{"@id":"https:\/\/www.webquarto.com.br\/blog\/#\/schema\/person\/0f558b35d8e97b36d0172434cc91608f"},"description":"Al\u00e9m de darem um charme, deixarem o ambiente mais refrescante, h\u00e1 quem diga que as plantinhas ainda se encarregam de afastar vibra\u00e7\u00f5es ruins.","breadcrumb":{"@id":"https:\/\/www.webquarto.com.br\/blog\/2022\/plantas-para-ambientes-fechados\/#breadcrumb"},"inLanguage":"pt-BR","potentialAction":[{"@type":"ReadAction","target":["https:\/\/www.webquarto.com.br\/blog\/2022\/plantas-para-ambientes-fechados\/"]}]},{"@type":"BreadcrumbList","@id":"https:\/\/www.webquarto.com.br\/blog\/2022\/plantas-para-ambientes-fechados\/#breadcrumb","itemListElement":[{"@type":"ListItem","position":1,"name":"In\u00edcio","item":"https:\/\/www.webquarto.com.br\/blog\/"},{"@type":"ListItem","position":2,"name":"Plantas para ambientes fechados"}]},{"@type":"Person","@id":"https:\/\/www.webquarto.com.br\/blog\/#\/schema\/person\/0f558b35d8e97b36d0172434cc91608f","name":"Jo\u00e3o Brondi","image":{"@type":"ImageObject","inLanguage":"pt-BR","@id":"https:\/\/www.webquarto.com.br\/blog\/#\/schema\/person\/image\/","url":"https:\/\/secure.gravatar.com\/avatar\/1d30fb36d3734474e638bc2902ea7ffa?s=96&d=mm&r=g","contentUrl":"https:\/\/secure.gravatar.com\/avatar\/1d30fb36d3734474e638bc2902ea7ffa?s=96&d=mm&r=g","caption":"Jo\u00e3o Brondi"},"url":"https:\/\/www.webquarto.com.br\/blog\/author\/joao-pedro\/"}]}},"_links":{"self":[{"href":"https:\/\/www.webquarto.com.br\/blog\/wp-json\/wp\/v2\/posts\/1426"}],"collection":[{"href":"https:\/\/www.webquarto.com.br\/blog\/wp-json\/wp\/v2\/posts"}],"about":[{"href":"https:\/\/www.webquarto.com.br\/blog\/wp-json\/wp\/v2\/types\/post"}],"author":[{"embeddable":true,"href":"https:\/\/www.webquarto.com.br\/blog\/wp-json\/wp\/v2\/users\/3"}],"replies":[{"embeddable":true,"href":"https:\/\/www.webquarto.com.br\/blog\/wp-json\/wp\/v2\/comments?post=1426"}],"version-history":[{"count":1,"href":"https:\/\/www.webquarto.com.br\/blog\/wp-json\/wp\/v2\/posts\/1426\/revisions"}],"predecessor-version":[{"id":1437,"href":"https:\/\/www.webquarto.com.br\/blog\/wp-json\/wp\/v2\/posts\/1426\/revisions\/1437"}],"wp:featuredmedia":[{"embeddable":true,"href":"https:\/\/www.webquarto.com.br\/blog\/wp-json\/wp\/v2\/media\/1427"}],"wp:attachment":[{"href":"https:\/\/www.webquarto.com.br\/blog\/wp-json\/wp\/v2\/media?parent=1426"}],"wp:term":[{"taxonomy":"category","embeddable":true,"href":"https:\/\/www.webquarto.com.br\/blog\/wp-json\/wp\/v2\/categories?post=1426"},{"taxonomy":"post_tag","embeddable":true,"href":"https:\/\/www.webquarto.com.br\/blog\/wp-json\/wp\/v2\/tags?post=1426"}],"curies":[{"name":"wp","href":"https:\/\/api.w.org\/{rel}","templated":true}]}}