{"id":1494,"date":"2022-11-03T13:19:48","date_gmt":"2022-11-03T13:19:48","guid":{"rendered":"https:\/\/www.webquarto.com.br\/blog\/?p=1494"},"modified":"2022-11-03T13:28:06","modified_gmt":"2022-11-03T13:28:06","slug":"organizacao-de-fim-de-ano","status":"publish","type":"post","link":"https:\/\/www.webquarto.com.br\/blog\/2022\/organizacao-de-fim-de-ano\/","title":{"rendered":"Organiza\u00e7\u00e3o de fim de ano"},"content":{"rendered":"<p>Fim do ano chegou, e que tal aproveitar esse clima de renova\u00e7\u00e3o e boas energias para fazer uma limpeza e organiza\u00e7\u00e3o com aqueles itens que voc\u00ea guarda h\u00e1 anos e que na verdade voc\u00ea nem tem certeza se eles ainda t\u00eam alguma utilidade na sua vida.<\/p>\n<p>Voc\u00ea j\u00e1 parou para pensar na quantidade de coisas que guarda em casa sem qualquer necessidade? Agora pode ser o momento ideal para voc\u00ea aproveitar e fazer uma limpeza e uma organiza\u00e7\u00e3o na sua casa, e tirar aquelas coisas sem utiliza\u00e7\u00e3o e que s\u00f3 est\u00e3o juntando poeira em um canto qualquer.<\/p>\n<p>E para te ajudar, n\u00f3s preparamos algumas dicas para facilitar esse processo!<\/p>\n<h2>Mas por que me livrar das minhas coisas?<\/h2>\n<h3>Ocupa menos espa\u00e7o f\u00edsico<\/h3>\n<p>N\u00e3o tem muito mist\u00e9rio: coisas ocupam espa\u00e7o. Seja no seu arm\u00e1rio, nas suas gavetas, embaixo da cama, na garagem ou naquele dep\u00f3sito onde todo mundo coloca suas tralhas: sempre h\u00e1 um espacinho a mais que pode ser aberto se voc\u00ea se desapegar do que n\u00e3o tem mais utilidade. Ter menos coisas d\u00e1 sensa\u00e7\u00e3o de amplitude e limpeza no local, sua casa vai parecer maior, mais organizada e limpa tendo menos coisas espalhadas por ela.<\/p>\n<h3>Limpeza mental<\/h3>\n<p>Coisas nos preocupam. Elas precisam ser movidas, elas pegam p\u00f3 e precisam ser limpas com uma determinada frequ\u00eancia. Coisas tamb\u00e9m estragam e precisam ser conservadas. Elas ocupam um espa\u00e7o de preocupa\u00e7\u00e3o na sua vida que voc\u00ea poderia estar usando para se preocupar com voc\u00ea e com seu bem estar. Ou seja, quanto menos coisas voc\u00ea tiver, menos preocupa\u00e7\u00f5es voc\u00ea ter\u00e1.<\/p>\n<h3>Menos trabalho<\/h3>\n<p>Como j\u00e1 dito acima, as coisas demandam trabalho, elas precisam ser limpas e movidas. Caso voc\u00ea v\u00e1 se mudar, quanto mais coisas tiver mais trabalho e stress ter\u00e1.<\/p>\n<h3>Dinheiro parado<\/h3>\n<p>A maioria das tranqueiras que guardamos n\u00e3o t\u00eam muito valor monet\u00e1rio, mas algumas t\u00eam. Se voc\u00ea deixa algo guardado e n\u00e3o usa, tenha em mente que voc\u00ea est\u00e1 escolhendo deixar seu dinheiro parado. Escolhendo esquecer da exist\u00eancia desse dinheiro. Que tal vender as coisas que voc\u00ea tem e n\u00e3o usa e deixar esse dinheiro rendendo de alguma forma?<\/p>\n<h2>Mas por onde come\u00e7ar a organiza\u00e7\u00e3o?<\/h2>\n<p>\u00c9 claro, principalmente para acumuladores, que se desfazer das coisas n\u00e3o \u00e9 f\u00e1cil. Sua mente sempre vai tentar te sabotar dizendo &#8220;mas pode ser que em algum momento eu precise disso&#8221;. Ser\u00e1 mesmo? N\u00e3o se deixe enganar pelas armadilhas da sua mente.<\/p>\n<p>H\u00e1 algumas perguntas b\u00e1sicas que devem ser feitas e que podem te ajudar na hora de decidir o que vai e o que fica.<\/p>\n<p>1. Isso ainda funciona?<\/p>\n<p>2. Tem algum valor sentimental? Eu preciso mesmo guardar isso, ou s\u00f3 uma foto j\u00e1 me traria a lembran\u00e7a e o sentimento de nostalgia \u00e0 tona?<\/p>\n<p>3. Ocupa muito espa\u00e7o?<\/p>\n<p>4. H\u00e1 realmente alguma utilidade?<\/p>\n<p>5. Nesse ultimo ano, quantas vezes eu utilizei isso?<\/p>\n<h2>Coisas que geralmente n\u00e3o tem muita utilidade<\/h2>\n<p>Essas s\u00e3o algumas sugest\u00f5es de coisas que voc\u00ea pode se livrar:<\/p>\n<ul>\n<li>Eletr\u00f4nicos e cabos antigos;<\/li>\n<li>Revistas antigas;<\/li>\n<li>Pap\u00e9is de embrulho e alguns itens de papelaria;<\/li>\n<li>Roupas e cal\u00e7ados que voc\u00ea n\u00e3o usa mais;<\/li>\n<li>Itens quebrados ou rachados;<\/li>\n<li>Itens de cozinha duplicados:<\/li>\n<li>Rem\u00e9dios e cosm\u00e9ticos que passaram da validade;<\/li>\n<li>Livros que n\u00e3o s\u00e3o t\u00e3o importantes para voc\u00ea;<\/li>\n<li>Material escolar ou antigos materiais da faculdade;<\/li>\n<li>DVDs;<\/li>\n<\/ul>\n<h2>Por \u00faltimo e n\u00e3o menos importante: n\u00e3o reabaste\u00e7a sua casa com coisas in\u00fateis<\/h2>\n<p>Uma coisa \u00f3bvia mas que deve ser lembrada, de nada adianta voc\u00ea se livrar das coisas in\u00fateis que tem em sua casa se voc\u00ea tem o h\u00e1bito de obter mais delas. Aqui entra outra coisa em quest\u00e3o, voc\u00ea saber controlar seu consumismo e seu dinheiro. Sempre que sentir vontade de comprar algo novo, apenas porque achou legal, fa\u00e7a a voc\u00ea mesmo essas perguntas: vai ter utilidade <i>real<\/i>? Posso vender depois e recuperar um pouco do dinheiro? Estou comprando por impulso? J\u00e1 tenho algo com utilidade semelhante?<\/p>\n<p>Tente sempre focalizar as suas compras para coisas realmente \u00fateis, que voc\u00ea realmente esteja precisando ou que v\u00e1 usar muito. Consuma de forma consciente e leve uma vida mais leve e tranquila.<\/p>\n<p><strong>Esperamos que as dicas tenham sido \u00fateis, e que voc\u00ea tenha um ano novo mais tranquilo e repleto de leveza e paz. <\/strong><\/p>\n","protected":false},"excerpt":{"rendered":"<p>Fim do ano chegou, e que tal aproveitar esse clima de renova\u00e7\u00e3o e boas energias para fazer uma limpeza e organiza\u00e7\u00e3o com aqueles itens que voc\u00ea guarda h\u00e1 anos e que na verdade voc\u00ea nem tem certeza se eles ainda t\u00eam alguma utilidade na sua vida. Voc\u00ea j\u00e1 parou para pensar na quantidade de coisas<\/p>\n","protected":false},"author":3,"featured_media":1496,"comment_status":"open","ping_status":"open","sticky":false,"template":"","format":"standard","meta":{"_monsterinsights_skip_tracking":false,"_monsterinsights_sitenote_active":false,"_monsterinsights_sitenote_note":"","_monsterinsights_sitenote_category":0},"categories":[683,684,685],"tags":[686],"yoast_head":"<!-- This site is optimized with the Yoast SEO plugin v19.1 - https:\/\/yoast.com\/wordpress\/plugins\/seo\/ -->\n<title>Organiza\u00e7\u00e3o de fim de ano - WebQuarto<\/title>\n<meta name=\"description\" content=\"Fim do ano chegou, e que tal aproveitar esse clima de renova\u00e7\u00e3o e boas energias para fazer uma limpeza e organiza\u00e7\u00e3o na sua casa?\" \/>\n<meta name=\"robots\" content=\"index, follow, max-snippet:-1, max-image-preview:large, max-video-preview:-1\" \/>\n<link rel=\"canonical\" href=\"https:\/\/www.webquarto.com.br\/blog\/2022\/organizacao-de-fim-de-ano\/\" \/>\n<meta property=\"og:locale\" content=\"pt_BR\" \/>\n<meta property=\"og:type\" content=\"article\" \/>\n<meta property=\"og:title\" content=\"Organiza\u00e7\u00e3o de fim de ano - WebQuarto\" \/>\n<meta property=\"og:description\" content=\"Fim do ano chegou, e que tal aproveitar esse clima de renova\u00e7\u00e3o e boas energias para fazer uma limpeza e organiza\u00e7\u00e3o na sua casa?\" \/>\n<meta property=\"og:url\" content=\"https:\/\/www.webquarto.com.br\/blog\/2022\/organizacao-de-fim-de-ano\/\" \/>\n<meta property=\"og:site_name\" content=\"WebQuarto\" \/>\n<meta property=\"article:published_time\" content=\"2022-11-03T13:19:48+00:00\" \/>\n<meta property=\"article:modified_time\" content=\"2022-11-03T13:28:06+00:00\" \/>\n<meta property=\"og:image\" content=\"https:\/\/www.webquarto.com.br\/blog\/wp-content\/uploads\/2022\/11\/woman-unpacking-in-her-new-house-2022-10-22-02-52-33-utc.jpeg\" \/>\n\t<meta property=\"og:image:width\" content=\"1920\" \/>\n\t<meta property=\"og:image:height\" content=\"1281\" \/>\n\t<meta property=\"og:image:type\" content=\"image\/jpeg\" \/>\n<meta name=\"twitter:label1\" content=\"Escrito por\" \/>\n\t<meta name=\"twitter:data1\" content=\"Jo\u00e3o Brondi\" \/>\n\t<meta name=\"twitter:label2\" content=\"Est. tempo de leitura\" \/>\n\t<meta name=\"twitter:data2\" content=\"4 minutos\" \/>\n<script type=\"application\/ld+json\" class=\"yoast-schema-graph\">{\"@context\":\"https:\/\/schema.org\",\"@graph\":[{\"@type\":\"WebSite\",\"@id\":\"https:\/\/www.webquarto.com.br\/blog\/#website\",\"url\":\"https:\/\/www.webquarto.com.br\/blog\/\",\"name\":\"WebQuarto\",\"description\":\"Encontre quartos e apartamentos para dividir em todo o Brasil!\",\"potentialAction\":[{\"@type\":\"SearchAction\",\"target\":{\"@type\":\"EntryPoint\",\"urlTemplate\":\"https:\/\/www.webquarto.com.br\/blog\/?s={search_term_string}\"},\"query-input\":\"required name=search_term_string\"}],\"inLanguage\":\"pt-BR\"},{\"@type\":\"ImageObject\",\"inLanguage\":\"pt-BR\",\"@id\":\"https:\/\/www.webquarto.com.br\/blog\/2022\/organizacao-de-fim-de-ano\/#primaryimage\",\"url\":\"https:\/\/www.webquarto.com.br\/blog\/wp-content\/uploads\/2022\/11\/woman-unpacking-in-her-new-house-2022-10-22-02-52-33-utc.jpeg\",\"contentUrl\":\"https:\/\/www.webquarto.com.br\/blog\/wp-content\/uploads\/2022\/11\/woman-unpacking-in-her-new-house-2022-10-22-02-52-33-utc.jpeg\",\"width\":1920,\"height\":1281},{\"@type\":\"WebPage\",\"@id\":\"https:\/\/www.webquarto.com.br\/blog\/2022\/organizacao-de-fim-de-ano\/#webpage\",\"url\":\"https:\/\/www.webquarto.com.br\/blog\/2022\/organizacao-de-fim-de-ano\/\",\"name\":\"Organiza\u00e7\u00e3o de fim de ano - WebQuarto\",\"isPartOf\":{\"@id\":\"https:\/\/www.webquarto.com.br\/blog\/#website\"},\"primaryImageOfPage\":{\"@id\":\"https:\/\/www.webquarto.com.br\/blog\/2022\/organizacao-de-fim-de-ano\/#primaryimage\"},\"datePublished\":\"2022-11-03T13:19:48+00:00\",\"dateModified\":\"2022-11-03T13:28:06+00:00\",\"author\":{\"@id\":\"https:\/\/www.webquarto.com.br\/blog\/#\/schema\/person\/0f558b35d8e97b36d0172434cc91608f\"},\"description\":\"Fim do ano chegou, e que tal aproveitar esse clima de renova\u00e7\u00e3o e boas energias para fazer uma limpeza e organiza\u00e7\u00e3o na sua casa?\",\"breadcrumb\":{\"@id\":\"https:\/\/www.webquarto.com.br\/blog\/2022\/organizacao-de-fim-de-ano\/#breadcrumb\"},\"inLanguage\":\"pt-BR\",\"potentialAction\":[{\"@type\":\"ReadAction\",\"target\":[\"https:\/\/www.webquarto.com.br\/blog\/2022\/organizacao-de-fim-de-ano\/\"]}]},{\"@type\":\"BreadcrumbList\",\"@id\":\"https:\/\/www.webquarto.com.br\/blog\/2022\/organizacao-de-fim-de-ano\/#breadcrumb\",\"itemListElement\":[{\"@type\":\"ListItem\",\"position\":1,\"name\":\"In\u00edcio\",\"item\":\"https:\/\/www.webquarto.com.br\/blog\/\"},{\"@type\":\"ListItem\",\"position\":2,\"name\":\"Organiza\u00e7\u00e3o de fim de ano\"}]},{\"@type\":\"Person\",\"@id\":\"https:\/\/www.webquarto.com.br\/blog\/#\/schema\/person\/0f558b35d8e97b36d0172434cc91608f\",\"name\":\"Jo\u00e3o Brondi\",\"image\":{\"@type\":\"ImageObject\",\"inLanguage\":\"pt-BR\",\"@id\":\"https:\/\/www.webquarto.com.br\/blog\/#\/schema\/person\/image\/\",\"url\":\"https:\/\/secure.gravatar.com\/avatar\/1d30fb36d3734474e638bc2902ea7ffa?s=96&d=mm&r=g\",\"contentUrl\":\"https:\/\/secure.gravatar.com\/avatar\/1d30fb36d3734474e638bc2902ea7ffa?s=96&d=mm&r=g\",\"caption\":\"Jo\u00e3o Brondi\"},\"url\":\"https:\/\/www.webquarto.com.br\/blog\/author\/joao-pedro\/\"}]}<\/script>\n<!-- \/ Yoast SEO plugin. -->","yoast_head_json":{"title":"Organiza\u00e7\u00e3o de fim de ano - WebQuarto","description":"Fim do ano chegou, e que tal aproveitar esse clima de renova\u00e7\u00e3o e boas energias para fazer uma limpeza e organiza\u00e7\u00e3o na sua casa?","robots":{"index":"index","follow":"follow","max-snippet":"max-snippet:-1","max-image-preview":"max-image-preview:large","max-video-preview":"max-video-preview:-1"},"canonical":"https:\/\/www.webquarto.com.br\/blog\/2022\/organizacao-de-fim-de-ano\/","og_locale":"pt_BR","og_type":"article","og_title":"Organiza\u00e7\u00e3o de fim de ano - WebQuarto","og_description":"Fim do ano chegou, e que tal aproveitar esse clima de renova\u00e7\u00e3o e boas energias para fazer uma limpeza e organiza\u00e7\u00e3o na sua casa?","og_url":"https:\/\/www.webquarto.com.br\/blog\/2022\/organizacao-de-fim-de-ano\/","og_site_name":"WebQuarto","article_published_time":"2022-11-03T13:19:48+00:00","article_modified_time":"2022-11-03T13:28:06+00:00","og_image":[{"width":1920,"height":1281,"url":"https:\/\/www.webquarto.com.br\/blog\/wp-content\/uploads\/2022\/11\/woman-unpacking-in-her-new-house-2022-10-22-02-52-33-utc.jpeg","type":"image\/jpeg"}],"twitter_misc":{"Escrito por":"Jo\u00e3o Brondi","Est. tempo de leitura":"4 minutos"},"schema":{"@context":"https:\/\/schema.org","@graph":[{"@type":"WebSite","@id":"https:\/\/www.webquarto.com.br\/blog\/#website","url":"https:\/\/www.webquarto.com.br\/blog\/","name":"WebQuarto","description":"Encontre quartos e apartamentos para dividir em todo o Brasil!","potentialAction":[{"@type":"SearchAction","target":{"@type":"EntryPoint","urlTemplate":"https:\/\/www.webquarto.com.br\/blog\/?s={search_term_string}"},"query-input":"required name=search_term_string"}],"inLanguage":"pt-BR"},{"@type":"ImageObject","inLanguage":"pt-BR","@id":"https:\/\/www.webquarto.com.br\/blog\/2022\/organizacao-de-fim-de-ano\/#primaryimage","url":"https:\/\/www.webquarto.com.br\/blog\/wp-content\/uploads\/2022\/11\/woman-unpacking-in-her-new-house-2022-10-22-02-52-33-utc.jpeg","contentUrl":"https:\/\/www.webquarto.com.br\/blog\/wp-content\/uploads\/2022\/11\/woman-unpacking-in-her-new-house-2022-10-22-02-52-33-utc.jpeg","width":1920,"height":1281},{"@type":"WebPage","@id":"https:\/\/www.webquarto.com.br\/blog\/2022\/organizacao-de-fim-de-ano\/#webpage","url":"https:\/\/www.webquarto.com.br\/blog\/2022\/organizacao-de-fim-de-ano\/","name":"Organiza\u00e7\u00e3o de fim de ano - WebQuarto","isPartOf":{"@id":"https:\/\/www.webquarto.com.br\/blog\/#website"},"primaryImageOfPage":{"@id":"https:\/\/www.webquarto.com.br\/blog\/2022\/organizacao-de-fim-de-ano\/#primaryimage"},"datePublished":"2022-11-03T13:19:48+00:00","dateModified":"2022-11-03T13:28:06+00:00","author":{"@id":"https:\/\/www.webquarto.com.br\/blog\/#\/schema\/person\/0f558b35d8e97b36d0172434cc91608f"},"description":"Fim do ano chegou, e que tal aproveitar esse clima de renova\u00e7\u00e3o e boas energias para fazer uma limpeza e organiza\u00e7\u00e3o na sua casa?","breadcrumb":{"@id":"https:\/\/www.webquarto.com.br\/blog\/2022\/organizacao-de-fim-de-ano\/#breadcrumb"},"inLanguage":"pt-BR","potentialAction":[{"@type":"ReadAction","target":["https:\/\/www.webquarto.com.br\/blog\/2022\/organizacao-de-fim-de-ano\/"]}]},{"@type":"BreadcrumbList","@id":"https:\/\/www.webquarto.com.br\/blog\/2022\/organizacao-de-fim-de-ano\/#breadcrumb","itemListElement":[{"@type":"ListItem","position":1,"name":"In\u00edcio","item":"https:\/\/www.webquarto.com.br\/blog\/"},{"@type":"ListItem","position":2,"name":"Organiza\u00e7\u00e3o de fim de ano"}]},{"@type":"Person","@id":"https:\/\/www.webquarto.com.br\/blog\/#\/schema\/person\/0f558b35d8e97b36d0172434cc91608f","name":"Jo\u00e3o Brondi","image":{"@type":"ImageObject","inLanguage":"pt-BR","@id":"https:\/\/www.webquarto.com.br\/blog\/#\/schema\/person\/image\/","url":"https:\/\/secure.gravatar.com\/avatar\/1d30fb36d3734474e638bc2902ea7ffa?s=96&d=mm&r=g","contentUrl":"https:\/\/secure.gravatar.com\/avatar\/1d30fb36d3734474e638bc2902ea7ffa?s=96&d=mm&r=g","caption":"Jo\u00e3o Brondi"},"url":"https:\/\/www.webquarto.com.br\/blog\/author\/joao-pedro\/"}]}},"_links":{"self":[{"href":"https:\/\/www.webquarto.com.br\/blog\/wp-json\/wp\/v2\/posts\/1494"}],"collection":[{"href":"https:\/\/www.webquarto.com.br\/blog\/wp-json\/wp\/v2\/posts"}],"about":[{"href":"https:\/\/www.webquarto.com.br\/blog\/wp-json\/wp\/v2\/types\/post"}],"author":[{"embeddable":true,"href":"https:\/\/www.webquarto.com.br\/blog\/wp-json\/wp\/v2\/users\/3"}],"replies":[{"embeddable":true,"href":"https:\/\/www.webquarto.com.br\/blog\/wp-json\/wp\/v2\/comments?post=1494"}],"version-history":[{"count":4,"href":"https:\/\/www.webquarto.com.br\/blog\/wp-json\/wp\/v2\/posts\/1494\/revisions"}],"predecessor-version":[{"id":1499,"href":"https:\/\/www.webquarto.com.br\/blog\/wp-json\/wp\/v2\/posts\/1494\/revisions\/1499"}],"wp:featuredmedia":[{"embeddable":true,"href":"https:\/\/www.webquarto.com.br\/blog\/wp-json\/wp\/v2\/media\/1496"}],"wp:attachment":[{"href":"https:\/\/www.webquarto.com.br\/blog\/wp-json\/wp\/v2\/media?parent=1494"}],"wp:term":[{"taxonomy":"category","embeddable":true,"href":"https:\/\/www.webquarto.com.br\/blog\/wp-json\/wp\/v2\/categories?post=1494"},{"taxonomy":"post_tag","embeddable":true,"href":"https:\/\/www.webquarto.com.br\/blog\/wp-json\/wp\/v2\/tags?post=1494"}],"curies":[{"name":"wp","href":"https:\/\/api.w.org\/{rel}","templated":true}]}}