{"id":1614,"date":"2023-08-24T12:39:57","date_gmt":"2023-08-24T12:39:57","guid":{"rendered":"https:\/\/www.webquarto.com.br\/blog\/?p=1614"},"modified":"2023-08-24T12:39:57","modified_gmt":"2023-08-24T12:39:57","slug":"dicas-para-decorar-um-imovel-alugado","status":"publish","type":"post","link":"https:\/\/www.webquarto.com.br\/blog\/2023\/dicas-para-decorar-um-imovel-alugado\/","title":{"rendered":"Dicas para decorar um im\u00f3vel alugado"},"content":{"rendered":"<p>Muitas vezes, quando entramos em um apartamento alugado, ele n\u00e3o est\u00e1 l\u00e1 essas coisas. Uma pintura branca b\u00e1sica na parede e nada mais. Mas morar de aluguel n\u00e3o \u00e9 motivo para n\u00e3o ter um lar com a sua cara e a sua personalidade. \u00c9 totalmente poss\u00edvel decorar o apartamento alugado de um jeito f\u00e1cil e que n\u00e3o modifique a conforma\u00e7\u00e3o do im\u00f3vel. Vem conferir as dicas\u00a0 para deixar seu apartamento com cara de lar!<\/p>\n<h2>Seus objetos pessoais devem ser o foco da decora\u00e7\u00e3o<\/h2>\n<p>Para tornar o seu cantinho mais especial e com a sua personalidade, lembran\u00e7as de viagens, objetos decorativos recebidos de presente ou comprados em momentos especiais, entre outros, devem ser o foco da sua decora\u00e7\u00e3o. Voc\u00ea pode usar esses objetos para preencher estantes, paredes ou o lugar que voc\u00ea preferir.<\/p>\n<h2>N\u00e3o se preocupe com as paredes, voc\u00ea pode us\u00e1-las para decora\u00e7\u00e3o<\/h2>\n<p>Muita gente acaba n\u00e3o colocando nada nas paredes do im\u00f3vel alugado por medo de danificar. Mas, na maioria das vezes voc\u00ea precisa pintar o im\u00f3vel antes de devolv\u00ea-lo. E se mesmo assim voc\u00ea n\u00e3o quer fazer furos nas paredes h\u00e1 outra solu\u00e7\u00e3o, como os adesivos dupla face, pr\u00f3prios para colar quadros, esses n\u00e3o deixam marcas na parede e s\u00e3o muito pr\u00e1ticos e f\u00e1ceis de utilizar.<\/p>\n<p>Uma outra alternativa bacana para colorir o ambiente e deixar ele com a sua cara \u00e9 usar pap\u00e9is de parede. E o melhor de tudo \u00e9 que eles s\u00e3o f\u00e1ceis de remover.<\/p>\n<h2>N\u00e3o esquece das plantinhas<\/h2>\n<p>Ter plantas em casa \u00e9 um jeito de deixar os ambientes com mais vida e trazer sensa\u00e7\u00e3o de bem-estar. Ocupe os diferentes cantos do ambiente com as esp\u00e9cies de plantinhas de sua prefer\u00eancia e deixe a natureza entrar. Na hora da mudan\u00e7a, elas s\u00e3o simples de transportar.<\/p>\n<h2>Invista nos tapetes<\/h2>\n<p>Se voc\u00ea amou a planta do apartamento, mas o piso n\u00e3o est\u00e1 em boas condi\u00e7\u00f5es ou n\u00e3o tem uma apar\u00eancia da qual voc\u00ea goste muito, uma sugest\u00e3o legal e que pode deixar sua casa mais estilosa \u00e9 usar e abusar dos tapetes. Hoje em dia h\u00e1 muitas op\u00e7\u00f5es de cores e estilos dispon\u00edveis nas lojas, mas uma dica \u00e9 escolher um tapete de tamanho m\u00e9dio e estilo mais neutro, pois esse modelo \u00e9 curinga para todas as combina\u00e7\u00f5es futuras.<\/p>\n<h2>N\u00e3o invista em coisas caras e fixas<\/h2>\n<p>Voc\u00ea quer uma decora\u00e7\u00e3o divertida e no seu estilo, mas n\u00e3o precisa investir tanto dinheiro em coisas que n\u00e3o poder\u00e1 levar depois, como pap\u00e9is de parede\u00a0ou\u00a0espelhos\u00a0decorativos, por exemplo. Marcenaria \u00e9 outra coisa que n\u00e3o cabe em <strong>im\u00f3veis alugados<\/strong>. Sempre preze por comprar coisas que voc\u00ea possa levar de um lugar a outro.<\/p>\n<p><strong>E a\u00ed, gostou das dicas? J\u00e1 est\u00e1 planejando a decora\u00e7\u00e3o do seu im\u00f3vel? Ou ainda est\u00e1 procurando um im\u00f3vel para alugar? Se estiver a procura saiba que a<\/strong> <strong><a href=\"https:\/\/www.webquarto.com.br\/\">WebQuarto<\/a>\u00a0\u00e9 uma plataforma completa para te ajudar a se conectar com seu pr\u00f3ximo espa\u00e7o.\u00a0<\/strong><\/p>\n","protected":false},"excerpt":{"rendered":"<p>Muitas vezes, quando entramos em um apartamento alugado, ele n\u00e3o est\u00e1 l\u00e1 essas coisas. Uma pintura branca b\u00e1sica na parede e nada mais. Mas morar de aluguel n\u00e3o \u00e9 motivo para n\u00e3o ter um lar com a sua cara e a sua personalidade. \u00c9 totalmente poss\u00edvel decorar o apartamento alugado de um jeito f\u00e1cil e<\/p>\n","protected":false},"author":3,"featured_media":1615,"comment_status":"open","ping_status":"open","sticky":false,"template":"","format":"standard","meta":{"_monsterinsights_skip_tracking":false,"_monsterinsights_sitenote_active":false,"_monsterinsights_sitenote_note":"","_monsterinsights_sitenote_category":0},"categories":[723,342,211,625,102,340],"tags":[742],"yoast_head":"<!-- This site is optimized with the Yoast SEO plugin v19.1 - https:\/\/yoast.com\/wordpress\/plugins\/seo\/ -->\n<title>Dicas para decorar um im\u00f3vel alugado - WebQuarto<\/title>\n<meta name=\"description\" content=\"\u00c9 totalmente poss\u00edvel decorar o apartamento alugado de um jeito f\u00e1cil e que n\u00e3o modifique a conforma\u00e7\u00e3o do im\u00f3vel.\" \/>\n<meta name=\"robots\" content=\"index, follow, max-snippet:-1, max-image-preview:large, max-video-preview:-1\" \/>\n<link rel=\"canonical\" href=\"https:\/\/www.webquarto.com.br\/blog\/2023\/dicas-para-decorar-um-imovel-alugado\/\" \/>\n<meta property=\"og:locale\" content=\"pt_BR\" \/>\n<meta property=\"og:type\" content=\"article\" \/>\n<meta property=\"og:title\" content=\"Dicas para decorar um im\u00f3vel alugado - WebQuarto\" \/>\n<meta property=\"og:description\" content=\"\u00c9 totalmente poss\u00edvel decorar o apartamento alugado de um jeito f\u00e1cil e que n\u00e3o modifique a conforma\u00e7\u00e3o do im\u00f3vel.\" \/>\n<meta property=\"og:url\" content=\"https:\/\/www.webquarto.com.br\/blog\/2023\/dicas-para-decorar-um-imovel-alugado\/\" \/>\n<meta property=\"og:site_name\" content=\"WebQuarto\" \/>\n<meta property=\"article:published_time\" content=\"2023-08-24T12:39:57+00:00\" \/>\n<meta property=\"og:image\" content=\"https:\/\/www.webquarto.com.br\/blog\/wp-content\/uploads\/2023\/08\/Dicas-para-decorar-um-imovel-alugado-.jpg\" \/>\n\t<meta property=\"og:image:width\" content=\"1920\" \/>\n\t<meta property=\"og:image:height\" content=\"1280\" \/>\n\t<meta property=\"og:image:type\" content=\"image\/jpeg\" \/>\n<meta name=\"twitter:label1\" content=\"Escrito por\" \/>\n\t<meta name=\"twitter:data1\" content=\"Jo\u00e3o Brondi\" \/>\n\t<meta name=\"twitter:label2\" content=\"Est. tempo de leitura\" \/>\n\t<meta name=\"twitter:data2\" content=\"3 minutos\" \/>\n<script type=\"application\/ld+json\" class=\"yoast-schema-graph\">{\"@context\":\"https:\/\/schema.org\",\"@graph\":[{\"@type\":\"WebSite\",\"@id\":\"https:\/\/www.webquarto.com.br\/blog\/#website\",\"url\":\"https:\/\/www.webquarto.com.br\/blog\/\",\"name\":\"WebQuarto\",\"description\":\"Encontre quartos e apartamentos para dividir em todo o Brasil!\",\"potentialAction\":[{\"@type\":\"SearchAction\",\"target\":{\"@type\":\"EntryPoint\",\"urlTemplate\":\"https:\/\/www.webquarto.com.br\/blog\/?s={search_term_string}\"},\"query-input\":\"required name=search_term_string\"}],\"inLanguage\":\"pt-BR\"},{\"@type\":\"ImageObject\",\"inLanguage\":\"pt-BR\",\"@id\":\"https:\/\/www.webquarto.com.br\/blog\/2023\/dicas-para-decorar-um-imovel-alugado\/#primaryimage\",\"url\":\"https:\/\/www.webquarto.com.br\/blog\/wp-content\/uploads\/2023\/08\/Dicas-para-decorar-um-imovel-alugado-.jpg\",\"contentUrl\":\"https:\/\/www.webquarto.com.br\/blog\/wp-content\/uploads\/2023\/08\/Dicas-para-decorar-um-imovel-alugado-.jpg\",\"width\":1920,\"height\":1280},{\"@type\":\"WebPage\",\"@id\":\"https:\/\/www.webquarto.com.br\/blog\/2023\/dicas-para-decorar-um-imovel-alugado\/#webpage\",\"url\":\"https:\/\/www.webquarto.com.br\/blog\/2023\/dicas-para-decorar-um-imovel-alugado\/\",\"name\":\"Dicas para decorar um im\u00f3vel alugado - WebQuarto\",\"isPartOf\":{\"@id\":\"https:\/\/www.webquarto.com.br\/blog\/#website\"},\"primaryImageOfPage\":{\"@id\":\"https:\/\/www.webquarto.com.br\/blog\/2023\/dicas-para-decorar-um-imovel-alugado\/#primaryimage\"},\"datePublished\":\"2023-08-24T12:39:57+00:00\",\"dateModified\":\"2023-08-24T12:39:57+00:00\",\"author\":{\"@id\":\"https:\/\/www.webquarto.com.br\/blog\/#\/schema\/person\/0f558b35d8e97b36d0172434cc91608f\"},\"description\":\"\u00c9 totalmente poss\u00edvel decorar o apartamento alugado de um jeito f\u00e1cil e que n\u00e3o modifique a conforma\u00e7\u00e3o do im\u00f3vel.\",\"breadcrumb\":{\"@id\":\"https:\/\/www.webquarto.com.br\/blog\/2023\/dicas-para-decorar-um-imovel-alugado\/#breadcrumb\"},\"inLanguage\":\"pt-BR\",\"potentialAction\":[{\"@type\":\"ReadAction\",\"target\":[\"https:\/\/www.webquarto.com.br\/blog\/2023\/dicas-para-decorar-um-imovel-alugado\/\"]}]},{\"@type\":\"BreadcrumbList\",\"@id\":\"https:\/\/www.webquarto.com.br\/blog\/2023\/dicas-para-decorar-um-imovel-alugado\/#breadcrumb\",\"itemListElement\":[{\"@type\":\"ListItem\",\"position\":1,\"name\":\"In\u00edcio\",\"item\":\"https:\/\/www.webquarto.com.br\/blog\/\"},{\"@type\":\"ListItem\",\"position\":2,\"name\":\"Dicas para decorar um im\u00f3vel alugado\"}]},{\"@type\":\"Person\",\"@id\":\"https:\/\/www.webquarto.com.br\/blog\/#\/schema\/person\/0f558b35d8e97b36d0172434cc91608f\",\"name\":\"Jo\u00e3o Brondi\",\"image\":{\"@type\":\"ImageObject\",\"inLanguage\":\"pt-BR\",\"@id\":\"https:\/\/www.webquarto.com.br\/blog\/#\/schema\/person\/image\/\",\"url\":\"https:\/\/secure.gravatar.com\/avatar\/1d30fb36d3734474e638bc2902ea7ffa?s=96&d=mm&r=g\",\"contentUrl\":\"https:\/\/secure.gravatar.com\/avatar\/1d30fb36d3734474e638bc2902ea7ffa?s=96&d=mm&r=g\",\"caption\":\"Jo\u00e3o Brondi\"},\"url\":\"https:\/\/www.webquarto.com.br\/blog\/author\/joao-pedro\/\"}]}<\/script>\n<!-- \/ Yoast SEO plugin. -->","yoast_head_json":{"title":"Dicas para decorar um im\u00f3vel alugado - WebQuarto","description":"\u00c9 totalmente poss\u00edvel decorar o apartamento alugado de um jeito f\u00e1cil e que n\u00e3o modifique a conforma\u00e7\u00e3o do im\u00f3vel.","robots":{"index":"index","follow":"follow","max-snippet":"max-snippet:-1","max-image-preview":"max-image-preview:large","max-video-preview":"max-video-preview:-1"},"canonical":"https:\/\/www.webquarto.com.br\/blog\/2023\/dicas-para-decorar-um-imovel-alugado\/","og_locale":"pt_BR","og_type":"article","og_title":"Dicas para decorar um im\u00f3vel alugado - WebQuarto","og_description":"\u00c9 totalmente poss\u00edvel decorar o apartamento alugado de um jeito f\u00e1cil e que n\u00e3o modifique a conforma\u00e7\u00e3o do im\u00f3vel.","og_url":"https:\/\/www.webquarto.com.br\/blog\/2023\/dicas-para-decorar-um-imovel-alugado\/","og_site_name":"WebQuarto","article_published_time":"2023-08-24T12:39:57+00:00","og_image":[{"width":1920,"height":1280,"url":"https:\/\/www.webquarto.com.br\/blog\/wp-content\/uploads\/2023\/08\/Dicas-para-decorar-um-imovel-alugado-.jpg","type":"image\/jpeg"}],"twitter_misc":{"Escrito por":"Jo\u00e3o Brondi","Est. tempo de leitura":"3 minutos"},"schema":{"@context":"https:\/\/schema.org","@graph":[{"@type":"WebSite","@id":"https:\/\/www.webquarto.com.br\/blog\/#website","url":"https:\/\/www.webquarto.com.br\/blog\/","name":"WebQuarto","description":"Encontre quartos e apartamentos para dividir em todo o Brasil!","potentialAction":[{"@type":"SearchAction","target":{"@type":"EntryPoint","urlTemplate":"https:\/\/www.webquarto.com.br\/blog\/?s={search_term_string}"},"query-input":"required name=search_term_string"}],"inLanguage":"pt-BR"},{"@type":"ImageObject","inLanguage":"pt-BR","@id":"https:\/\/www.webquarto.com.br\/blog\/2023\/dicas-para-decorar-um-imovel-alugado\/#primaryimage","url":"https:\/\/www.webquarto.com.br\/blog\/wp-content\/uploads\/2023\/08\/Dicas-para-decorar-um-imovel-alugado-.jpg","contentUrl":"https:\/\/www.webquarto.com.br\/blog\/wp-content\/uploads\/2023\/08\/Dicas-para-decorar-um-imovel-alugado-.jpg","width":1920,"height":1280},{"@type":"WebPage","@id":"https:\/\/www.webquarto.com.br\/blog\/2023\/dicas-para-decorar-um-imovel-alugado\/#webpage","url":"https:\/\/www.webquarto.com.br\/blog\/2023\/dicas-para-decorar-um-imovel-alugado\/","name":"Dicas para decorar um im\u00f3vel alugado - WebQuarto","isPartOf":{"@id":"https:\/\/www.webquarto.com.br\/blog\/#website"},"primaryImageOfPage":{"@id":"https:\/\/www.webquarto.com.br\/blog\/2023\/dicas-para-decorar-um-imovel-alugado\/#primaryimage"},"datePublished":"2023-08-24T12:39:57+00:00","dateModified":"2023-08-24T12:39:57+00:00","author":{"@id":"https:\/\/www.webquarto.com.br\/blog\/#\/schema\/person\/0f558b35d8e97b36d0172434cc91608f"},"description":"\u00c9 totalmente poss\u00edvel decorar o apartamento alugado de um jeito f\u00e1cil e que n\u00e3o modifique a conforma\u00e7\u00e3o do im\u00f3vel.","breadcrumb":{"@id":"https:\/\/www.webquarto.com.br\/blog\/2023\/dicas-para-decorar-um-imovel-alugado\/#breadcrumb"},"inLanguage":"pt-BR","potentialAction":[{"@type":"ReadAction","target":["https:\/\/www.webquarto.com.br\/blog\/2023\/dicas-para-decorar-um-imovel-alugado\/"]}]},{"@type":"BreadcrumbList","@id":"https:\/\/www.webquarto.com.br\/blog\/2023\/dicas-para-decorar-um-imovel-alugado\/#breadcrumb","itemListElement":[{"@type":"ListItem","position":1,"name":"In\u00edcio","item":"https:\/\/www.webquarto.com.br\/blog\/"},{"@type":"ListItem","position":2,"name":"Dicas para decorar um im\u00f3vel alugado"}]},{"@type":"Person","@id":"https:\/\/www.webquarto.com.br\/blog\/#\/schema\/person\/0f558b35d8e97b36d0172434cc91608f","name":"Jo\u00e3o Brondi","image":{"@type":"ImageObject","inLanguage":"pt-BR","@id":"https:\/\/www.webquarto.com.br\/blog\/#\/schema\/person\/image\/","url":"https:\/\/secure.gravatar.com\/avatar\/1d30fb36d3734474e638bc2902ea7ffa?s=96&d=mm&r=g","contentUrl":"https:\/\/secure.gravatar.com\/avatar\/1d30fb36d3734474e638bc2902ea7ffa?s=96&d=mm&r=g","caption":"Jo\u00e3o Brondi"},"url":"https:\/\/www.webquarto.com.br\/blog\/author\/joao-pedro\/"}]}},"_links":{"self":[{"href":"https:\/\/www.webquarto.com.br\/blog\/wp-json\/wp\/v2\/posts\/1614"}],"collection":[{"href":"https:\/\/www.webquarto.com.br\/blog\/wp-json\/wp\/v2\/posts"}],"about":[{"href":"https:\/\/www.webquarto.com.br\/blog\/wp-json\/wp\/v2\/types\/post"}],"author":[{"embeddable":true,"href":"https:\/\/www.webquarto.com.br\/blog\/wp-json\/wp\/v2\/users\/3"}],"replies":[{"embeddable":true,"href":"https:\/\/www.webquarto.com.br\/blog\/wp-json\/wp\/v2\/comments?post=1614"}],"version-history":[{"count":1,"href":"https:\/\/www.webquarto.com.br\/blog\/wp-json\/wp\/v2\/posts\/1614\/revisions"}],"predecessor-version":[{"id":1616,"href":"https:\/\/www.webquarto.com.br\/blog\/wp-json\/wp\/v2\/posts\/1614\/revisions\/1616"}],"wp:featuredmedia":[{"embeddable":true,"href":"https:\/\/www.webquarto.com.br\/blog\/wp-json\/wp\/v2\/media\/1615"}],"wp:attachment":[{"href":"https:\/\/www.webquarto.com.br\/blog\/wp-json\/wp\/v2\/media?parent=1614"}],"wp:term":[{"taxonomy":"category","embeddable":true,"href":"https:\/\/www.webquarto.com.br\/blog\/wp-json\/wp\/v2\/categories?post=1614"},{"taxonomy":"post_tag","embeddable":true,"href":"https:\/\/www.webquarto.com.br\/blog\/wp-json\/wp\/v2\/tags?post=1614"}],"curies":[{"name":"wp","href":"https:\/\/api.w.org\/{rel}","templated":true}]}}