{"id":1685,"date":"2025-04-02T12:19:47","date_gmt":"2025-04-02T12:19:47","guid":{"rendered":"https:\/\/www.webquarto.com.br\/blog\/?p=1685"},"modified":"2025-04-02T12:19:47","modified_gmt":"2025-04-02T12:19:47","slug":"maneiras-de-aproveitar-melhor-o-espaco-no-seu-imovel","status":"publish","type":"post","link":"https:\/\/www.webquarto.com.br\/blog\/2025\/maneiras-de-aproveitar-melhor-o-espaco-no-seu-imovel\/","title":{"rendered":"Maneiras de aproveitar melhor o espa\u00e7o no seu im\u00f3vel"},"content":{"rendered":"<p class=\"\" data-start=\"0\" data-end=\"287\">Todo im\u00f3vel pode ser bem aproveitado, independentemente do seu tamanho! Se voc\u00ea mora em um apartamento pequeno e n\u00e3o sabe como otimizar os espa\u00e7os, n\u00e3o se preocupe. Criamos este post especialmente para voc\u00ea, com dicas e maneiras de aproveitar melhor o espa\u00e7o no seu im\u00f3vel. Confira!<\/p>\n<h3 class=\"\" data-start=\"289\" data-end=\"327\">Aproveite cada espa\u00e7o dispon\u00edvel no seu im\u00f3vel<\/h3>\n<p class=\"\" data-start=\"329\" data-end=\"678\">Apartamentos e casas pequenas oferecem muito mais possibilidades do que voc\u00ea imagina. Por exemplo, o espa\u00e7o abaixo das escadas pode ser utilizado de diversas maneiras: instale prateleiras nos degraus, crie um arm\u00e1rio embutido ou transforme a \u00e1rea em um suporte para TV. Pequenos ajustes podem fazer uma grande diferen\u00e7a na organiza\u00e7\u00e3o do ambiente.<\/p>\n<h3 class=\"\" data-start=\"680\" data-end=\"716\">Aposte em prateleiras e nichos<\/h3>\n<p class=\"\" data-start=\"718\" data-end=\"1007\">Uma excelente forma de economizar espa\u00e7o \u00e9 utilizar as paredes para armazenar objetos e expor itens decorativos. Prateleiras e nichos s\u00e3o \u00f3timos aliados para manter o ambiente organizado sem a necessidade de m\u00f3veis volumosos. Al\u00e9m de pr\u00e1ticos, eles trazem um toque de estilo \u00e0 decora\u00e7\u00e3o.<\/p>\n<h3 class=\"\" data-start=\"1009\" data-end=\"1045\">Escolha m\u00f3veis multifuncionais<\/h3>\n<p class=\"\" data-start=\"1047\" data-end=\"1306\">M\u00f3veis que cumprem mais de uma fun\u00e7\u00e3o s\u00e3o ideais para otimizar espa\u00e7os pequenos. Sof\u00e1-cama, mesas dobr\u00e1veis e camas com gavetas embutidas s\u00e3o alguns exemplos que ajudam a evitar o ac\u00famulo de m\u00f3veis desnecess\u00e1rios e garantem mais funcionalidade ao ambiente.<\/p>\n<h3 class=\"\" data-start=\"1308\" data-end=\"1343\">Reduza o n\u00famero de divis\u00f3rias<\/h3>\n<p class=\"\" data-start=\"1345\" data-end=\"1525\">Eliminar divis\u00f3rias em excesso torna o apartamento mais amplo e arejado. Ambientes integrados, como cozinha americana e salas conjugadas, deixam o espa\u00e7o mais fluido e funcional.<\/p>\n<h3 class=\"\" data-start=\"1527\" data-end=\"1545\">Menos \u00e9 mais<\/h3>\n<p class=\"\" data-start=\"1547\" data-end=\"1794\">Ao decorar um apartamento pequeno, adote um estilo minimalista. Evite excesso de m\u00f3veis e objetos, priorizando aqueles que realmente fazem diferen\u00e7a no dia a dia. Um design limpo e bem planejado contribui para um ambiente mais leve e organizado.<\/p>\n<h3 class=\"\" data-start=\"1796\" data-end=\"1825\">Planeje bem a decora\u00e7\u00e3o<\/h3>\n<p class=\"\" data-start=\"1827\" data-end=\"2075\">A forma como voc\u00ea organiza e decora seu espa\u00e7o influencia diretamente na percep\u00e7\u00e3o do tamanho do ambiente. Escolher cores claras, m\u00f3veis proporcionais e itens decorativos estrat\u00e9gicos pode trazer a sensa\u00e7\u00e3o de amplitude e conforto para o seu lar.<\/p>\n<p class=\"\" data-start=\"2077\" data-end=\"2178\">Seguindo essas dicas, seu apartamento pequeno se tornar\u00e1 muito mais funcional, aconchegante e bonito!<\/p>\n<p data-start=\"2077\" data-end=\"2178\">Gostou das dicas? Quer mais dicas como est\u00e1? Continue lendo os posts na <strong><a href=\"https:\/\/www.webquarto.com.br\/\">WebQuarto!<\/a><\/strong><\/p>\n","protected":false},"excerpt":{"rendered":"<p>Todo im\u00f3vel pode ser bem aproveitado, independentemente do seu tamanho! Se voc\u00ea mora em um apartamento pequeno e n\u00e3o sabe como otimizar os espa\u00e7os, n\u00e3o se preocupe. Criamos este post especialmente para voc\u00ea, com dicas e maneiras de aproveitar melhor o espa\u00e7o no seu im\u00f3vel. Confira! Aproveite cada espa\u00e7o dispon\u00edvel no seu im\u00f3vel Apartamentos e<\/p>\n","protected":false},"author":3,"featured_media":1687,"comment_status":"open","ping_status":"open","sticky":false,"template":"","format":"standard","meta":{"_monsterinsights_skip_tracking":false,"_monsterinsights_sitenote_active":false,"_monsterinsights_sitenote_note":"","_monsterinsights_sitenote_category":0},"categories":[723,117,114,765,764,766],"tags":[767],"yoast_head":"<!-- This site is optimized with the Yoast SEO plugin v19.1 - https:\/\/yoast.com\/wordpress\/plugins\/seo\/ -->\n<title>Maneiras de aproveitar melhor o espa\u00e7o no seu im\u00f3vel - WebQuarto<\/title>\n<meta name=\"description\" content=\"Se voc\u00ea mora em um apartamento pequeno e n\u00e3o sabe como otimizar os espa\u00e7os, n\u00e3o se preocupe. Reunimos algumas dicas nesse post!\" \/>\n<meta name=\"robots\" content=\"index, follow, max-snippet:-1, max-image-preview:large, max-video-preview:-1\" \/>\n<link rel=\"canonical\" href=\"https:\/\/www.webquarto.com.br\/blog\/2025\/maneiras-de-aproveitar-melhor-o-espaco-no-seu-imovel\/\" \/>\n<meta property=\"og:locale\" content=\"pt_BR\" \/>\n<meta property=\"og:type\" content=\"article\" \/>\n<meta property=\"og:title\" content=\"Maneiras de aproveitar melhor o espa\u00e7o no seu im\u00f3vel - WebQuarto\" \/>\n<meta property=\"og:description\" content=\"Se voc\u00ea mora em um apartamento pequeno e n\u00e3o sabe como otimizar os espa\u00e7os, n\u00e3o se preocupe. Reunimos algumas dicas nesse post!\" \/>\n<meta property=\"og:url\" content=\"https:\/\/www.webquarto.com.br\/blog\/2025\/maneiras-de-aproveitar-melhor-o-espaco-no-seu-imovel\/\" \/>\n<meta property=\"og:site_name\" content=\"WebQuarto\" \/>\n<meta property=\"article:published_time\" content=\"2025-04-02T12:19:47+00:00\" \/>\n<meta property=\"og:image\" content=\"https:\/\/www.webquarto.com.br\/blog\/wp-content\/uploads\/2025\/04\/Maneiras-de-aproveitar-melhor-o-espaco-no-seu-imovel.jpg\" \/>\n\t<meta property=\"og:image:width\" content=\"1920\" \/>\n\t<meta property=\"og:image:height\" content=\"1281\" \/>\n\t<meta property=\"og:image:type\" content=\"image\/jpeg\" \/>\n<meta name=\"twitter:label1\" content=\"Escrito por\" \/>\n\t<meta name=\"twitter:data1\" content=\"Jo\u00e3o Brondi\" \/>\n\t<meta name=\"twitter:label2\" content=\"Est. tempo de leitura\" \/>\n\t<meta name=\"twitter:data2\" content=\"2 minutos\" \/>\n<script type=\"application\/ld+json\" class=\"yoast-schema-graph\">{\"@context\":\"https:\/\/schema.org\",\"@graph\":[{\"@type\":\"WebSite\",\"@id\":\"https:\/\/www.webquarto.com.br\/blog\/#website\",\"url\":\"https:\/\/www.webquarto.com.br\/blog\/\",\"name\":\"WebQuarto\",\"description\":\"Encontre quartos e apartamentos para dividir em todo o Brasil!\",\"potentialAction\":[{\"@type\":\"SearchAction\",\"target\":{\"@type\":\"EntryPoint\",\"urlTemplate\":\"https:\/\/www.webquarto.com.br\/blog\/?s={search_term_string}\"},\"query-input\":\"required name=search_term_string\"}],\"inLanguage\":\"pt-BR\"},{\"@type\":\"ImageObject\",\"inLanguage\":\"pt-BR\",\"@id\":\"https:\/\/www.webquarto.com.br\/blog\/2025\/maneiras-de-aproveitar-melhor-o-espaco-no-seu-imovel\/#primaryimage\",\"url\":\"https:\/\/www.webquarto.com.br\/blog\/wp-content\/uploads\/2025\/04\/Maneiras-de-aproveitar-melhor-o-espaco-no-seu-imovel.jpg\",\"contentUrl\":\"https:\/\/www.webquarto.com.br\/blog\/wp-content\/uploads\/2025\/04\/Maneiras-de-aproveitar-melhor-o-espaco-no-seu-imovel.jpg\",\"width\":1920,\"height\":1281},{\"@type\":\"WebPage\",\"@id\":\"https:\/\/www.webquarto.com.br\/blog\/2025\/maneiras-de-aproveitar-melhor-o-espaco-no-seu-imovel\/#webpage\",\"url\":\"https:\/\/www.webquarto.com.br\/blog\/2025\/maneiras-de-aproveitar-melhor-o-espaco-no-seu-imovel\/\",\"name\":\"Maneiras de aproveitar melhor o espa\u00e7o no seu im\u00f3vel - WebQuarto\",\"isPartOf\":{\"@id\":\"https:\/\/www.webquarto.com.br\/blog\/#website\"},\"primaryImageOfPage\":{\"@id\":\"https:\/\/www.webquarto.com.br\/blog\/2025\/maneiras-de-aproveitar-melhor-o-espaco-no-seu-imovel\/#primaryimage\"},\"datePublished\":\"2025-04-02T12:19:47+00:00\",\"dateModified\":\"2025-04-02T12:19:47+00:00\",\"author\":{\"@id\":\"https:\/\/www.webquarto.com.br\/blog\/#\/schema\/person\/0f558b35d8e97b36d0172434cc91608f\"},\"description\":\"Se voc\u00ea mora em um apartamento pequeno e n\u00e3o sabe como otimizar os espa\u00e7os, n\u00e3o se preocupe. Reunimos algumas dicas nesse post!\",\"breadcrumb\":{\"@id\":\"https:\/\/www.webquarto.com.br\/blog\/2025\/maneiras-de-aproveitar-melhor-o-espaco-no-seu-imovel\/#breadcrumb\"},\"inLanguage\":\"pt-BR\",\"potentialAction\":[{\"@type\":\"ReadAction\",\"target\":[\"https:\/\/www.webquarto.com.br\/blog\/2025\/maneiras-de-aproveitar-melhor-o-espaco-no-seu-imovel\/\"]}]},{\"@type\":\"BreadcrumbList\",\"@id\":\"https:\/\/www.webquarto.com.br\/blog\/2025\/maneiras-de-aproveitar-melhor-o-espaco-no-seu-imovel\/#breadcrumb\",\"itemListElement\":[{\"@type\":\"ListItem\",\"position\":1,\"name\":\"In\u00edcio\",\"item\":\"https:\/\/www.webquarto.com.br\/blog\/\"},{\"@type\":\"ListItem\",\"position\":2,\"name\":\"Maneiras de aproveitar melhor o espa\u00e7o no seu im\u00f3vel\"}]},{\"@type\":\"Person\",\"@id\":\"https:\/\/www.webquarto.com.br\/blog\/#\/schema\/person\/0f558b35d8e97b36d0172434cc91608f\",\"name\":\"Jo\u00e3o Brondi\",\"image\":{\"@type\":\"ImageObject\",\"inLanguage\":\"pt-BR\",\"@id\":\"https:\/\/www.webquarto.com.br\/blog\/#\/schema\/person\/image\/\",\"url\":\"https:\/\/secure.gravatar.com\/avatar\/1d30fb36d3734474e638bc2902ea7ffa?s=96&d=mm&r=g\",\"contentUrl\":\"https:\/\/secure.gravatar.com\/avatar\/1d30fb36d3734474e638bc2902ea7ffa?s=96&d=mm&r=g\",\"caption\":\"Jo\u00e3o Brondi\"},\"url\":\"https:\/\/www.webquarto.com.br\/blog\/author\/joao-pedro\/\"}]}<\/script>\n<!-- \/ Yoast SEO plugin. -->","yoast_head_json":{"title":"Maneiras de aproveitar melhor o espa\u00e7o no seu im\u00f3vel - WebQuarto","description":"Se voc\u00ea mora em um apartamento pequeno e n\u00e3o sabe como otimizar os espa\u00e7os, n\u00e3o se preocupe. Reunimos algumas dicas nesse post!","robots":{"index":"index","follow":"follow","max-snippet":"max-snippet:-1","max-image-preview":"max-image-preview:large","max-video-preview":"max-video-preview:-1"},"canonical":"https:\/\/www.webquarto.com.br\/blog\/2025\/maneiras-de-aproveitar-melhor-o-espaco-no-seu-imovel\/","og_locale":"pt_BR","og_type":"article","og_title":"Maneiras de aproveitar melhor o espa\u00e7o no seu im\u00f3vel - WebQuarto","og_description":"Se voc\u00ea mora em um apartamento pequeno e n\u00e3o sabe como otimizar os espa\u00e7os, n\u00e3o se preocupe. Reunimos algumas dicas nesse post!","og_url":"https:\/\/www.webquarto.com.br\/blog\/2025\/maneiras-de-aproveitar-melhor-o-espaco-no-seu-imovel\/","og_site_name":"WebQuarto","article_published_time":"2025-04-02T12:19:47+00:00","og_image":[{"width":1920,"height":1281,"url":"https:\/\/www.webquarto.com.br\/blog\/wp-content\/uploads\/2025\/04\/Maneiras-de-aproveitar-melhor-o-espaco-no-seu-imovel.jpg","type":"image\/jpeg"}],"twitter_misc":{"Escrito por":"Jo\u00e3o Brondi","Est. tempo de leitura":"2 minutos"},"schema":{"@context":"https:\/\/schema.org","@graph":[{"@type":"WebSite","@id":"https:\/\/www.webquarto.com.br\/blog\/#website","url":"https:\/\/www.webquarto.com.br\/blog\/","name":"WebQuarto","description":"Encontre quartos e apartamentos para dividir em todo o Brasil!","potentialAction":[{"@type":"SearchAction","target":{"@type":"EntryPoint","urlTemplate":"https:\/\/www.webquarto.com.br\/blog\/?s={search_term_string}"},"query-input":"required name=search_term_string"}],"inLanguage":"pt-BR"},{"@type":"ImageObject","inLanguage":"pt-BR","@id":"https:\/\/www.webquarto.com.br\/blog\/2025\/maneiras-de-aproveitar-melhor-o-espaco-no-seu-imovel\/#primaryimage","url":"https:\/\/www.webquarto.com.br\/blog\/wp-content\/uploads\/2025\/04\/Maneiras-de-aproveitar-melhor-o-espaco-no-seu-imovel.jpg","contentUrl":"https:\/\/www.webquarto.com.br\/blog\/wp-content\/uploads\/2025\/04\/Maneiras-de-aproveitar-melhor-o-espaco-no-seu-imovel.jpg","width":1920,"height":1281},{"@type":"WebPage","@id":"https:\/\/www.webquarto.com.br\/blog\/2025\/maneiras-de-aproveitar-melhor-o-espaco-no-seu-imovel\/#webpage","url":"https:\/\/www.webquarto.com.br\/blog\/2025\/maneiras-de-aproveitar-melhor-o-espaco-no-seu-imovel\/","name":"Maneiras de aproveitar melhor o espa\u00e7o no seu im\u00f3vel - WebQuarto","isPartOf":{"@id":"https:\/\/www.webquarto.com.br\/blog\/#website"},"primaryImageOfPage":{"@id":"https:\/\/www.webquarto.com.br\/blog\/2025\/maneiras-de-aproveitar-melhor-o-espaco-no-seu-imovel\/#primaryimage"},"datePublished":"2025-04-02T12:19:47+00:00","dateModified":"2025-04-02T12:19:47+00:00","author":{"@id":"https:\/\/www.webquarto.com.br\/blog\/#\/schema\/person\/0f558b35d8e97b36d0172434cc91608f"},"description":"Se voc\u00ea mora em um apartamento pequeno e n\u00e3o sabe como otimizar os espa\u00e7os, n\u00e3o se preocupe. Reunimos algumas dicas nesse post!","breadcrumb":{"@id":"https:\/\/www.webquarto.com.br\/blog\/2025\/maneiras-de-aproveitar-melhor-o-espaco-no-seu-imovel\/#breadcrumb"},"inLanguage":"pt-BR","potentialAction":[{"@type":"ReadAction","target":["https:\/\/www.webquarto.com.br\/blog\/2025\/maneiras-de-aproveitar-melhor-o-espaco-no-seu-imovel\/"]}]},{"@type":"BreadcrumbList","@id":"https:\/\/www.webquarto.com.br\/blog\/2025\/maneiras-de-aproveitar-melhor-o-espaco-no-seu-imovel\/#breadcrumb","itemListElement":[{"@type":"ListItem","position":1,"name":"In\u00edcio","item":"https:\/\/www.webquarto.com.br\/blog\/"},{"@type":"ListItem","position":2,"name":"Maneiras de aproveitar melhor o espa\u00e7o no seu im\u00f3vel"}]},{"@type":"Person","@id":"https:\/\/www.webquarto.com.br\/blog\/#\/schema\/person\/0f558b35d8e97b36d0172434cc91608f","name":"Jo\u00e3o Brondi","image":{"@type":"ImageObject","inLanguage":"pt-BR","@id":"https:\/\/www.webquarto.com.br\/blog\/#\/schema\/person\/image\/","url":"https:\/\/secure.gravatar.com\/avatar\/1d30fb36d3734474e638bc2902ea7ffa?s=96&d=mm&r=g","contentUrl":"https:\/\/secure.gravatar.com\/avatar\/1d30fb36d3734474e638bc2902ea7ffa?s=96&d=mm&r=g","caption":"Jo\u00e3o Brondi"},"url":"https:\/\/www.webquarto.com.br\/blog\/author\/joao-pedro\/"}]}},"_links":{"self":[{"href":"https:\/\/www.webquarto.com.br\/blog\/wp-json\/wp\/v2\/posts\/1685"}],"collection":[{"href":"https:\/\/www.webquarto.com.br\/blog\/wp-json\/wp\/v2\/posts"}],"about":[{"href":"https:\/\/www.webquarto.com.br\/blog\/wp-json\/wp\/v2\/types\/post"}],"author":[{"embeddable":true,"href":"https:\/\/www.webquarto.com.br\/blog\/wp-json\/wp\/v2\/users\/3"}],"replies":[{"embeddable":true,"href":"https:\/\/www.webquarto.com.br\/blog\/wp-json\/wp\/v2\/comments?post=1685"}],"version-history":[{"count":1,"href":"https:\/\/www.webquarto.com.br\/blog\/wp-json\/wp\/v2\/posts\/1685\/revisions"}],"predecessor-version":[{"id":1688,"href":"https:\/\/www.webquarto.com.br\/blog\/wp-json\/wp\/v2\/posts\/1685\/revisions\/1688"}],"wp:featuredmedia":[{"embeddable":true,"href":"https:\/\/www.webquarto.com.br\/blog\/wp-json\/wp\/v2\/media\/1687"}],"wp:attachment":[{"href":"https:\/\/www.webquarto.com.br\/blog\/wp-json\/wp\/v2\/media?parent=1685"}],"wp:term":[{"taxonomy":"category","embeddable":true,"href":"https:\/\/www.webquarto.com.br\/blog\/wp-json\/wp\/v2\/categories?post=1685"},{"taxonomy":"post_tag","embeddable":true,"href":"https:\/\/www.webquarto.com.br\/blog\/wp-json\/wp\/v2\/tags?post=1685"}],"curies":[{"name":"wp","href":"https:\/\/api.w.org\/{rel}","templated":true}]}}