{"id":1694,"date":"2025-04-14T12:57:39","date_gmt":"2025-04-14T12:57:39","guid":{"rendered":"https:\/\/www.webquarto.com.br\/blog\/?p=1694"},"modified":"2025-04-14T12:57:39","modified_gmt":"2025-04-14T12:57:39","slug":"fatores-que-indicam-a-valorizacao-do-seu-imovel","status":"publish","type":"post","link":"https:\/\/www.webquarto.com.br\/blog\/2025\/fatores-que-indicam-a-valorizacao-do-seu-imovel\/","title":{"rendered":"Fatores que indicam a valoriza\u00e7\u00e3o do seu im\u00f3vel"},"content":{"rendered":"<p class=\"\" data-start=\"155\" data-end=\"461\">Se voc\u00ea tem um im\u00f3vel ou est\u00e1 pensando em investir em um, \u00e9 importante saber identificar os sinais que apontam para uma poss\u00edvel valoriza\u00e7\u00e3o. Afinal, al\u00e9m de ser um lugar para morar ou alugar, o im\u00f3vel tamb\u00e9m pode representar um excelente ativo financeiro. Mas o que faz um im\u00f3vel se valorizar com o tempo?<\/p>\n<p class=\"\" data-start=\"463\" data-end=\"577\">Abaixo, listamos alguns dos principais fatores que indicam a valoriza\u00e7\u00e3o do seu im\u00f3vel:<\/p>\n<h4 class=\"\" data-start=\"584\" data-end=\"619\">1. <strong data-start=\"592\" data-end=\"619\">Localiza\u00e7\u00e3o estrat\u00e9gica<\/strong><\/h4>\n<p class=\"\" data-start=\"620\" data-end=\"954\">A localiza\u00e7\u00e3o continua sendo um dos pontos mais importantes na valoriza\u00e7\u00e3o de um im\u00f3vel. Proximidade de centros comerciais, escolas, hospitais, transporte p\u00fablico, \u00e1reas verdes e vias de acesso valorizam consideravelmente a propriedade. Bairros em crescimento ou com projetos de revitaliza\u00e7\u00e3o tamb\u00e9m tendem a se valorizar com o tempo.<\/p>\n<h4 class=\"\" data-start=\"961\" data-end=\"997\">2. <strong data-start=\"969\" data-end=\"997\">Infraestrutura da regi\u00e3o<\/strong><\/h4>\n<p class=\"\" data-start=\"998\" data-end=\"1252\">A chegada de novos empreendimentos, melhorias urbanas, instala\u00e7\u00e3o de ilumina\u00e7\u00e3o p\u00fablica, saneamento, pavimenta\u00e7\u00e3o e seguran\u00e7a s\u00e3o fortes indicativos de que a regi\u00e3o est\u00e1 em desenvolvimento \u2014 e isso geralmente acompanha a valoriza\u00e7\u00e3o dos im\u00f3veis ao redor.<\/p>\n<h4 class=\"\" data-start=\"1259\" data-end=\"1290\">3. <strong data-start=\"1267\" data-end=\"1290\">Condi\u00e7\u00f5es do im\u00f3vel<\/strong><\/h4>\n<p class=\"\" data-start=\"1291\" data-end=\"1560\">A conserva\u00e7\u00e3o do im\u00f3vel tamb\u00e9m pesa bastante na avalia\u00e7\u00e3o. Im\u00f3veis bem cuidados, com boa manuten\u00e7\u00e3o, acabamentos modernos e infraestrutura el\u00e9trica e hidr\u00e1ulica em dia tendem a valer mais. Reformas que agregam conforto e funcionalidade tamb\u00e9m influenciam positivamente.<\/p>\n<h4 class=\"\" data-start=\"1567\" data-end=\"1600\">4. <strong data-start=\"1575\" data-end=\"1600\">Potencial de expans\u00e3o<\/strong><\/h4>\n<p class=\"\" data-start=\"1601\" data-end=\"1767\">\u00c1reas com espa\u00e7o para futuras constru\u00e7\u00f5es ou que oferecem possibilidades de amplia\u00e7\u00e3o s\u00e3o mais atrativas. Isso vale tanto para im\u00f3veis residenciais quanto comerciais.<\/p>\n<h4 class=\"\" data-start=\"1774\" data-end=\"1802\">5. <strong data-start=\"1782\" data-end=\"1802\">Oferta e demanda<\/strong><\/h4>\n<p class=\"\" data-start=\"1803\" data-end=\"2009\">Se h\u00e1 grande procura por im\u00f3veis na sua regi\u00e3o e pouca oferta, a valoriza\u00e7\u00e3o \u00e9 quase certa. Isso acontece muito em cidades que est\u00e3o crescendo rapidamente ou em bairros que est\u00e3o se tornando mais populares.<\/p>\n<h4 class=\"\" data-start=\"2016\" data-end=\"2037\">6. <strong data-start=\"2024\" data-end=\"2037\">Seguran\u00e7a<\/strong><\/h4>\n<p class=\"\" data-start=\"2038\" data-end=\"2231\">Regi\u00f5es com baixo \u00edndice de criminalidade, presen\u00e7a de vigil\u00e2ncia, c\u00e2meras de seguran\u00e7a e sensa\u00e7\u00e3o geral de tranquilidade tendem a atrair mais moradores e, por isso, se tornam mais valorizadas.<\/p>\n<h4 class=\"\" data-start=\"2238\" data-end=\"2270\">7. <strong data-start=\"2246\" data-end=\"2270\">Perspectivas futuras<\/strong><\/h4>\n<p class=\"\" data-start=\"2271\" data-end=\"2547\">Planos de urbaniza\u00e7\u00e3o, novos centros comerciais, esta\u00e7\u00f5es de metr\u00f4, universidades e outras melhorias programadas para a regi\u00e3o s\u00e3o fortes indicativos de valoriza\u00e7\u00e3o. Ficar atento ao plano diretor da cidade ou \u00e0s not\u00edcias sobre o desenvolvimento urbano pode te dar boas pistas.<\/p>\n<p data-start=\"2271\" data-end=\"2547\">Se voc\u00ea est\u00e1 querendo alugar o seu im\u00f3vel ou est\u00e1 em busca de um lugar para morar ou de um roommate para dividir um espa\u00e7o, saiba que plataformas como a \u00a0<a href=\"https:\/\/www.webquarto.com.br\/\">WebQuarto\u00a0<\/a>oferecem solu\u00e7\u00f5es pr\u00e1ticas, r\u00e1pidas e seguras para te ajudar nesse momento!<\/p>\n","protected":false},"excerpt":{"rendered":"<p>Se voc\u00ea tem um im\u00f3vel ou est\u00e1 pensando em investir em um, \u00e9 importante saber identificar os sinais que apontam para uma poss\u00edvel valoriza\u00e7\u00e3o. Afinal, al\u00e9m de ser um lugar para morar ou alugar, o im\u00f3vel tamb\u00e9m pode representar um excelente ativo financeiro. Mas o que faz um im\u00f3vel se valorizar com o tempo? Abaixo,<\/p>\n","protected":false},"author":3,"featured_media":1695,"comment_status":"open","ping_status":"open","sticky":false,"template":"","format":"standard","meta":{"_monsterinsights_skip_tracking":false,"_monsterinsights_sitenote_active":false,"_monsterinsights_sitenote_note":"","_monsterinsights_sitenote_category":0},"categories":[772],"tags":[773],"yoast_head":"<!-- This site is optimized with the Yoast SEO plugin v19.1 - https:\/\/yoast.com\/wordpress\/plugins\/seo\/ -->\n<title>Fatores que indicam a valoriza\u00e7\u00e3o do seu im\u00f3vel - WebQuarto<\/title>\n<meta name=\"description\" content=\"Se voc\u00ea tem um im\u00f3vel ou est\u00e1 pensando em investir em um, \u00e9 importante saber identificar os sinais que apontam para uma poss\u00edvel valoriza\u00e7\u00e3o.\" \/>\n<meta name=\"robots\" content=\"index, follow, max-snippet:-1, max-image-preview:large, max-video-preview:-1\" \/>\n<link rel=\"canonical\" href=\"https:\/\/www.webquarto.com.br\/blog\/2025\/fatores-que-indicam-a-valorizacao-do-seu-imovel\/\" \/>\n<meta property=\"og:locale\" content=\"pt_BR\" \/>\n<meta property=\"og:type\" content=\"article\" \/>\n<meta property=\"og:title\" content=\"Fatores que indicam a valoriza\u00e7\u00e3o do seu im\u00f3vel - WebQuarto\" \/>\n<meta property=\"og:description\" content=\"Se voc\u00ea tem um im\u00f3vel ou est\u00e1 pensando em investir em um, \u00e9 importante saber identificar os sinais que apontam para uma poss\u00edvel valoriza\u00e7\u00e3o.\" \/>\n<meta property=\"og:url\" content=\"https:\/\/www.webquarto.com.br\/blog\/2025\/fatores-que-indicam-a-valorizacao-do-seu-imovel\/\" \/>\n<meta property=\"og:site_name\" content=\"WebQuarto\" \/>\n<meta property=\"article:published_time\" content=\"2025-04-14T12:57:39+00:00\" \/>\n<meta property=\"og:image\" content=\"https:\/\/www.webquarto.com.br\/blog\/wp-content\/uploads\/2025\/04\/Fatores-que-indicam-a-valorizacao-do-seu-imovel.jpg\" \/>\n\t<meta property=\"og:image:width\" content=\"1920\" \/>\n\t<meta property=\"og:image:height\" content=\"1280\" \/>\n\t<meta property=\"og:image:type\" content=\"image\/jpeg\" \/>\n<meta name=\"twitter:label1\" content=\"Escrito por\" \/>\n\t<meta name=\"twitter:data1\" content=\"Jo\u00e3o Brondi\" \/>\n\t<meta name=\"twitter:label2\" content=\"Est. tempo de leitura\" \/>\n\t<meta name=\"twitter:data2\" content=\"3 minutos\" \/>\n<script type=\"application\/ld+json\" class=\"yoast-schema-graph\">{\"@context\":\"https:\/\/schema.org\",\"@graph\":[{\"@type\":\"WebSite\",\"@id\":\"https:\/\/www.webquarto.com.br\/blog\/#website\",\"url\":\"https:\/\/www.webquarto.com.br\/blog\/\",\"name\":\"WebQuarto\",\"description\":\"Encontre quartos e apartamentos para dividir em todo o Brasil!\",\"potentialAction\":[{\"@type\":\"SearchAction\",\"target\":{\"@type\":\"EntryPoint\",\"urlTemplate\":\"https:\/\/www.webquarto.com.br\/blog\/?s={search_term_string}\"},\"query-input\":\"required name=search_term_string\"}],\"inLanguage\":\"pt-BR\"},{\"@type\":\"ImageObject\",\"inLanguage\":\"pt-BR\",\"@id\":\"https:\/\/www.webquarto.com.br\/blog\/2025\/fatores-que-indicam-a-valorizacao-do-seu-imovel\/#primaryimage\",\"url\":\"https:\/\/www.webquarto.com.br\/blog\/wp-content\/uploads\/2025\/04\/Fatores-que-indicam-a-valorizacao-do-seu-imovel.jpg\",\"contentUrl\":\"https:\/\/www.webquarto.com.br\/blog\/wp-content\/uploads\/2025\/04\/Fatores-que-indicam-a-valorizacao-do-seu-imovel.jpg\",\"width\":1920,\"height\":1280},{\"@type\":\"WebPage\",\"@id\":\"https:\/\/www.webquarto.com.br\/blog\/2025\/fatores-que-indicam-a-valorizacao-do-seu-imovel\/#webpage\",\"url\":\"https:\/\/www.webquarto.com.br\/blog\/2025\/fatores-que-indicam-a-valorizacao-do-seu-imovel\/\",\"name\":\"Fatores que indicam a valoriza\u00e7\u00e3o do seu im\u00f3vel - WebQuarto\",\"isPartOf\":{\"@id\":\"https:\/\/www.webquarto.com.br\/blog\/#website\"},\"primaryImageOfPage\":{\"@id\":\"https:\/\/www.webquarto.com.br\/blog\/2025\/fatores-que-indicam-a-valorizacao-do-seu-imovel\/#primaryimage\"},\"datePublished\":\"2025-04-14T12:57:39+00:00\",\"dateModified\":\"2025-04-14T12:57:39+00:00\",\"author\":{\"@id\":\"https:\/\/www.webquarto.com.br\/blog\/#\/schema\/person\/0f558b35d8e97b36d0172434cc91608f\"},\"description\":\"Se voc\u00ea tem um im\u00f3vel ou est\u00e1 pensando em investir em um, \u00e9 importante saber identificar os sinais que apontam para uma poss\u00edvel valoriza\u00e7\u00e3o.\",\"breadcrumb\":{\"@id\":\"https:\/\/www.webquarto.com.br\/blog\/2025\/fatores-que-indicam-a-valorizacao-do-seu-imovel\/#breadcrumb\"},\"inLanguage\":\"pt-BR\",\"potentialAction\":[{\"@type\":\"ReadAction\",\"target\":[\"https:\/\/www.webquarto.com.br\/blog\/2025\/fatores-que-indicam-a-valorizacao-do-seu-imovel\/\"]}]},{\"@type\":\"BreadcrumbList\",\"@id\":\"https:\/\/www.webquarto.com.br\/blog\/2025\/fatores-que-indicam-a-valorizacao-do-seu-imovel\/#breadcrumb\",\"itemListElement\":[{\"@type\":\"ListItem\",\"position\":1,\"name\":\"In\u00edcio\",\"item\":\"https:\/\/www.webquarto.com.br\/blog\/\"},{\"@type\":\"ListItem\",\"position\":2,\"name\":\"Fatores que indicam a valoriza\u00e7\u00e3o do seu im\u00f3vel\"}]},{\"@type\":\"Person\",\"@id\":\"https:\/\/www.webquarto.com.br\/blog\/#\/schema\/person\/0f558b35d8e97b36d0172434cc91608f\",\"name\":\"Jo\u00e3o Brondi\",\"image\":{\"@type\":\"ImageObject\",\"inLanguage\":\"pt-BR\",\"@id\":\"https:\/\/www.webquarto.com.br\/blog\/#\/schema\/person\/image\/\",\"url\":\"https:\/\/secure.gravatar.com\/avatar\/1d30fb36d3734474e638bc2902ea7ffa?s=96&d=mm&r=g\",\"contentUrl\":\"https:\/\/secure.gravatar.com\/avatar\/1d30fb36d3734474e638bc2902ea7ffa?s=96&d=mm&r=g\",\"caption\":\"Jo\u00e3o Brondi\"},\"url\":\"https:\/\/www.webquarto.com.br\/blog\/author\/joao-pedro\/\"}]}<\/script>\n<!-- \/ Yoast SEO plugin. -->","yoast_head_json":{"title":"Fatores que indicam a valoriza\u00e7\u00e3o do seu im\u00f3vel - WebQuarto","description":"Se voc\u00ea tem um im\u00f3vel ou est\u00e1 pensando em investir em um, \u00e9 importante saber identificar os sinais que apontam para uma poss\u00edvel valoriza\u00e7\u00e3o.","robots":{"index":"index","follow":"follow","max-snippet":"max-snippet:-1","max-image-preview":"max-image-preview:large","max-video-preview":"max-video-preview:-1"},"canonical":"https:\/\/www.webquarto.com.br\/blog\/2025\/fatores-que-indicam-a-valorizacao-do-seu-imovel\/","og_locale":"pt_BR","og_type":"article","og_title":"Fatores que indicam a valoriza\u00e7\u00e3o do seu im\u00f3vel - WebQuarto","og_description":"Se voc\u00ea tem um im\u00f3vel ou est\u00e1 pensando em investir em um, \u00e9 importante saber identificar os sinais que apontam para uma poss\u00edvel valoriza\u00e7\u00e3o.","og_url":"https:\/\/www.webquarto.com.br\/blog\/2025\/fatores-que-indicam-a-valorizacao-do-seu-imovel\/","og_site_name":"WebQuarto","article_published_time":"2025-04-14T12:57:39+00:00","og_image":[{"width":1920,"height":1280,"url":"https:\/\/www.webquarto.com.br\/blog\/wp-content\/uploads\/2025\/04\/Fatores-que-indicam-a-valorizacao-do-seu-imovel.jpg","type":"image\/jpeg"}],"twitter_misc":{"Escrito por":"Jo\u00e3o Brondi","Est. tempo de leitura":"3 minutos"},"schema":{"@context":"https:\/\/schema.org","@graph":[{"@type":"WebSite","@id":"https:\/\/www.webquarto.com.br\/blog\/#website","url":"https:\/\/www.webquarto.com.br\/blog\/","name":"WebQuarto","description":"Encontre quartos e apartamentos para dividir em todo o Brasil!","potentialAction":[{"@type":"SearchAction","target":{"@type":"EntryPoint","urlTemplate":"https:\/\/www.webquarto.com.br\/blog\/?s={search_term_string}"},"query-input":"required name=search_term_string"}],"inLanguage":"pt-BR"},{"@type":"ImageObject","inLanguage":"pt-BR","@id":"https:\/\/www.webquarto.com.br\/blog\/2025\/fatores-que-indicam-a-valorizacao-do-seu-imovel\/#primaryimage","url":"https:\/\/www.webquarto.com.br\/blog\/wp-content\/uploads\/2025\/04\/Fatores-que-indicam-a-valorizacao-do-seu-imovel.jpg","contentUrl":"https:\/\/www.webquarto.com.br\/blog\/wp-content\/uploads\/2025\/04\/Fatores-que-indicam-a-valorizacao-do-seu-imovel.jpg","width":1920,"height":1280},{"@type":"WebPage","@id":"https:\/\/www.webquarto.com.br\/blog\/2025\/fatores-que-indicam-a-valorizacao-do-seu-imovel\/#webpage","url":"https:\/\/www.webquarto.com.br\/blog\/2025\/fatores-que-indicam-a-valorizacao-do-seu-imovel\/","name":"Fatores que indicam a valoriza\u00e7\u00e3o do seu im\u00f3vel - WebQuarto","isPartOf":{"@id":"https:\/\/www.webquarto.com.br\/blog\/#website"},"primaryImageOfPage":{"@id":"https:\/\/www.webquarto.com.br\/blog\/2025\/fatores-que-indicam-a-valorizacao-do-seu-imovel\/#primaryimage"},"datePublished":"2025-04-14T12:57:39+00:00","dateModified":"2025-04-14T12:57:39+00:00","author":{"@id":"https:\/\/www.webquarto.com.br\/blog\/#\/schema\/person\/0f558b35d8e97b36d0172434cc91608f"},"description":"Se voc\u00ea tem um im\u00f3vel ou est\u00e1 pensando em investir em um, \u00e9 importante saber identificar os sinais que apontam para uma poss\u00edvel valoriza\u00e7\u00e3o.","breadcrumb":{"@id":"https:\/\/www.webquarto.com.br\/blog\/2025\/fatores-que-indicam-a-valorizacao-do-seu-imovel\/#breadcrumb"},"inLanguage":"pt-BR","potentialAction":[{"@type":"ReadAction","target":["https:\/\/www.webquarto.com.br\/blog\/2025\/fatores-que-indicam-a-valorizacao-do-seu-imovel\/"]}]},{"@type":"BreadcrumbList","@id":"https:\/\/www.webquarto.com.br\/blog\/2025\/fatores-que-indicam-a-valorizacao-do-seu-imovel\/#breadcrumb","itemListElement":[{"@type":"ListItem","position":1,"name":"In\u00edcio","item":"https:\/\/www.webquarto.com.br\/blog\/"},{"@type":"ListItem","position":2,"name":"Fatores que indicam a valoriza\u00e7\u00e3o do seu im\u00f3vel"}]},{"@type":"Person","@id":"https:\/\/www.webquarto.com.br\/blog\/#\/schema\/person\/0f558b35d8e97b36d0172434cc91608f","name":"Jo\u00e3o Brondi","image":{"@type":"ImageObject","inLanguage":"pt-BR","@id":"https:\/\/www.webquarto.com.br\/blog\/#\/schema\/person\/image\/","url":"https:\/\/secure.gravatar.com\/avatar\/1d30fb36d3734474e638bc2902ea7ffa?s=96&d=mm&r=g","contentUrl":"https:\/\/secure.gravatar.com\/avatar\/1d30fb36d3734474e638bc2902ea7ffa?s=96&d=mm&r=g","caption":"Jo\u00e3o Brondi"},"url":"https:\/\/www.webquarto.com.br\/blog\/author\/joao-pedro\/"}]}},"_links":{"self":[{"href":"https:\/\/www.webquarto.com.br\/blog\/wp-json\/wp\/v2\/posts\/1694"}],"collection":[{"href":"https:\/\/www.webquarto.com.br\/blog\/wp-json\/wp\/v2\/posts"}],"about":[{"href":"https:\/\/www.webquarto.com.br\/blog\/wp-json\/wp\/v2\/types\/post"}],"author":[{"embeddable":true,"href":"https:\/\/www.webquarto.com.br\/blog\/wp-json\/wp\/v2\/users\/3"}],"replies":[{"embeddable":true,"href":"https:\/\/www.webquarto.com.br\/blog\/wp-json\/wp\/v2\/comments?post=1694"}],"version-history":[{"count":1,"href":"https:\/\/www.webquarto.com.br\/blog\/wp-json\/wp\/v2\/posts\/1694\/revisions"}],"predecessor-version":[{"id":1696,"href":"https:\/\/www.webquarto.com.br\/blog\/wp-json\/wp\/v2\/posts\/1694\/revisions\/1696"}],"wp:featuredmedia":[{"embeddable":true,"href":"https:\/\/www.webquarto.com.br\/blog\/wp-json\/wp\/v2\/media\/1695"}],"wp:attachment":[{"href":"https:\/\/www.webquarto.com.br\/blog\/wp-json\/wp\/v2\/media?parent=1694"}],"wp:term":[{"taxonomy":"category","embeddable":true,"href":"https:\/\/www.webquarto.com.br\/blog\/wp-json\/wp\/v2\/categories?post=1694"},{"taxonomy":"post_tag","embeddable":true,"href":"https:\/\/www.webquarto.com.br\/blog\/wp-json\/wp\/v2\/tags?post=1694"}],"curies":[{"name":"wp","href":"https:\/\/api.w.org\/{rel}","templated":true}]}}