{"id":1698,"date":"2025-04-23T17:51:54","date_gmt":"2025-04-23T17:51:54","guid":{"rendered":"https:\/\/www.webquarto.com.br\/blog\/?p=1698"},"modified":"2025-04-23T17:51:54","modified_gmt":"2025-04-23T17:51:54","slug":"casa-com-cara-de-lar","status":"publish","type":"post","link":"https:\/\/www.webquarto.com.br\/blog\/2025\/casa-com-cara-de-lar\/","title":{"rendered":"Casa com cara de lar"},"content":{"rendered":"<p>Morar em um lugar que te acolhe, te representa e te traz paz \u00e9 um dos maiores presentes que voc\u00ea pode se dar. N\u00e3o importa se voc\u00ea mora em um apartamento alugado, em um quarto pequeno ou na casa dos sonhos \u2014 com alguns truques simples, \u00e9 poss\u00edvel deixar seu espa\u00e7o com cara de lar. Confira as dicas:<\/p>\n<p class=\"\" data-start=\"445\" data-end=\"792\"><strong data-start=\"445\" data-end=\"490\">1. Personalize com itens que t\u00eam hist\u00f3ria<\/strong><br data-start=\"490\" data-end=\"493\" \/>Fotos, lembran\u00e7as de viagens, objetos que voc\u00ea ganhou de algu\u00e9m especial\u2026 Tudo isso carrega mem\u00f3ria afetiva. E mem\u00f3ria afetiva \u00e9 a alma de um lar. Encha suas prateleiras com o que te representa: livros favoritos, quadros, artesanatos, bilhetes antigos. Esses pequenos detalhes dizem: \u201ceu moro aqui\u201d.<\/p>\n<p class=\"\" data-start=\"794\" data-end=\"1049\"><strong data-start=\"794\" data-end=\"830\">2. Crie cantinhos de acolhimento<\/strong><br data-start=\"830\" data-end=\"833\" \/>Pode ser uma poltrona com uma manta, um tapete felpudo ao lado da cama, ou uma luz suave no seu cantinho de leitura. Esses detalhes criam a sensa\u00e7\u00e3o de abrigo. Um lar \u00e9 um espa\u00e7o onde a gente pode respirar com calma.<\/p>\n<p class=\"\" data-start=\"1051\" data-end=\"1331\"><strong data-start=\"1051\" data-end=\"1080\">3. Traga vida com plantas<\/strong><br data-start=\"1080\" data-end=\"1083\" \/>As plantas t\u00eam o poder de transformar qualquer ambiente. Al\u00e9m de purificarem o ar, elas trazem cor, leveza e uma conex\u00e3o com a natureza. E n\u00e3o precisa ser expert em jardinagem: comece com esp\u00e9cies resistentes, como jiboia, zamioculca ou suculentas.<\/p>\n<p class=\"\" data-start=\"1333\" data-end=\"1572\"><strong data-start=\"1333\" data-end=\"1359\">4. Cuide da ilumina\u00e7\u00e3o<\/strong><br data-start=\"1359\" data-end=\"1362\" \/>A luz influencia muito no clima do ambiente. Aposte em luzes quentes e indiretas \u2014 como abajures, lumin\u00e1rias e velas. Elas criam um clima intimista, calmo e acolhedor, perfeito para relaxar ap\u00f3s um dia corrido.<\/p>\n<p class=\"\" data-start=\"1574\" data-end=\"1818\"><strong data-start=\"1574\" data-end=\"1597\">5. Perfume sua casa<\/strong><br data-start=\"1597\" data-end=\"1600\" \/>O cheiro do seu lar tamb\u00e9m conta uma hist\u00f3ria. Use \u00f3leos essenciais, incensos ou at\u00e9 o aroma de um bolo assando no forno. Criar um cheiro que seja \u201cs\u00f3 seu\u201d faz com que voc\u00ea associe aquele lugar ao conforto e bem-estar.<\/p>\n<p class=\"\" data-start=\"1820\" data-end=\"2075\"><strong data-start=\"1820\" data-end=\"1850\">6. D\u00ea aten\u00e7\u00e3o aos detalhes<\/strong><br data-start=\"1850\" data-end=\"1853\" \/>Troque a roupa de cama por tecidos macios, escolha cortinas que deixem a luz entrar suavemente, tenha almofadas e mantas espalhadas. O que pode parecer \u201cs\u00f3 decora\u00e7\u00e3o\u201d muitas vezes \u00e9 o que deixa um espa\u00e7o mais aconchegante.<\/p>\n<p class=\"\" data-start=\"2077\" data-end=\"2329\"><strong data-start=\"2077\" data-end=\"2105\">7. Crie rotinas afetivas<\/strong><br data-start=\"2105\" data-end=\"2108\" \/>Mais do que objetos, o que transforma um espa\u00e7o em lar s\u00e3o os rituais. Fazer caf\u00e9 pela manh\u00e3, acender uma vela no fim do dia, colocar uma m\u00fasica enquanto cozinha\u2026 Essas pequenas a\u00e7\u00f5es criam v\u00ednculos afetivos com o espa\u00e7o.<\/p>\n<p data-start=\"2077\" data-end=\"2329\">Se voc\u00ea ainda n\u00e3o tem o seu espa\u00e7o e est\u00e1 em busca de um lugar para morar ou de um roommate, saiba que plataformas como a \u00a0<a href=\"https:\/\/www.webquarto.com.br\/\">WebQuarto\u00a0<\/a>oferecem solu\u00e7\u00f5es pr\u00e1ticas, r\u00e1pidas e seguras para te ajudar nesse momento!<\/p>\n","protected":false},"excerpt":{"rendered":"<p>Morar em um lugar que te acolhe, te representa e te traz paz \u00e9 um dos maiores presentes que voc\u00ea pode se dar. N\u00e3o importa se voc\u00ea mora em um apartamento alugado, em um quarto pequeno ou na casa dos sonhos \u2014 com alguns truques simples, \u00e9 poss\u00edvel deixar seu espa\u00e7o com cara de lar.<\/p>\n","protected":false},"author":3,"featured_media":1699,"comment_status":"open","ping_status":"open","sticky":false,"template":"","format":"standard","meta":{"_monsterinsights_skip_tracking":false,"_monsterinsights_sitenote_active":false,"_monsterinsights_sitenote_note":"","_monsterinsights_sitenote_category":0},"categories":[723,624,775,774],"tags":[776],"yoast_head":"<!-- This site is optimized with the Yoast SEO plugin v19.1 - https:\/\/yoast.com\/wordpress\/plugins\/seo\/ -->\n<title>Casa com cara de lar - WebQuarto<\/title>\n<meta name=\"description\" content=\"Morar em um lugar que te acolhe, te representa e te traz paz \u00e9 um dos maiores presentes que voc\u00ea pode se dar.\" \/>\n<meta name=\"robots\" content=\"index, follow, max-snippet:-1, max-image-preview:large, max-video-preview:-1\" \/>\n<link rel=\"canonical\" href=\"https:\/\/www.webquarto.com.br\/blog\/2025\/casa-com-cara-de-lar\/\" \/>\n<meta property=\"og:locale\" content=\"pt_BR\" \/>\n<meta property=\"og:type\" content=\"article\" \/>\n<meta property=\"og:title\" content=\"Casa com cara de lar - WebQuarto\" \/>\n<meta property=\"og:description\" content=\"Morar em um lugar que te acolhe, te representa e te traz paz \u00e9 um dos maiores presentes que voc\u00ea pode se dar.\" \/>\n<meta property=\"og:url\" content=\"https:\/\/www.webquarto.com.br\/blog\/2025\/casa-com-cara-de-lar\/\" \/>\n<meta property=\"og:site_name\" content=\"WebQuarto\" \/>\n<meta property=\"article:published_time\" content=\"2025-04-23T17:51:54+00:00\" \/>\n<meta property=\"og:image\" content=\"https:\/\/www.webquarto.com.br\/blog\/wp-content\/uploads\/2025\/04\/Truques-para-deixar-seu-espaco-com-cara-de-lar.jpg\" \/>\n\t<meta property=\"og:image:width\" content=\"1920\" \/>\n\t<meta property=\"og:image:height\" content=\"1280\" \/>\n\t<meta property=\"og:image:type\" content=\"image\/jpeg\" \/>\n<meta name=\"twitter:label1\" content=\"Escrito por\" \/>\n\t<meta name=\"twitter:data1\" content=\"Jo\u00e3o Brondi\" \/>\n\t<meta name=\"twitter:label2\" content=\"Est. tempo de leitura\" \/>\n\t<meta name=\"twitter:data2\" content=\"2 minutos\" \/>\n<script type=\"application\/ld+json\" class=\"yoast-schema-graph\">{\"@context\":\"https:\/\/schema.org\",\"@graph\":[{\"@type\":\"WebSite\",\"@id\":\"https:\/\/www.webquarto.com.br\/blog\/#website\",\"url\":\"https:\/\/www.webquarto.com.br\/blog\/\",\"name\":\"WebQuarto\",\"description\":\"Encontre quartos e apartamentos para dividir em todo o Brasil!\",\"potentialAction\":[{\"@type\":\"SearchAction\",\"target\":{\"@type\":\"EntryPoint\",\"urlTemplate\":\"https:\/\/www.webquarto.com.br\/blog\/?s={search_term_string}\"},\"query-input\":\"required name=search_term_string\"}],\"inLanguage\":\"pt-BR\"},{\"@type\":\"ImageObject\",\"inLanguage\":\"pt-BR\",\"@id\":\"https:\/\/www.webquarto.com.br\/blog\/2025\/casa-com-cara-de-lar\/#primaryimage\",\"url\":\"https:\/\/www.webquarto.com.br\/blog\/wp-content\/uploads\/2025\/04\/Truques-para-deixar-seu-espaco-com-cara-de-lar.jpg\",\"contentUrl\":\"https:\/\/www.webquarto.com.br\/blog\/wp-content\/uploads\/2025\/04\/Truques-para-deixar-seu-espaco-com-cara-de-lar.jpg\",\"width\":1920,\"height\":1280},{\"@type\":\"WebPage\",\"@id\":\"https:\/\/www.webquarto.com.br\/blog\/2025\/casa-com-cara-de-lar\/#webpage\",\"url\":\"https:\/\/www.webquarto.com.br\/blog\/2025\/casa-com-cara-de-lar\/\",\"name\":\"Casa com cara de lar - WebQuarto\",\"isPartOf\":{\"@id\":\"https:\/\/www.webquarto.com.br\/blog\/#website\"},\"primaryImageOfPage\":{\"@id\":\"https:\/\/www.webquarto.com.br\/blog\/2025\/casa-com-cara-de-lar\/#primaryimage\"},\"datePublished\":\"2025-04-23T17:51:54+00:00\",\"dateModified\":\"2025-04-23T17:51:54+00:00\",\"author\":{\"@id\":\"https:\/\/www.webquarto.com.br\/blog\/#\/schema\/person\/0f558b35d8e97b36d0172434cc91608f\"},\"description\":\"Morar em um lugar que te acolhe, te representa e te traz paz \u00e9 um dos maiores presentes que voc\u00ea pode se dar.\",\"breadcrumb\":{\"@id\":\"https:\/\/www.webquarto.com.br\/blog\/2025\/casa-com-cara-de-lar\/#breadcrumb\"},\"inLanguage\":\"pt-BR\",\"potentialAction\":[{\"@type\":\"ReadAction\",\"target\":[\"https:\/\/www.webquarto.com.br\/blog\/2025\/casa-com-cara-de-lar\/\"]}]},{\"@type\":\"BreadcrumbList\",\"@id\":\"https:\/\/www.webquarto.com.br\/blog\/2025\/casa-com-cara-de-lar\/#breadcrumb\",\"itemListElement\":[{\"@type\":\"ListItem\",\"position\":1,\"name\":\"In\u00edcio\",\"item\":\"https:\/\/www.webquarto.com.br\/blog\/\"},{\"@type\":\"ListItem\",\"position\":2,\"name\":\"Casa com cara de lar\"}]},{\"@type\":\"Person\",\"@id\":\"https:\/\/www.webquarto.com.br\/blog\/#\/schema\/person\/0f558b35d8e97b36d0172434cc91608f\",\"name\":\"Jo\u00e3o Brondi\",\"image\":{\"@type\":\"ImageObject\",\"inLanguage\":\"pt-BR\",\"@id\":\"https:\/\/www.webquarto.com.br\/blog\/#\/schema\/person\/image\/\",\"url\":\"https:\/\/secure.gravatar.com\/avatar\/1d30fb36d3734474e638bc2902ea7ffa?s=96&d=mm&r=g\",\"contentUrl\":\"https:\/\/secure.gravatar.com\/avatar\/1d30fb36d3734474e638bc2902ea7ffa?s=96&d=mm&r=g\",\"caption\":\"Jo\u00e3o Brondi\"},\"url\":\"https:\/\/www.webquarto.com.br\/blog\/author\/joao-pedro\/\"}]}<\/script>\n<!-- \/ Yoast SEO plugin. -->","yoast_head_json":{"title":"Casa com cara de lar - WebQuarto","description":"Morar em um lugar que te acolhe, te representa e te traz paz \u00e9 um dos maiores presentes que voc\u00ea pode se dar.","robots":{"index":"index","follow":"follow","max-snippet":"max-snippet:-1","max-image-preview":"max-image-preview:large","max-video-preview":"max-video-preview:-1"},"canonical":"https:\/\/www.webquarto.com.br\/blog\/2025\/casa-com-cara-de-lar\/","og_locale":"pt_BR","og_type":"article","og_title":"Casa com cara de lar - WebQuarto","og_description":"Morar em um lugar que te acolhe, te representa e te traz paz \u00e9 um dos maiores presentes que voc\u00ea pode se dar.","og_url":"https:\/\/www.webquarto.com.br\/blog\/2025\/casa-com-cara-de-lar\/","og_site_name":"WebQuarto","article_published_time":"2025-04-23T17:51:54+00:00","og_image":[{"width":1920,"height":1280,"url":"https:\/\/www.webquarto.com.br\/blog\/wp-content\/uploads\/2025\/04\/Truques-para-deixar-seu-espaco-com-cara-de-lar.jpg","type":"image\/jpeg"}],"twitter_misc":{"Escrito por":"Jo\u00e3o Brondi","Est. tempo de leitura":"2 minutos"},"schema":{"@context":"https:\/\/schema.org","@graph":[{"@type":"WebSite","@id":"https:\/\/www.webquarto.com.br\/blog\/#website","url":"https:\/\/www.webquarto.com.br\/blog\/","name":"WebQuarto","description":"Encontre quartos e apartamentos para dividir em todo o Brasil!","potentialAction":[{"@type":"SearchAction","target":{"@type":"EntryPoint","urlTemplate":"https:\/\/www.webquarto.com.br\/blog\/?s={search_term_string}"},"query-input":"required name=search_term_string"}],"inLanguage":"pt-BR"},{"@type":"ImageObject","inLanguage":"pt-BR","@id":"https:\/\/www.webquarto.com.br\/blog\/2025\/casa-com-cara-de-lar\/#primaryimage","url":"https:\/\/www.webquarto.com.br\/blog\/wp-content\/uploads\/2025\/04\/Truques-para-deixar-seu-espaco-com-cara-de-lar.jpg","contentUrl":"https:\/\/www.webquarto.com.br\/blog\/wp-content\/uploads\/2025\/04\/Truques-para-deixar-seu-espaco-com-cara-de-lar.jpg","width":1920,"height":1280},{"@type":"WebPage","@id":"https:\/\/www.webquarto.com.br\/blog\/2025\/casa-com-cara-de-lar\/#webpage","url":"https:\/\/www.webquarto.com.br\/blog\/2025\/casa-com-cara-de-lar\/","name":"Casa com cara de lar - WebQuarto","isPartOf":{"@id":"https:\/\/www.webquarto.com.br\/blog\/#website"},"primaryImageOfPage":{"@id":"https:\/\/www.webquarto.com.br\/blog\/2025\/casa-com-cara-de-lar\/#primaryimage"},"datePublished":"2025-04-23T17:51:54+00:00","dateModified":"2025-04-23T17:51:54+00:00","author":{"@id":"https:\/\/www.webquarto.com.br\/blog\/#\/schema\/person\/0f558b35d8e97b36d0172434cc91608f"},"description":"Morar em um lugar que te acolhe, te representa e te traz paz \u00e9 um dos maiores presentes que voc\u00ea pode se dar.","breadcrumb":{"@id":"https:\/\/www.webquarto.com.br\/blog\/2025\/casa-com-cara-de-lar\/#breadcrumb"},"inLanguage":"pt-BR","potentialAction":[{"@type":"ReadAction","target":["https:\/\/www.webquarto.com.br\/blog\/2025\/casa-com-cara-de-lar\/"]}]},{"@type":"BreadcrumbList","@id":"https:\/\/www.webquarto.com.br\/blog\/2025\/casa-com-cara-de-lar\/#breadcrumb","itemListElement":[{"@type":"ListItem","position":1,"name":"In\u00edcio","item":"https:\/\/www.webquarto.com.br\/blog\/"},{"@type":"ListItem","position":2,"name":"Casa com cara de lar"}]},{"@type":"Person","@id":"https:\/\/www.webquarto.com.br\/blog\/#\/schema\/person\/0f558b35d8e97b36d0172434cc91608f","name":"Jo\u00e3o Brondi","image":{"@type":"ImageObject","inLanguage":"pt-BR","@id":"https:\/\/www.webquarto.com.br\/blog\/#\/schema\/person\/image\/","url":"https:\/\/secure.gravatar.com\/avatar\/1d30fb36d3734474e638bc2902ea7ffa?s=96&d=mm&r=g","contentUrl":"https:\/\/secure.gravatar.com\/avatar\/1d30fb36d3734474e638bc2902ea7ffa?s=96&d=mm&r=g","caption":"Jo\u00e3o Brondi"},"url":"https:\/\/www.webquarto.com.br\/blog\/author\/joao-pedro\/"}]}},"_links":{"self":[{"href":"https:\/\/www.webquarto.com.br\/blog\/wp-json\/wp\/v2\/posts\/1698"}],"collection":[{"href":"https:\/\/www.webquarto.com.br\/blog\/wp-json\/wp\/v2\/posts"}],"about":[{"href":"https:\/\/www.webquarto.com.br\/blog\/wp-json\/wp\/v2\/types\/post"}],"author":[{"embeddable":true,"href":"https:\/\/www.webquarto.com.br\/blog\/wp-json\/wp\/v2\/users\/3"}],"replies":[{"embeddable":true,"href":"https:\/\/www.webquarto.com.br\/blog\/wp-json\/wp\/v2\/comments?post=1698"}],"version-history":[{"count":1,"href":"https:\/\/www.webquarto.com.br\/blog\/wp-json\/wp\/v2\/posts\/1698\/revisions"}],"predecessor-version":[{"id":1700,"href":"https:\/\/www.webquarto.com.br\/blog\/wp-json\/wp\/v2\/posts\/1698\/revisions\/1700"}],"wp:featuredmedia":[{"embeddable":true,"href":"https:\/\/www.webquarto.com.br\/blog\/wp-json\/wp\/v2\/media\/1699"}],"wp:attachment":[{"href":"https:\/\/www.webquarto.com.br\/blog\/wp-json\/wp\/v2\/media?parent=1698"}],"wp:term":[{"taxonomy":"category","embeddable":true,"href":"https:\/\/www.webquarto.com.br\/blog\/wp-json\/wp\/v2\/categories?post=1698"},{"taxonomy":"post_tag","embeddable":true,"href":"https:\/\/www.webquarto.com.br\/blog\/wp-json\/wp\/v2\/tags?post=1698"}],"curies":[{"name":"wp","href":"https:\/\/api.w.org\/{rel}","templated":true}]}}