{"id":1890,"date":"2026-04-29T19:57:51","date_gmt":"2026-04-29T19:57:51","guid":{"rendered":"https:\/\/www.webquarto.com.br\/blog\/?p=1890"},"modified":"2026-04-29T19:58:02","modified_gmt":"2026-04-29T19:58:02","slug":"melhor-epoca-para-alugar-quartos-fatores","status":"publish","type":"post","link":"https:\/\/www.webquarto.com.br\/blog\/2026\/melhor-epoca-para-alugar-quartos-fatores\/","title":{"rendered":"Veja 5 fatores que influenciam na melhor \u00e9poca para alugar quartos"},"content":{"rendered":"<p>Alugar um quarto pode parecer tarefa simples, mas eu j\u00e1 vi muita gente errar feio apenas por escolher o momento errado. Em minha trajet\u00f3ria acompanhando o mercado de moradia compartilhada no Brasil, percebi que entender o timing certo faz toda a diferen\u00e7a para conseguir melhores pre\u00e7os, menos disputa e mais op\u00e7\u00f5es interessantes.<\/p>\n<p>No WebQuarto, diariamente vejo estudantes, jovens profissionais e pessoas maduras buscando n\u00e3o s\u00f3 economia, mas tamb\u00e9m praticidade e seguran\u00e7a na hora de dividir moradia. Assim, compartilhar minha experi\u00eancia se tornou quase uma miss\u00e3o. Neste artigo, mostro os 5 fatores que, no meu ponto de vista, mais influenciam na escolha da melhor \u00e9poca para alugar quartos.<\/p>\n<blockquote><p>Se voc\u00ea sabe quando procurar, metade do caminho j\u00e1 est\u00e1 conquistado.<\/p><\/blockquote>\n<h2><strong>Fatores que afetam o melhor momento para alugar um quarto<\/strong><\/h2>\n<p>Opini\u00f5es \u00e0 parte, gosto de fundamentar o que trago com situa\u00e7\u00f5es que acompanhei de perto. Tenho notado que a \u00e9poca ideal depende de cinco fatores principais:<\/p>\n<ol>\n<li>Movimenta\u00e7\u00e3o do calend\u00e1rio letivo e acad\u00eamico<\/li>\n<li>Varia\u00e7\u00e3o sazonal de oferta e demanda<\/li>\n<li>Datas e per\u00edodos de transi\u00e7\u00e3o profissional<\/li>\n<li>Localiza\u00e7\u00e3o e eventos regionais<\/li>\n<li>Condi\u00e7\u00f5es econ\u00f4micas e promo\u00e7\u00f5es de plataformas<\/li>\n<\/ol>\n<p>Vou detalhar cada um desses pontos, sempre trazendo exemplos do que vejo diretamente no WebQuarto e analisando como eles se relacionam com a experi\u00eancia do locat\u00e1rio.<\/p>\n<h3><strong>1. Calend\u00e1rio letivo e acad\u00eamico impacta diretamente<\/strong><\/h3>\n<p>Em cidades universit\u00e1rias, tudo gira em torno do in\u00edcio e t\u00e9rmino do semestre. <strong>Janeiro, fevereiro e julho concentram a maior busca por quartos<\/strong>, porque muitos estudantes est\u00e3o chegando para come\u00e7ar a faculdade, fazer transfer\u00eancias ou iniciar interc\u00e2mbios. Eu mesmo j\u00e1 vi an\u00fancios triplicarem nesses meses, e os valores na maioria das vezes acompanham o ritmo da procura.<\/p>\n<p>Para quem tem flexibilidade, a dica que sempre passo \u00e9: busque antes dos picos. No final de dezembro ou junho, \u00e9 comum surgirem oportunidades menos disputadas. O propriet\u00e1rio quer evitar o im\u00f3vel parado, ent\u00e3o tende a negociar.<\/p>\n<h3><strong>2. Oferta e demanda mudam com as esta\u00e7\u00f5es<\/strong><\/h3>\n<p>Isso n\u00e3o fica restrito s\u00f3 \u00e0s cidades acad\u00eamicas. Em polos industriais, regi\u00f5es metropolitanas e capitais, existe uma <strong>varia\u00e7\u00e3o forte na procura por quartos e apartamentos ao longo dos meses<\/strong>.<\/p>\n<ul>\n<li>Alta temporada: janeiro, in\u00edcio de fevereiro e julho.<\/li>\n<li>Baixa temporada: mar\u00e7o, abril, agosto e setembro.<\/li>\n<li>M\u00e9dia temporada: nos meses de maio\/junho e outubro\/novembro, quando h\u00e1 alguma rotatividade por\u00e9m sem grandes picos.<\/li>\n<\/ul>\n<p><img src=\"https:\/\/ixymyhazbhztpjnlxmbd.supabase.co\/storage\/v1\/object\/images\/generated\/procura-quartos-aluguel-46.webp\" alt=\"Gr\u00e1fico de procura de quartos durante o ano \">A varia\u00e7\u00e3o de pre\u00e7os costuma acompanhar essa movimenta\u00e7\u00e3o, embora o impacto dependa do bairro e do perfil dos im\u00f3veis. Eu sempre recomendo que, se poss\u00edvel, busque per\u00edodos de baixa temporada. Os an\u00fancios ficam mais tempo dispon\u00edveis e h\u00e1 maior abertura para negociar vantagens, car\u00eancias ou at\u00e9 abatimento no valor do primeiro aluguel.<\/p>\n<p>No blog do WebQuarto, j\u00e1 tratei de temas parecidos, trazendo v\u00e1rias dicas de aluguel em diferentes \u00e9pocas do ano, sempre baseado nessas oscila\u00e7\u00f5es de mercado.<\/p>\n<h3><strong>3. Transi\u00e7\u00f5es profissionais e come\u00e7o de est\u00e1gios<\/strong><\/h3>\n<p>Empresas costumam abrir trainee, est\u00e1gios e novas vagas em ciclos espec\u00edficos. Entre dezembro e mar\u00e7o, muitos jovens profissionais se mudam para come\u00e7ar o trabalho em grandes cidades. Isso tamb\u00e9m gera aumento na demanda de quartos em bairros pr\u00f3ximos de regi\u00f5es comerciais ou tecnol\u00f3gicas.<\/p>\n<blockquote><p>O fluxo do mercado de trabalho dita tend\u00eancias no mercado de moradia compartilhada.<\/p><\/blockquote>\n<p>Se voc\u00ea est\u00e1 pensando em mudar de cidade por emprego, fique de olho nessas datas. Chegar antes do auge da procura pode garantir melhores op\u00e7\u00f5es e menos concorr\u00eancia direta, evitando at\u00e9 filas para visitar im\u00f3veis.<\/p>\n<h3><strong>4. Localiza\u00e7\u00e3o e eventos especiais influenciam<\/strong><\/h3>\n<p>\u00c0s vezes, a resposta para quando alugar um quarto est\u00e1 ligada a eventos espec\u00edficos do bairro ou cidade. J\u00e1 presenciei bairros inteiros em S\u00e3o Paulo valorizarem de repente por conta de grandes shows, eventos esportivos ou mesmo feiras de neg\u00f3cios. O mesmo ocorre com cidades litor\u00e2neas nas f\u00e9rias de ver\u00e3o e cidades hist\u00f3ricas em datas comemorativas.<\/p>\n<p>Nestes casos, evite os eventos de maior movimento se seu objetivo \u00e9 economia, pois os pre\u00e7os costumam subir e at\u00e9 os quartos que normalmente ficariam dispon\u00edveis para moradia de longo prazo podem migrar para estadias curtas.<\/p>\n<p>Ali\u00e1s, recomendo acompanhar discuss\u00f5es sobre moradia e conviv\u00eancia em diferentes regi\u00f5es, especialmente se voc\u00ea ainda n\u00e3o conhece bem o local pretendido.<\/p>\n<h3><img src=\"https:\/\/ixymyhazbhztpjnlxmbd.supabase.co\/storage\/v1\/object\/images\/generated\/quarto-compartilhado-estudantes-323.webp\" alt=\"Quarto compartilhado decorado para estudantes, com mochilas e livros \"><strong>5. Situa\u00e7\u00e3o econ\u00f4mica e promo\u00e7\u00f5es em plataformas<\/strong><\/h3>\n<p>O mercado de aluguel reage rapidamente a mudan\u00e7as econ\u00f4micas. Sempre que presencio aumentos de juros, infla\u00e7\u00e3o ou crises pol\u00edticas, noto mais an\u00fancios de quartos surgindo. Isso acontece porque pessoas buscam complementar renda e reduz custos.<\/p>\n<p>O WebQuarto, inclusive, costuma trazer campanhas e parcerias para facilitar negocia\u00e7\u00f5es nesses momentos, com recursos de destaque em an\u00fancios e chats diretos. Outra vantagem que sempre falo \u00e9 monitorar poss\u00edveis promo\u00e7\u00f5es ou facilidades para o primeiro aluguel. Quem come\u00e7a buscar antes da alta na procura, tem mais chances de aproveitar essas a\u00e7\u00f5es.<\/p>\n<p>Al\u00e9m disso, no blog sobre economia e finan\u00e7as ligadas \u00e0 moradia, h\u00e1 informa\u00e7\u00f5es novas sempre que as condi\u00e7\u00f5es de mercado mudam, o que pode ajudar a tomar decis\u00f5es mais acertadas.<\/p>\n<h2><strong>Como tomar decis\u00f5es inteligentes na busca pelo quarto certo?<\/strong><\/h2>\n<p>J\u00e1 perdi as contas de quantas pessoas acompanhei que conseguiram melhores condi\u00e7\u00f5es s\u00f3 por estudarem o contexto antes de decidir. Para evitar surpresas, sempre recomendo alguns cuidados:<\/p>\n<ul>\n<li>Planeje sua mudan\u00e7a considerando o calend\u00e1rio local e universit\u00e1rio;<\/li>\n<li>Evite picos de procura, sempre que poss\u00edvel;<\/li>\n<li>Negocie valores e car\u00eancias quando a procura estiver mais baixa;<\/li>\n<li>Pesquise sobre o bairro e futuros eventos ou obras;<\/li>\n<li>Use plataformas confi\u00e1veis como o WebQuarto para garantir seguran\u00e7a no processo;<\/li>\n<li>Acompanhe blogs e dicas sobre compartilhamento de moradias para se manter informado.<\/li>\n<\/ul>\n<p>Vi pessoas encontrando excelentes oportunidades em meses menos disputados, al\u00e9m de propriet\u00e1rios mais abertos a acordos flex\u00edveis nessas situa\u00e7\u00f5es.<\/p>\n<h2><strong>Conclus\u00e3o<\/strong><\/h2>\n<p>Ap\u00f3s anos acompanhando o mercado, reafirmo: a melhor \u00e9poca para alugar quartos depende de entender esses fatores de contexto. N\u00e3o se trata s\u00f3 de economizar, mas tamb\u00e9m de encontrar o local mais alinhado ao seu momento de vida, rotina e projetos. Usar o WebQuarto pode ser um diferencial importante, j\u00e1 que oferece seguran\u00e7a, sistema de busca eficiente, chat protegido e v\u00e1rias dicas atualizadas conforme o cen\u00e1rio brasileiro.<\/p>\n<p>Se voc\u00ea busca mais detalhes ou quer exemplos pr\u00e1ticos, recomendo conferir conte\u00fados como este post sobre experi\u00eancias de aluguel. E, claro, aproveite para anunciar seu quarto sem custo ou encontrar novas op\u00e7\u00f5es de moradia no WebQuarto mesmo em \u00e9pocas diferenciadas. Seu pr\u00f3ximo lar pode estar mais perto do que voc\u00ea imagina!<\/p>\n<h2><strong>Perguntas frequentes<\/strong><\/h2>\n<h3><strong>Quando \u00e9 a melhor \u00e9poca para alugar quartos?<\/strong><\/h3>\n<p>A melhor \u00e9poca para alugar quartos costuma ser durante a baixa temporada, que ocorre nos meses de mar\u00e7o, abril, agosto e setembro. Nessas datas, a procura \u00e9 mais baixa e a possibilidade de negociar pre\u00e7os e condi\u00e7\u00f5es aumenta.<\/p>\n<h3><strong>Quais fatores influenciam o valor do aluguel?<\/strong><\/h3>\n<p>O valor do aluguel sofre influ\u00eancia da \u00e9poca do ano, localiza\u00e7\u00e3o, proximidade de eventos regionais, fluxo de estudantes ou profissionais e condi\u00e7\u00f5es econ\u00f4micas do pa\u00eds. Tamb\u00e9m \u00e9 importante considerar as caracter\u00edsticas do im\u00f3vel e a quantidade de vagas dispon\u00edveis.<\/p>\n<h3><strong>Como encontrar quartos com bons pre\u00e7os?<\/strong><\/h3>\n<p>Pesquisar em plataformas confi\u00e1veis como o WebQuarto, antecipar a busca para per\u00edodos de menor procura e analisar bairros alternativos pode resultar em pre\u00e7os mais acess\u00edveis. Negociar diretamente com propriet\u00e1rios utilizando chats seguros tamb\u00e9m aumenta suas chances.<\/p>\n<h3><strong>Vale a pena esperar baixa temporada?<\/strong><\/h3>\n<p>Se voc\u00ea tem flexibilidade, vale a pena esperar a baixa temporada, pois as ofertas aumentam e os valores tendem a cair. Nesses momentos, propriet\u00e1rios costumam ser mais abertos a negocia\u00e7\u00f5es.<\/p>\n<h3><strong>Quais s\u00e3o os per\u00edodos mais disputados?<\/strong><\/h3>\n<p>Os per\u00edodos mais disputados para alugar quartos ocorrem no in\u00edcio dos semestres letivos (janeiro\/fevereiro e julho). Tamb\u00e9m h\u00e1 alta procura em cidades com eventos sazonais, como festas universit\u00e1rias, grandes feiras e shows, al\u00e9m dos meses de f\u00e9rias escolares.<\/p>\n","protected":false},"excerpt":{"rendered":"<p>Descubra os 5 fatores que impactam no valor e disponibilidade de quartos para alugar ao longo do ano no Brasil.<\/p>\n","protected":false},"author":3,"featured_media":1891,"comment_status":"open","ping_status":"open","sticky":false,"template":"","format":"standard","meta":{"_monsterinsights_skip_tracking":false,"_monsterinsights_sitenote_active":false,"_monsterinsights_sitenote_note":"","_monsterinsights_sitenote_category":0},"categories":[29],"tags":[],"yoast_head":"<!-- This site is optimized with the Yoast SEO plugin v19.1 - https:\/\/yoast.com\/wordpress\/plugins\/seo\/ -->\n<title>Veja 5 fatores que influenciam na melhor \u00e9poca para alugar quartos - WebQuarto<\/title>\n<meta name=\"robots\" content=\"index, follow, max-snippet:-1, max-image-preview:large, max-video-preview:-1\" \/>\n<link rel=\"canonical\" href=\"https:\/\/www.webquarto.com.br\/blog\/2026\/melhor-epoca-para-alugar-quartos-fatores\/\" \/>\n<meta property=\"og:locale\" content=\"pt_BR\" \/>\n<meta property=\"og:type\" content=\"article\" \/>\n<meta property=\"og:title\" content=\"Veja 5 fatores que influenciam na melhor \u00e9poca para alugar quartos - WebQuarto\" \/>\n<meta property=\"og:description\" content=\"Descubra os 5 fatores que impactam no valor e disponibilidade de quartos para alugar ao longo do ano no Brasil.\" \/>\n<meta property=\"og:url\" content=\"https:\/\/www.webquarto.com.br\/blog\/2026\/melhor-epoca-para-alugar-quartos-fatores\/\" \/>\n<meta property=\"og:site_name\" content=\"WebQuarto\" \/>\n<meta property=\"article:published_time\" content=\"2026-04-29T19:57:51+00:00\" \/>\n<meta property=\"article:modified_time\" content=\"2026-04-29T19:58:02+00:00\" \/>\n<meta name=\"twitter:label1\" content=\"Escrito por\" \/>\n\t<meta name=\"twitter:data1\" content=\"Jo\u00e3o Brondi\" \/>\n\t<meta name=\"twitter:label2\" content=\"Est. tempo de leitura\" \/>\n\t<meta name=\"twitter:data2\" content=\"7 minutos\" \/>\n<script type=\"application\/ld+json\" class=\"yoast-schema-graph\">{\"@context\":\"https:\/\/schema.org\",\"@graph\":[{\"@type\":\"WebSite\",\"@id\":\"https:\/\/www.webquarto.com.br\/blog\/#website\",\"url\":\"https:\/\/www.webquarto.com.br\/blog\/\",\"name\":\"WebQuarto\",\"description\":\"Encontre quartos e apartamentos para dividir em todo o Brasil!\",\"potentialAction\":[{\"@type\":\"SearchAction\",\"target\":{\"@type\":\"EntryPoint\",\"urlTemplate\":\"https:\/\/www.webquarto.com.br\/blog\/?s={search_term_string}\"},\"query-input\":\"required name=search_term_string\"}],\"inLanguage\":\"pt-BR\"},{\"@type\":\"ImageObject\",\"inLanguage\":\"pt-BR\",\"@id\":\"https:\/\/www.webquarto.com.br\/blog\/2026\/melhor-epoca-para-alugar-quartos-fatores\/#primaryimage\",\"url\":\"https:\/\/www.webquarto.com.br\/blog\/wp-content\/uploads\/2026\/04\/linha-do-tempo-aluguel-quartos-428.webp\",\"contentUrl\":\"https:\/\/www.webquarto.com.br\/blog\/wp-content\/uploads\/2026\/04\/linha-do-tempo-aluguel-quartos-428.webp\",\"width\":1216,\"height\":640,\"caption\":\"Linha do tempo ilustrada mostrando planejamento para alugar quarto ao longo do ano\"},{\"@type\":\"WebPage\",\"@id\":\"https:\/\/www.webquarto.com.br\/blog\/2026\/melhor-epoca-para-alugar-quartos-fatores\/#webpage\",\"url\":\"https:\/\/www.webquarto.com.br\/blog\/2026\/melhor-epoca-para-alugar-quartos-fatores\/\",\"name\":\"Veja 5 fatores que influenciam na melhor \u00e9poca para alugar quartos - WebQuarto\",\"isPartOf\":{\"@id\":\"https:\/\/www.webquarto.com.br\/blog\/#website\"},\"primaryImageOfPage\":{\"@id\":\"https:\/\/www.webquarto.com.br\/blog\/2026\/melhor-epoca-para-alugar-quartos-fatores\/#primaryimage\"},\"datePublished\":\"2026-04-29T19:57:51+00:00\",\"dateModified\":\"2026-04-29T19:58:02+00:00\",\"author\":{\"@id\":\"https:\/\/www.webquarto.com.br\/blog\/#\/schema\/person\/0f558b35d8e97b36d0172434cc91608f\"},\"breadcrumb\":{\"@id\":\"https:\/\/www.webquarto.com.br\/blog\/2026\/melhor-epoca-para-alugar-quartos-fatores\/#breadcrumb\"},\"inLanguage\":\"pt-BR\",\"potentialAction\":[{\"@type\":\"ReadAction\",\"target\":[\"https:\/\/www.webquarto.com.br\/blog\/2026\/melhor-epoca-para-alugar-quartos-fatores\/\"]}]},{\"@type\":\"BreadcrumbList\",\"@id\":\"https:\/\/www.webquarto.com.br\/blog\/2026\/melhor-epoca-para-alugar-quartos-fatores\/#breadcrumb\",\"itemListElement\":[{\"@type\":\"ListItem\",\"position\":1,\"name\":\"In\u00edcio\",\"item\":\"https:\/\/www.webquarto.com.br\/blog\/\"},{\"@type\":\"ListItem\",\"position\":2,\"name\":\"Veja 5 fatores que influenciam na melhor \u00e9poca para alugar quartos\"}]},{\"@type\":\"Person\",\"@id\":\"https:\/\/www.webquarto.com.br\/blog\/#\/schema\/person\/0f558b35d8e97b36d0172434cc91608f\",\"name\":\"Jo\u00e3o Brondi\",\"image\":{\"@type\":\"ImageObject\",\"inLanguage\":\"pt-BR\",\"@id\":\"https:\/\/www.webquarto.com.br\/blog\/#\/schema\/person\/image\/\",\"url\":\"https:\/\/secure.gravatar.com\/avatar\/1d30fb36d3734474e638bc2902ea7ffa?s=96&d=mm&r=g\",\"contentUrl\":\"https:\/\/secure.gravatar.com\/avatar\/1d30fb36d3734474e638bc2902ea7ffa?s=96&d=mm&r=g\",\"caption\":\"Jo\u00e3o Brondi\"},\"url\":\"https:\/\/www.webquarto.com.br\/blog\/author\/joao-pedro\/\"}]}<\/script>\n<!-- \/ Yoast SEO plugin. -->","yoast_head_json":{"title":"Veja 5 fatores que influenciam na melhor \u00e9poca para alugar quartos - WebQuarto","robots":{"index":"index","follow":"follow","max-snippet":"max-snippet:-1","max-image-preview":"max-image-preview:large","max-video-preview":"max-video-preview:-1"},"canonical":"https:\/\/www.webquarto.com.br\/blog\/2026\/melhor-epoca-para-alugar-quartos-fatores\/","og_locale":"pt_BR","og_type":"article","og_title":"Veja 5 fatores que influenciam na melhor \u00e9poca para alugar quartos - WebQuarto","og_description":"Descubra os 5 fatores que impactam no valor e disponibilidade de quartos para alugar ao longo do ano no Brasil.","og_url":"https:\/\/www.webquarto.com.br\/blog\/2026\/melhor-epoca-para-alugar-quartos-fatores\/","og_site_name":"WebQuarto","article_published_time":"2026-04-29T19:57:51+00:00","article_modified_time":"2026-04-29T19:58:02+00:00","twitter_misc":{"Escrito por":"Jo\u00e3o Brondi","Est. tempo de leitura":"7 minutos"},"schema":{"@context":"https:\/\/schema.org","@graph":[{"@type":"WebSite","@id":"https:\/\/www.webquarto.com.br\/blog\/#website","url":"https:\/\/www.webquarto.com.br\/blog\/","name":"WebQuarto","description":"Encontre quartos e apartamentos para dividir em todo o Brasil!","potentialAction":[{"@type":"SearchAction","target":{"@type":"EntryPoint","urlTemplate":"https:\/\/www.webquarto.com.br\/blog\/?s={search_term_string}"},"query-input":"required name=search_term_string"}],"inLanguage":"pt-BR"},{"@type":"ImageObject","inLanguage":"pt-BR","@id":"https:\/\/www.webquarto.com.br\/blog\/2026\/melhor-epoca-para-alugar-quartos-fatores\/#primaryimage","url":"https:\/\/www.webquarto.com.br\/blog\/wp-content\/uploads\/2026\/04\/linha-do-tempo-aluguel-quartos-428.webp","contentUrl":"https:\/\/www.webquarto.com.br\/blog\/wp-content\/uploads\/2026\/04\/linha-do-tempo-aluguel-quartos-428.webp","width":1216,"height":640,"caption":"Linha do tempo ilustrada mostrando planejamento para alugar quarto ao longo do ano"},{"@type":"WebPage","@id":"https:\/\/www.webquarto.com.br\/blog\/2026\/melhor-epoca-para-alugar-quartos-fatores\/#webpage","url":"https:\/\/www.webquarto.com.br\/blog\/2026\/melhor-epoca-para-alugar-quartos-fatores\/","name":"Veja 5 fatores que influenciam na melhor \u00e9poca para alugar quartos - WebQuarto","isPartOf":{"@id":"https:\/\/www.webquarto.com.br\/blog\/#website"},"primaryImageOfPage":{"@id":"https:\/\/www.webquarto.com.br\/blog\/2026\/melhor-epoca-para-alugar-quartos-fatores\/#primaryimage"},"datePublished":"2026-04-29T19:57:51+00:00","dateModified":"2026-04-29T19:58:02+00:00","author":{"@id":"https:\/\/www.webquarto.com.br\/blog\/#\/schema\/person\/0f558b35d8e97b36d0172434cc91608f"},"breadcrumb":{"@id":"https:\/\/www.webquarto.com.br\/blog\/2026\/melhor-epoca-para-alugar-quartos-fatores\/#breadcrumb"},"inLanguage":"pt-BR","potentialAction":[{"@type":"ReadAction","target":["https:\/\/www.webquarto.com.br\/blog\/2026\/melhor-epoca-para-alugar-quartos-fatores\/"]}]},{"@type":"BreadcrumbList","@id":"https:\/\/www.webquarto.com.br\/blog\/2026\/melhor-epoca-para-alugar-quartos-fatores\/#breadcrumb","itemListElement":[{"@type":"ListItem","position":1,"name":"In\u00edcio","item":"https:\/\/www.webquarto.com.br\/blog\/"},{"@type":"ListItem","position":2,"name":"Veja 5 fatores que influenciam na melhor \u00e9poca para alugar quartos"}]},{"@type":"Person","@id":"https:\/\/www.webquarto.com.br\/blog\/#\/schema\/person\/0f558b35d8e97b36d0172434cc91608f","name":"Jo\u00e3o Brondi","image":{"@type":"ImageObject","inLanguage":"pt-BR","@id":"https:\/\/www.webquarto.com.br\/blog\/#\/schema\/person\/image\/","url":"https:\/\/secure.gravatar.com\/avatar\/1d30fb36d3734474e638bc2902ea7ffa?s=96&d=mm&r=g","contentUrl":"https:\/\/secure.gravatar.com\/avatar\/1d30fb36d3734474e638bc2902ea7ffa?s=96&d=mm&r=g","caption":"Jo\u00e3o Brondi"},"url":"https:\/\/www.webquarto.com.br\/blog\/author\/joao-pedro\/"}]}},"_links":{"self":[{"href":"https:\/\/www.webquarto.com.br\/blog\/wp-json\/wp\/v2\/posts\/1890"}],"collection":[{"href":"https:\/\/www.webquarto.com.br\/blog\/wp-json\/wp\/v2\/posts"}],"about":[{"href":"https:\/\/www.webquarto.com.br\/blog\/wp-json\/wp\/v2\/types\/post"}],"author":[{"embeddable":true,"href":"https:\/\/www.webquarto.com.br\/blog\/wp-json\/wp\/v2\/users\/3"}],"replies":[{"embeddable":true,"href":"https:\/\/www.webquarto.com.br\/blog\/wp-json\/wp\/v2\/comments?post=1890"}],"version-history":[{"count":2,"href":"https:\/\/www.webquarto.com.br\/blog\/wp-json\/wp\/v2\/posts\/1890\/revisions"}],"predecessor-version":[{"id":1895,"href":"https:\/\/www.webquarto.com.br\/blog\/wp-json\/wp\/v2\/posts\/1890\/revisions\/1895"}],"wp:featuredmedia":[{"embeddable":true,"href":"https:\/\/www.webquarto.com.br\/blog\/wp-json\/wp\/v2\/media\/1891"}],"wp:attachment":[{"href":"https:\/\/www.webquarto.com.br\/blog\/wp-json\/wp\/v2\/media?parent=1890"}],"wp:term":[{"taxonomy":"category","embeddable":true,"href":"https:\/\/www.webquarto.com.br\/blog\/wp-json\/wp\/v2\/categories?post=1890"},{"taxonomy":"post_tag","embeddable":true,"href":"https:\/\/www.webquarto.com.br\/blog\/wp-json\/wp\/v2\/tags?post=1890"}],"curies":[{"name":"wp","href":"https:\/\/api.w.org\/{rel}","templated":true}]}}