{"id":227,"date":"2019-08-22T10:07:59","date_gmt":"2019-08-22T10:07:59","guid":{"rendered":"http:\/\/www.webquarto.com.br\/blog\/?p=227"},"modified":"2019-08-22T02:13:54","modified_gmt":"2019-08-22T02:13:54","slug":"como-saber-qual-o-meu-tipo-ideal-de-imovel-para-alugar","status":"publish","type":"post","link":"https:\/\/www.webquarto.com.br\/blog\/2019\/como-saber-qual-o-meu-tipo-ideal-de-imovel-para-alugar\/","title":{"rendered":"Como saber qual o meu tipo ideal de im\u00f3vel para alugar?"},"content":{"rendered":"<p><span style=\"font-weight: 400;\">Chegou o grande momento de sair da casa dos pais e ter sua vida pr\u00f3pria? Nesse momento voc\u00ea deve se informar ao m\u00e1ximo sobre as possibilidades de moradia e ver qual se encaixa mais no seu perfil. Pensando nisso n\u00f3s fizemos esse post para lhe dar algumas dicas e ajudar voc\u00ea a descobrir qual o seu tipo ideal de im\u00f3vel para alugar.<\/span><\/p>\n<p><span style=\"font-weight: 400;\">O im\u00f3vel tem que se encaixar nas suas expectativas e possibilidades\u00a0<\/span><\/p>\n<p><span style=\"font-weight: 400;\">Compreender as diferen\u00e7as entre os im\u00f3veis oferecidos pelo mercado permite que voc\u00ea possa identificar o que mais lhe conv\u00e9m. Al\u00e9m da localiza\u00e7\u00e3o, infraestrutura e seguran\u00e7a do local, voc\u00ea tamb\u00e9m deve levar em conta o que mais se encaixa no seu or\u00e7amento.\u00a0<\/span><\/p>\n<h2><strong>E quais s\u00e3o os tipos de im\u00f3vel para alugar?<\/strong><\/h2>\n<h2><span style=\"font-weight: 400;\">Alugar uma Quitinete\u00a0<\/span><\/h2>\n<p><span style=\"font-weight: 400;\">Esse tipo de im\u00f3vel \u00e9 super comum em cidades que possuem universidades. Quitinete se trata de um ambiente bem compacto, ideal para pessoas que querem morar sozinhos. Geralmente as quitinetes contam com um quarto, cozinha e sala conjugados e integrados a \u00e1rea de servi\u00e7o. Como se trata de um ambiente pequeno \u00e9 mais f\u00e1cil de decorar e limpar, sem contar que os pre\u00e7os de quitinetes s\u00e3o muito mais em conta que outros tipos de im\u00f3veis.<\/span><\/p>\n<p>&nbsp;<\/p>\n<h2><span style=\"font-weight: 400;\">Alugar um Apartamento<\/span><\/h2>\n<p><span style=\"font-weight: 400;\">Esse tipo de im\u00f3vel \u00e9 bem maior que o citado acima, podem oferecer 1,2,3 ou at\u00e9 mais dormit\u00f3rios, ideal para quem est\u00e1 pensando em dividir aluguel. Dependendo o local que voc\u00ea desejar e escolher pode ainda contar com academia, quadra esportiva, sal\u00e3o de festas, \u00e1rea de churrasqueira entre outras \u00e1reas de entretenimento.\u00a0<\/span><\/p>\n<p>&nbsp;<\/p>\n<h2><span style=\"font-weight: 400;\">Alugar um Flat<\/span><\/h2>\n<p><span style=\"font-weight: 400;\">Esse tipo de moradia tamb\u00e9m \u00e9 conhecido como apart-hotel, \u00e9 um apartamento residencial, um pouco menor do que os apartamentos convencionais, conta com cozinha, geladeira e banheiro. Esse tipo de im\u00f3vel disp\u00f5e de servi\u00e7os similares a um hotel, mas com taxas muito menores e sem toda aquela formalidade de hospedagem. Ideal para quem pensa em morar sozinho.<\/span><\/p>\n<p>&nbsp;<\/p>\n<h2><span style=\"font-weight: 400;\">Alugar um Loft<\/span><\/h2>\n<p><span style=\"font-weight: 400;\">O loft se trata de um tipo de habita\u00e7\u00e3o que foi inspirada nos antigos galp\u00f5es industriais e armaz\u00e9ns dos Estados Unidos na d\u00e9cada de 70. \u00c9 um apartamento bem amplo sem divis\u00f5es, a maioria conta com grandes janelas, o que favorece a ilumina\u00e7\u00e3o natural e consequentemente a economia de energia. Pela caracter\u00edstica mencionada esse tipo de moradia lhe proporciona uma grande flexibilidade para que voc\u00ea use o lugar da maneira que achar mais conveniente, conforme as suas necessidade.<\/span><\/p>\n<p><span style=\"font-weight: 400;\">E voc\u00ea, j\u00e1 decidiu qual o seu tipo ideal de im\u00f3vel para alugar? J\u00e1 alugou seu espa\u00e7o para realizar o sonho de ser independente e morar sozinho? Ou est\u00e1 procurando um espa\u00e7o em uma cidade nova? Seja qual for sua situa\u00e7\u00e3o a <\/span><a href=\"https:\/\/www.webquarto.com.br\"><span style=\"font-weight: 400;\">WebQuarto<\/span><\/a><span style=\"font-weight: 400;\"> \u00e9 uma plataforma completa e segura para ajudar voc\u00ea a se conectar com seu pr\u00f3ximo espa\u00e7o.<\/span><\/p>\n","protected":false},"excerpt":{"rendered":"<p>Chegou o grande momento de sair da casa dos pais e ter sua vida pr\u00f3pria? Nesse momento voc\u00ea deve se informar ao m\u00e1ximo sobre as possibilidades de moradia e ver qual se encaixa mais no seu perfil. Pensando nisso n\u00f3s fizemos esse post para lhe dar algumas dicas e ajudar voc\u00ea a descobrir qual o<\/p>\n","protected":false},"author":3,"featured_media":228,"comment_status":"open","ping_status":"open","sticky":false,"template":"","format":"standard","meta":{"_monsterinsights_skip_tracking":false,"_monsterinsights_sitenote_active":false,"_monsterinsights_sitenote_note":"","_monsterinsights_sitenote_category":0},"categories":[29,30,26],"tags":[50],"yoast_head":"<!-- This site is optimized with the Yoast SEO plugin v19.1 - https:\/\/yoast.com\/wordpress\/plugins\/seo\/ -->\n<title>Como saber qual o meu tipo ideal de im\u00f3vel para alugar? - WebQuarto<\/title>\n<meta name=\"description\" content=\"O im\u00f3vel para alugar tem que se encaixar nas suas expectativas e possibilidades\u00a0Compreender as diferen\u00e7as entre os im\u00f3veis oferecidos permite que voc\u00ea...\" \/>\n<meta name=\"robots\" content=\"index, follow, max-snippet:-1, max-image-preview:large, max-video-preview:-1\" \/>\n<link rel=\"canonical\" href=\"https:\/\/www.webquarto.com.br\/blog\/2019\/como-saber-qual-o-meu-tipo-ideal-de-imovel-para-alugar\/\" \/>\n<meta property=\"og:locale\" content=\"pt_BR\" \/>\n<meta property=\"og:type\" content=\"article\" \/>\n<meta property=\"og:title\" content=\"Como saber qual o meu tipo ideal de im\u00f3vel para alugar? - WebQuarto\" \/>\n<meta property=\"og:description\" content=\"O im\u00f3vel para alugar tem que se encaixar nas suas expectativas e possibilidades\u00a0Compreender as diferen\u00e7as entre os im\u00f3veis oferecidos permite que voc\u00ea...\" \/>\n<meta property=\"og:url\" content=\"https:\/\/www.webquarto.com.br\/blog\/2019\/como-saber-qual-o-meu-tipo-ideal-de-imovel-para-alugar\/\" \/>\n<meta property=\"og:site_name\" content=\"WebQuarto\" \/>\n<meta property=\"article:published_time\" content=\"2019-08-22T10:07:59+00:00\" \/>\n<meta property=\"article:modified_time\" content=\"2019-08-22T02:13:54+00:00\" \/>\n<meta property=\"og:image\" content=\"https:\/\/www.webquarto.com.br\/blog\/wp-content\/uploads\/2019\/08\/im\u00f3vel-para-alugar.jpg\" \/>\n\t<meta property=\"og:image:width\" content=\"1920\" \/>\n\t<meta property=\"og:image:height\" content=\"1080\" \/>\n\t<meta property=\"og:image:type\" content=\"image\/jpeg\" \/>\n<meta name=\"twitter:label1\" content=\"Escrito por\" \/>\n\t<meta name=\"twitter:data1\" content=\"Jo\u00e3o Brondi\" \/>\n\t<meta name=\"twitter:label2\" content=\"Est. tempo de leitura\" \/>\n\t<meta name=\"twitter:data2\" content=\"2 minutos\" \/>\n<script type=\"application\/ld+json\" class=\"yoast-schema-graph\">{\"@context\":\"https:\/\/schema.org\",\"@graph\":[{\"@type\":\"WebSite\",\"@id\":\"https:\/\/www.webquarto.com.br\/blog\/#website\",\"url\":\"https:\/\/www.webquarto.com.br\/blog\/\",\"name\":\"WebQuarto\",\"description\":\"Encontre quartos e apartamentos para dividir em todo o Brasil!\",\"potentialAction\":[{\"@type\":\"SearchAction\",\"target\":{\"@type\":\"EntryPoint\",\"urlTemplate\":\"https:\/\/www.webquarto.com.br\/blog\/?s={search_term_string}\"},\"query-input\":\"required name=search_term_string\"}],\"inLanguage\":\"pt-BR\"},{\"@type\":\"ImageObject\",\"inLanguage\":\"pt-BR\",\"@id\":\"https:\/\/www.webquarto.com.br\/blog\/2019\/como-saber-qual-o-meu-tipo-ideal-de-imovel-para-alugar\/#primaryimage\",\"url\":\"https:\/\/www.webquarto.com.br\/blog\/wp-content\/uploads\/2019\/08\/im\u00f3vel-para-alugar.jpg\",\"contentUrl\":\"https:\/\/www.webquarto.com.br\/blog\/wp-content\/uploads\/2019\/08\/im\u00f3vel-para-alugar.jpg\",\"width\":1920,\"height\":1080,\"caption\":\"im\u00f3vel para alugar\"},{\"@type\":\"WebPage\",\"@id\":\"https:\/\/www.webquarto.com.br\/blog\/2019\/como-saber-qual-o-meu-tipo-ideal-de-imovel-para-alugar\/#webpage\",\"url\":\"https:\/\/www.webquarto.com.br\/blog\/2019\/como-saber-qual-o-meu-tipo-ideal-de-imovel-para-alugar\/\",\"name\":\"Como saber qual o meu tipo ideal de im\u00f3vel para alugar? - WebQuarto\",\"isPartOf\":{\"@id\":\"https:\/\/www.webquarto.com.br\/blog\/#website\"},\"primaryImageOfPage\":{\"@id\":\"https:\/\/www.webquarto.com.br\/blog\/2019\/como-saber-qual-o-meu-tipo-ideal-de-imovel-para-alugar\/#primaryimage\"},\"datePublished\":\"2019-08-22T10:07:59+00:00\",\"dateModified\":\"2019-08-22T02:13:54+00:00\",\"author\":{\"@id\":\"https:\/\/www.webquarto.com.br\/blog\/#\/schema\/person\/0f558b35d8e97b36d0172434cc91608f\"},\"description\":\"O im\u00f3vel para alugar tem que se encaixar nas suas expectativas e possibilidades\u00a0Compreender as diferen\u00e7as entre os im\u00f3veis oferecidos permite que voc\u00ea...\",\"breadcrumb\":{\"@id\":\"https:\/\/www.webquarto.com.br\/blog\/2019\/como-saber-qual-o-meu-tipo-ideal-de-imovel-para-alugar\/#breadcrumb\"},\"inLanguage\":\"pt-BR\",\"potentialAction\":[{\"@type\":\"ReadAction\",\"target\":[\"https:\/\/www.webquarto.com.br\/blog\/2019\/como-saber-qual-o-meu-tipo-ideal-de-imovel-para-alugar\/\"]}]},{\"@type\":\"BreadcrumbList\",\"@id\":\"https:\/\/www.webquarto.com.br\/blog\/2019\/como-saber-qual-o-meu-tipo-ideal-de-imovel-para-alugar\/#breadcrumb\",\"itemListElement\":[{\"@type\":\"ListItem\",\"position\":1,\"name\":\"In\u00edcio\",\"item\":\"https:\/\/www.webquarto.com.br\/blog\/\"},{\"@type\":\"ListItem\",\"position\":2,\"name\":\"Como saber qual o meu tipo ideal de im\u00f3vel para alugar?\"}]},{\"@type\":\"Person\",\"@id\":\"https:\/\/www.webquarto.com.br\/blog\/#\/schema\/person\/0f558b35d8e97b36d0172434cc91608f\",\"name\":\"Jo\u00e3o Brondi\",\"image\":{\"@type\":\"ImageObject\",\"inLanguage\":\"pt-BR\",\"@id\":\"https:\/\/www.webquarto.com.br\/blog\/#\/schema\/person\/image\/\",\"url\":\"https:\/\/secure.gravatar.com\/avatar\/1d30fb36d3734474e638bc2902ea7ffa?s=96&d=mm&r=g\",\"contentUrl\":\"https:\/\/secure.gravatar.com\/avatar\/1d30fb36d3734474e638bc2902ea7ffa?s=96&d=mm&r=g\",\"caption\":\"Jo\u00e3o Brondi\"},\"url\":\"https:\/\/www.webquarto.com.br\/blog\/author\/joao-pedro\/\"}]}<\/script>\n<!-- \/ Yoast SEO plugin. -->","yoast_head_json":{"title":"Como saber qual o meu tipo ideal de im\u00f3vel para alugar? - WebQuarto","description":"O im\u00f3vel para alugar tem que se encaixar nas suas expectativas e possibilidades\u00a0Compreender as diferen\u00e7as entre os im\u00f3veis oferecidos permite que voc\u00ea...","robots":{"index":"index","follow":"follow","max-snippet":"max-snippet:-1","max-image-preview":"max-image-preview:large","max-video-preview":"max-video-preview:-1"},"canonical":"https:\/\/www.webquarto.com.br\/blog\/2019\/como-saber-qual-o-meu-tipo-ideal-de-imovel-para-alugar\/","og_locale":"pt_BR","og_type":"article","og_title":"Como saber qual o meu tipo ideal de im\u00f3vel para alugar? - WebQuarto","og_description":"O im\u00f3vel para alugar tem que se encaixar nas suas expectativas e possibilidades\u00a0Compreender as diferen\u00e7as entre os im\u00f3veis oferecidos permite que voc\u00ea...","og_url":"https:\/\/www.webquarto.com.br\/blog\/2019\/como-saber-qual-o-meu-tipo-ideal-de-imovel-para-alugar\/","og_site_name":"WebQuarto","article_published_time":"2019-08-22T10:07:59+00:00","article_modified_time":"2019-08-22T02:13:54+00:00","og_image":[{"width":1920,"height":1080,"url":"https:\/\/www.webquarto.com.br\/blog\/wp-content\/uploads\/2019\/08\/im\u00f3vel-para-alugar.jpg","type":"image\/jpeg"}],"twitter_misc":{"Escrito por":"Jo\u00e3o Brondi","Est. tempo de leitura":"2 minutos"},"schema":{"@context":"https:\/\/schema.org","@graph":[{"@type":"WebSite","@id":"https:\/\/www.webquarto.com.br\/blog\/#website","url":"https:\/\/www.webquarto.com.br\/blog\/","name":"WebQuarto","description":"Encontre quartos e apartamentos para dividir em todo o Brasil!","potentialAction":[{"@type":"SearchAction","target":{"@type":"EntryPoint","urlTemplate":"https:\/\/www.webquarto.com.br\/blog\/?s={search_term_string}"},"query-input":"required name=search_term_string"}],"inLanguage":"pt-BR"},{"@type":"ImageObject","inLanguage":"pt-BR","@id":"https:\/\/www.webquarto.com.br\/blog\/2019\/como-saber-qual-o-meu-tipo-ideal-de-imovel-para-alugar\/#primaryimage","url":"https:\/\/www.webquarto.com.br\/blog\/wp-content\/uploads\/2019\/08\/im\u00f3vel-para-alugar.jpg","contentUrl":"https:\/\/www.webquarto.com.br\/blog\/wp-content\/uploads\/2019\/08\/im\u00f3vel-para-alugar.jpg","width":1920,"height":1080,"caption":"im\u00f3vel para alugar"},{"@type":"WebPage","@id":"https:\/\/www.webquarto.com.br\/blog\/2019\/como-saber-qual-o-meu-tipo-ideal-de-imovel-para-alugar\/#webpage","url":"https:\/\/www.webquarto.com.br\/blog\/2019\/como-saber-qual-o-meu-tipo-ideal-de-imovel-para-alugar\/","name":"Como saber qual o meu tipo ideal de im\u00f3vel para alugar? - WebQuarto","isPartOf":{"@id":"https:\/\/www.webquarto.com.br\/blog\/#website"},"primaryImageOfPage":{"@id":"https:\/\/www.webquarto.com.br\/blog\/2019\/como-saber-qual-o-meu-tipo-ideal-de-imovel-para-alugar\/#primaryimage"},"datePublished":"2019-08-22T10:07:59+00:00","dateModified":"2019-08-22T02:13:54+00:00","author":{"@id":"https:\/\/www.webquarto.com.br\/blog\/#\/schema\/person\/0f558b35d8e97b36d0172434cc91608f"},"description":"O im\u00f3vel para alugar tem que se encaixar nas suas expectativas e possibilidades\u00a0Compreender as diferen\u00e7as entre os im\u00f3veis oferecidos permite que voc\u00ea...","breadcrumb":{"@id":"https:\/\/www.webquarto.com.br\/blog\/2019\/como-saber-qual-o-meu-tipo-ideal-de-imovel-para-alugar\/#breadcrumb"},"inLanguage":"pt-BR","potentialAction":[{"@type":"ReadAction","target":["https:\/\/www.webquarto.com.br\/blog\/2019\/como-saber-qual-o-meu-tipo-ideal-de-imovel-para-alugar\/"]}]},{"@type":"BreadcrumbList","@id":"https:\/\/www.webquarto.com.br\/blog\/2019\/como-saber-qual-o-meu-tipo-ideal-de-imovel-para-alugar\/#breadcrumb","itemListElement":[{"@type":"ListItem","position":1,"name":"In\u00edcio","item":"https:\/\/www.webquarto.com.br\/blog\/"},{"@type":"ListItem","position":2,"name":"Como saber qual o meu tipo ideal de im\u00f3vel para alugar?"}]},{"@type":"Person","@id":"https:\/\/www.webquarto.com.br\/blog\/#\/schema\/person\/0f558b35d8e97b36d0172434cc91608f","name":"Jo\u00e3o Brondi","image":{"@type":"ImageObject","inLanguage":"pt-BR","@id":"https:\/\/www.webquarto.com.br\/blog\/#\/schema\/person\/image\/","url":"https:\/\/secure.gravatar.com\/avatar\/1d30fb36d3734474e638bc2902ea7ffa?s=96&d=mm&r=g","contentUrl":"https:\/\/secure.gravatar.com\/avatar\/1d30fb36d3734474e638bc2902ea7ffa?s=96&d=mm&r=g","caption":"Jo\u00e3o Brondi"},"url":"https:\/\/www.webquarto.com.br\/blog\/author\/joao-pedro\/"}]}},"_links":{"self":[{"href":"https:\/\/www.webquarto.com.br\/blog\/wp-json\/wp\/v2\/posts\/227"}],"collection":[{"href":"https:\/\/www.webquarto.com.br\/blog\/wp-json\/wp\/v2\/posts"}],"about":[{"href":"https:\/\/www.webquarto.com.br\/blog\/wp-json\/wp\/v2\/types\/post"}],"author":[{"embeddable":true,"href":"https:\/\/www.webquarto.com.br\/blog\/wp-json\/wp\/v2\/users\/3"}],"replies":[{"embeddable":true,"href":"https:\/\/www.webquarto.com.br\/blog\/wp-json\/wp\/v2\/comments?post=227"}],"version-history":[{"count":1,"href":"https:\/\/www.webquarto.com.br\/blog\/wp-json\/wp\/v2\/posts\/227\/revisions"}],"predecessor-version":[{"id":229,"href":"https:\/\/www.webquarto.com.br\/blog\/wp-json\/wp\/v2\/posts\/227\/revisions\/229"}],"wp:featuredmedia":[{"embeddable":true,"href":"https:\/\/www.webquarto.com.br\/blog\/wp-json\/wp\/v2\/media\/228"}],"wp:attachment":[{"href":"https:\/\/www.webquarto.com.br\/blog\/wp-json\/wp\/v2\/media?parent=227"}],"wp:term":[{"taxonomy":"category","embeddable":true,"href":"https:\/\/www.webquarto.com.br\/blog\/wp-json\/wp\/v2\/categories?post=227"},{"taxonomy":"post_tag","embeddable":true,"href":"https:\/\/www.webquarto.com.br\/blog\/wp-json\/wp\/v2\/tags?post=227"}],"curies":[{"name":"wp","href":"https:\/\/api.w.org\/{rel}","templated":true}]}}