{"id":250,"date":"2019-09-16T18:00:05","date_gmt":"2019-09-16T18:00:05","guid":{"rendered":"http:\/\/www.webquarto.com.br\/blog\/?p=250"},"modified":"2019-09-13T01:27:40","modified_gmt":"2019-09-13T01:27:40","slug":"como-se-preparar-para-uma-mudanca","status":"publish","type":"post","link":"https:\/\/www.webquarto.com.br\/blog\/2019\/como-se-preparar-para-uma-mudanca\/","title":{"rendered":"Como se preparar para uma mudan\u00e7a?"},"content":{"rendered":"<p>Sabemos que mudan\u00e7as d\u00e3o bastante trabalho, se mal organizado pode ser um processo chato e bastante complicado. Foi pensando nisso que fizemos esse post, para lhe dar algumas dicas essenciais e ajudar a facilitar sua mudan\u00e7a.<\/p>\n<h2>Eu preciso realmente levar tudo?<\/h2>\n<p>Apesar de cansativa, a mudan\u00e7a \u00e9 um momento muito importante para identificar com clareza o que deve seguir na sua vida e o que pode ser descartado. Mais que uma troca de local f\u00edsico, \u00e9 tamb\u00e9m um \u00f3timo momento para mudan\u00e7as internas e desapegos, al\u00e9m de ser ideal para fazer doa\u00e7\u00f5es e reciclagens. Com certeza voc\u00ea deve ter muita coisa que n\u00e3o usa mais, e a\u00ed, que tal desapegar?<\/p>\n<h2>Antes da mudan\u00e7a<\/h2>\n<ol>\n<li>Fa\u00e7a listas com cronogramas para que a mudan\u00e7a seja feita com mais tranquilidade;<\/li>\n<li>Verifique todos os documentos importantes que vai precisar;<\/li>\n<li>Comunique o novo endere\u00e7o em locais necess\u00e1rios para receber correspond\u00eancias corretamente;<\/li>\n<li>Verifique a voltagem da nova casa e checar se os eletrodom\u00e9sticos s\u00e3o da mesma categoria;<\/li>\n<li>Se possuir animais de estima\u00e7\u00e3o, verifique antes como ser\u00e1 feito o transporte para que seja com seguran\u00e7a;<\/li>\n<li>Descarte os objetos que n\u00e3o vai mais usar;<\/li>\n<li>Junte caixas de papel\u00e3o;<\/li>\n<li>providencie pl\u00e1stico bolha;<\/li>\n<li>Organize o empacotamento;<\/li>\n<li>Escreva &#8220;fr\u00e1gil&#8221; nas caixas com objetos delicados;<\/li>\n<li>Identifique as caixas;<\/li>\n<li>Comece empacotando os objetos menos utilizados;<\/li>\n<li>Ap\u00f3s ter empacotado tudo n\u00e3o esque\u00e7a de refor\u00e7ar a parte debaixo das caixas com fita adesiva;<\/li>\n<li>\u00a0Coloque as roupas em malas ao inv\u00e9s de caixas, assim sobra espa\u00e7o pra outras coisas nas caixas.<\/li>\n<\/ol>\n<h2>Depois da mudan\u00e7a<\/h2>\n<ol>\n<li>Comece a organiza\u00e7\u00e3o pelos c\u00f4modos que mais vai utilizar, como banheiro e cozinha por exemplo;<\/li>\n<li>Desempacote primeiro os objetos fr\u00e1geis, e depois os que mais ir\u00e1 utilizar;<\/li>\n<li>Contrate instaladores e montadores para ajudar na organiza\u00e7\u00e3o;<\/li>\n<li>V\u00e1 ao supermercado e abaste\u00e7a a geladeira;<\/li>\n<li>E tenha paci\u00eancia, organizar um novo local do jeitinho que voc\u00ea quer leva tempo.<\/li>\n<\/ol>\n<p>E voc\u00ea j\u00e1 achou seu lugar ideal? Ou est\u00e1 procurando algu\u00e9m pra dividir um im\u00f3vel? Seja qual for sua situa\u00e7\u00e3o a <a href=\"https:\/\/www.webquarto.com.br\/\">WebQuarto<\/a>\u00a0\u00e9 uma plataforma completa e segura para ajudar voc\u00ea a se conectar com seu pr\u00f3ximo espa\u00e7o.<\/p>\n","protected":false},"excerpt":{"rendered":"<p>Sabemos que mudan\u00e7as d\u00e3o bastante trabalho, se mal organizado pode ser um processo chato e bastante complicado. Foi pensando nisso que fizemos esse post, para lhe dar algumas dicas essenciais e ajudar a facilitar sua mudan\u00e7a. Eu preciso realmente levar tudo? Apesar de cansativa, a mudan\u00e7a \u00e9 um momento muito importante para identificar com clareza<\/p>\n","protected":false},"author":3,"featured_media":256,"comment_status":"open","ping_status":"open","sticky":false,"template":"","format":"standard","meta":{"_monsterinsights_skip_tracking":false,"_monsterinsights_sitenote_active":false,"_monsterinsights_sitenote_note":"","_monsterinsights_sitenote_category":0},"categories":[27,53],"tags":[60],"yoast_head":"<!-- This site is optimized with the Yoast SEO plugin v19.1 - https:\/\/yoast.com\/wordpress\/plugins\/seo\/ -->\n<title>Como se preparar para uma mudan\u00e7a? - WebQuarto<\/title>\n<meta name=\"description\" content=\"Sabemos que mudan\u00e7as d\u00e3o bastante trabalho e s\u00e3o cansativas, se mal organizado pode ser um processo chato e bastante complicado.\" \/>\n<meta name=\"robots\" content=\"index, follow, max-snippet:-1, max-image-preview:large, max-video-preview:-1\" \/>\n<link rel=\"canonical\" href=\"https:\/\/www.webquarto.com.br\/blog\/2019\/como-se-preparar-para-uma-mudanca\/\" \/>\n<meta property=\"og:locale\" content=\"pt_BR\" \/>\n<meta property=\"og:type\" content=\"article\" \/>\n<meta property=\"og:title\" content=\"Como se preparar para uma mudan\u00e7a? - WebQuarto\" \/>\n<meta property=\"og:description\" content=\"Sabemos que mudan\u00e7as d\u00e3o bastante trabalho e s\u00e3o cansativas, se mal organizado pode ser um processo chato e bastante complicado.\" \/>\n<meta property=\"og:url\" content=\"https:\/\/www.webquarto.com.br\/blog\/2019\/como-se-preparar-para-uma-mudanca\/\" \/>\n<meta property=\"og:site_name\" content=\"WebQuarto\" \/>\n<meta property=\"article:published_time\" content=\"2019-09-16T18:00:05+00:00\" \/>\n<meta property=\"article:modified_time\" content=\"2019-09-13T01:27:40+00:00\" \/>\n<meta property=\"og:image\" content=\"https:\/\/www.webquarto.com.br\/blog\/wp-content\/uploads\/2019\/09\/Como-se-preparar-para-uma-mudan\u00e7a_.jpg\" \/>\n\t<meta property=\"og:image:width\" content=\"1920\" \/>\n\t<meta property=\"og:image:height\" content=\"1080\" \/>\n\t<meta property=\"og:image:type\" content=\"image\/jpeg\" \/>\n<meta name=\"twitter:label1\" content=\"Escrito por\" \/>\n\t<meta name=\"twitter:data1\" content=\"Jo\u00e3o Brondi\" \/>\n\t<meta name=\"twitter:label2\" content=\"Est. tempo de leitura\" \/>\n\t<meta name=\"twitter:data2\" content=\"2 minutos\" \/>\n<script type=\"application\/ld+json\" class=\"yoast-schema-graph\">{\"@context\":\"https:\/\/schema.org\",\"@graph\":[{\"@type\":\"WebSite\",\"@id\":\"https:\/\/www.webquarto.com.br\/blog\/#website\",\"url\":\"https:\/\/www.webquarto.com.br\/blog\/\",\"name\":\"WebQuarto\",\"description\":\"Encontre quartos e apartamentos para dividir em todo o Brasil!\",\"potentialAction\":[{\"@type\":\"SearchAction\",\"target\":{\"@type\":\"EntryPoint\",\"urlTemplate\":\"https:\/\/www.webquarto.com.br\/blog\/?s={search_term_string}\"},\"query-input\":\"required name=search_term_string\"}],\"inLanguage\":\"pt-BR\"},{\"@type\":\"ImageObject\",\"inLanguage\":\"pt-BR\",\"@id\":\"https:\/\/www.webquarto.com.br\/blog\/2019\/como-se-preparar-para-uma-mudanca\/#primaryimage\",\"url\":\"https:\/\/www.webquarto.com.br\/blog\/wp-content\/uploads\/2019\/09\/Como-se-preparar-para-uma-mudan\u00e7a_.jpg\",\"contentUrl\":\"https:\/\/www.webquarto.com.br\/blog\/wp-content\/uploads\/2019\/09\/Como-se-preparar-para-uma-mudan\u00e7a_.jpg\",\"width\":1920,\"height\":1080},{\"@type\":\"WebPage\",\"@id\":\"https:\/\/www.webquarto.com.br\/blog\/2019\/como-se-preparar-para-uma-mudanca\/#webpage\",\"url\":\"https:\/\/www.webquarto.com.br\/blog\/2019\/como-se-preparar-para-uma-mudanca\/\",\"name\":\"Como se preparar para uma mudan\u00e7a? - WebQuarto\",\"isPartOf\":{\"@id\":\"https:\/\/www.webquarto.com.br\/blog\/#website\"},\"primaryImageOfPage\":{\"@id\":\"https:\/\/www.webquarto.com.br\/blog\/2019\/como-se-preparar-para-uma-mudanca\/#primaryimage\"},\"datePublished\":\"2019-09-16T18:00:05+00:00\",\"dateModified\":\"2019-09-13T01:27:40+00:00\",\"author\":{\"@id\":\"https:\/\/www.webquarto.com.br\/blog\/#\/schema\/person\/0f558b35d8e97b36d0172434cc91608f\"},\"description\":\"Sabemos que mudan\u00e7as d\u00e3o bastante trabalho e s\u00e3o cansativas, se mal organizado pode ser um processo chato e bastante complicado.\",\"breadcrumb\":{\"@id\":\"https:\/\/www.webquarto.com.br\/blog\/2019\/como-se-preparar-para-uma-mudanca\/#breadcrumb\"},\"inLanguage\":\"pt-BR\",\"potentialAction\":[{\"@type\":\"ReadAction\",\"target\":[\"https:\/\/www.webquarto.com.br\/blog\/2019\/como-se-preparar-para-uma-mudanca\/\"]}]},{\"@type\":\"BreadcrumbList\",\"@id\":\"https:\/\/www.webquarto.com.br\/blog\/2019\/como-se-preparar-para-uma-mudanca\/#breadcrumb\",\"itemListElement\":[{\"@type\":\"ListItem\",\"position\":1,\"name\":\"In\u00edcio\",\"item\":\"https:\/\/www.webquarto.com.br\/blog\/\"},{\"@type\":\"ListItem\",\"position\":2,\"name\":\"Como se preparar para uma mudan\u00e7a?\"}]},{\"@type\":\"Person\",\"@id\":\"https:\/\/www.webquarto.com.br\/blog\/#\/schema\/person\/0f558b35d8e97b36d0172434cc91608f\",\"name\":\"Jo\u00e3o Brondi\",\"image\":{\"@type\":\"ImageObject\",\"inLanguage\":\"pt-BR\",\"@id\":\"https:\/\/www.webquarto.com.br\/blog\/#\/schema\/person\/image\/\",\"url\":\"https:\/\/secure.gravatar.com\/avatar\/1d30fb36d3734474e638bc2902ea7ffa?s=96&d=mm&r=g\",\"contentUrl\":\"https:\/\/secure.gravatar.com\/avatar\/1d30fb36d3734474e638bc2902ea7ffa?s=96&d=mm&r=g\",\"caption\":\"Jo\u00e3o Brondi\"},\"url\":\"https:\/\/www.webquarto.com.br\/blog\/author\/joao-pedro\/\"}]}<\/script>\n<!-- \/ Yoast SEO plugin. -->","yoast_head_json":{"title":"Como se preparar para uma mudan\u00e7a? - WebQuarto","description":"Sabemos que mudan\u00e7as d\u00e3o bastante trabalho e s\u00e3o cansativas, se mal organizado pode ser um processo chato e bastante complicado.","robots":{"index":"index","follow":"follow","max-snippet":"max-snippet:-1","max-image-preview":"max-image-preview:large","max-video-preview":"max-video-preview:-1"},"canonical":"https:\/\/www.webquarto.com.br\/blog\/2019\/como-se-preparar-para-uma-mudanca\/","og_locale":"pt_BR","og_type":"article","og_title":"Como se preparar para uma mudan\u00e7a? - WebQuarto","og_description":"Sabemos que mudan\u00e7as d\u00e3o bastante trabalho e s\u00e3o cansativas, se mal organizado pode ser um processo chato e bastante complicado.","og_url":"https:\/\/www.webquarto.com.br\/blog\/2019\/como-se-preparar-para-uma-mudanca\/","og_site_name":"WebQuarto","article_published_time":"2019-09-16T18:00:05+00:00","article_modified_time":"2019-09-13T01:27:40+00:00","og_image":[{"width":1920,"height":1080,"url":"https:\/\/www.webquarto.com.br\/blog\/wp-content\/uploads\/2019\/09\/Como-se-preparar-para-uma-mudan\u00e7a_.jpg","type":"image\/jpeg"}],"twitter_misc":{"Escrito por":"Jo\u00e3o Brondi","Est. tempo de leitura":"2 minutos"},"schema":{"@context":"https:\/\/schema.org","@graph":[{"@type":"WebSite","@id":"https:\/\/www.webquarto.com.br\/blog\/#website","url":"https:\/\/www.webquarto.com.br\/blog\/","name":"WebQuarto","description":"Encontre quartos e apartamentos para dividir em todo o Brasil!","potentialAction":[{"@type":"SearchAction","target":{"@type":"EntryPoint","urlTemplate":"https:\/\/www.webquarto.com.br\/blog\/?s={search_term_string}"},"query-input":"required name=search_term_string"}],"inLanguage":"pt-BR"},{"@type":"ImageObject","inLanguage":"pt-BR","@id":"https:\/\/www.webquarto.com.br\/blog\/2019\/como-se-preparar-para-uma-mudanca\/#primaryimage","url":"https:\/\/www.webquarto.com.br\/blog\/wp-content\/uploads\/2019\/09\/Como-se-preparar-para-uma-mudan\u00e7a_.jpg","contentUrl":"https:\/\/www.webquarto.com.br\/blog\/wp-content\/uploads\/2019\/09\/Como-se-preparar-para-uma-mudan\u00e7a_.jpg","width":1920,"height":1080},{"@type":"WebPage","@id":"https:\/\/www.webquarto.com.br\/blog\/2019\/como-se-preparar-para-uma-mudanca\/#webpage","url":"https:\/\/www.webquarto.com.br\/blog\/2019\/como-se-preparar-para-uma-mudanca\/","name":"Como se preparar para uma mudan\u00e7a? - WebQuarto","isPartOf":{"@id":"https:\/\/www.webquarto.com.br\/blog\/#website"},"primaryImageOfPage":{"@id":"https:\/\/www.webquarto.com.br\/blog\/2019\/como-se-preparar-para-uma-mudanca\/#primaryimage"},"datePublished":"2019-09-16T18:00:05+00:00","dateModified":"2019-09-13T01:27:40+00:00","author":{"@id":"https:\/\/www.webquarto.com.br\/blog\/#\/schema\/person\/0f558b35d8e97b36d0172434cc91608f"},"description":"Sabemos que mudan\u00e7as d\u00e3o bastante trabalho e s\u00e3o cansativas, se mal organizado pode ser um processo chato e bastante complicado.","breadcrumb":{"@id":"https:\/\/www.webquarto.com.br\/blog\/2019\/como-se-preparar-para-uma-mudanca\/#breadcrumb"},"inLanguage":"pt-BR","potentialAction":[{"@type":"ReadAction","target":["https:\/\/www.webquarto.com.br\/blog\/2019\/como-se-preparar-para-uma-mudanca\/"]}]},{"@type":"BreadcrumbList","@id":"https:\/\/www.webquarto.com.br\/blog\/2019\/como-se-preparar-para-uma-mudanca\/#breadcrumb","itemListElement":[{"@type":"ListItem","position":1,"name":"In\u00edcio","item":"https:\/\/www.webquarto.com.br\/blog\/"},{"@type":"ListItem","position":2,"name":"Como se preparar para uma mudan\u00e7a?"}]},{"@type":"Person","@id":"https:\/\/www.webquarto.com.br\/blog\/#\/schema\/person\/0f558b35d8e97b36d0172434cc91608f","name":"Jo\u00e3o Brondi","image":{"@type":"ImageObject","inLanguage":"pt-BR","@id":"https:\/\/www.webquarto.com.br\/blog\/#\/schema\/person\/image\/","url":"https:\/\/secure.gravatar.com\/avatar\/1d30fb36d3734474e638bc2902ea7ffa?s=96&d=mm&r=g","contentUrl":"https:\/\/secure.gravatar.com\/avatar\/1d30fb36d3734474e638bc2902ea7ffa?s=96&d=mm&r=g","caption":"Jo\u00e3o Brondi"},"url":"https:\/\/www.webquarto.com.br\/blog\/author\/joao-pedro\/"}]}},"_links":{"self":[{"href":"https:\/\/www.webquarto.com.br\/blog\/wp-json\/wp\/v2\/posts\/250"}],"collection":[{"href":"https:\/\/www.webquarto.com.br\/blog\/wp-json\/wp\/v2\/posts"}],"about":[{"href":"https:\/\/www.webquarto.com.br\/blog\/wp-json\/wp\/v2\/types\/post"}],"author":[{"embeddable":true,"href":"https:\/\/www.webquarto.com.br\/blog\/wp-json\/wp\/v2\/users\/3"}],"replies":[{"embeddable":true,"href":"https:\/\/www.webquarto.com.br\/blog\/wp-json\/wp\/v2\/comments?post=250"}],"version-history":[{"count":1,"href":"https:\/\/www.webquarto.com.br\/blog\/wp-json\/wp\/v2\/posts\/250\/revisions"}],"predecessor-version":[{"id":251,"href":"https:\/\/www.webquarto.com.br\/blog\/wp-json\/wp\/v2\/posts\/250\/revisions\/251"}],"wp:featuredmedia":[{"embeddable":true,"href":"https:\/\/www.webquarto.com.br\/blog\/wp-json\/wp\/v2\/media\/256"}],"wp:attachment":[{"href":"https:\/\/www.webquarto.com.br\/blog\/wp-json\/wp\/v2\/media?parent=250"}],"wp:term":[{"taxonomy":"category","embeddable":true,"href":"https:\/\/www.webquarto.com.br\/blog\/wp-json\/wp\/v2\/categories?post=250"},{"taxonomy":"post_tag","embeddable":true,"href":"https:\/\/www.webquarto.com.br\/blog\/wp-json\/wp\/v2\/tags?post=250"}],"curies":[{"name":"wp","href":"https:\/\/api.w.org\/{rel}","templated":true}]}}