{"id":299,"date":"2019-10-21T17:00:59","date_gmt":"2019-10-21T17:00:59","guid":{"rendered":"http:\/\/www.webquarto.com.br\/blog\/?p=299"},"modified":"2021-03-29T10:51:21","modified_gmt":"2021-03-29T10:51:21","slug":"vale-a-pena-contratar-diarista-em-republica","status":"publish","type":"post","link":"https:\/\/www.webquarto.com.br\/blog\/2019\/vale-a-pena-contratar-diarista-em-republica\/","title":{"rendered":"Vale a pena contratar diarista em rep\u00fablica?"},"content":{"rendered":"<p>Quem \u00e9 que n\u00e3o gosta de <strong>chegar em casa<\/strong> e se deparar com ela arrumada, limpinha e cheirosa? Todo mundo ama n\u00e3o \u00e9 mesmo? Algumas vezes as pessoas conseguem <strong>manter a organiza\u00e7\u00e3o<\/strong> e limpeza sozinha, mas na maioria isso \u00e9 bem dif\u00edcil devido a correria do dia a dia. E quando moramos em<strong> rep\u00fablica<\/strong> ou <strong>moradias compartilhadas<\/strong>, nem sempre os coleguinhas contribuem, sempre acaba que uma ou duas pessoas fazem todo o servi\u00e7o. Ent\u00e3o o legal para essas pessoas que n\u00e3o tem muito tempo de sobra e que moram em rep\u00fablicas \u00e9 contratar uma <strong>diarista<\/strong>, nem que seja apenas algumas vezes por m\u00eas.<\/p>\n<h2>Qual ser\u00e1 o custo dessa contrata\u00e7\u00e3o?<\/h2>\n<p>Uma <strong>faxineira<\/strong> hoje em dia custa em m\u00e9dia R$80,00 a R$140,00 por di\u00e1ria. \u00c9 sempre importante prestar aten\u00e7\u00e3o nas<strong> leis trabalhistas<\/strong>, que diferencia o empregado dom\u00e9stico da diarista (que pode ser contratada sem carteira assinada, desde que cumpra no m\u00e1ximo 2 di\u00e1rias por semana). \u00c9 um valor razo\u00e1vel, j\u00e1 que voc\u00ea ir\u00e1 dividir com seus <strong>colegas<\/strong>.<\/p>\n<h2><strong>E se eu estiver sem grana?<\/strong><\/h2>\n<p>Pense bem, voc\u00ea pode usar o tempo que iria gastar na limpeza arrumando uma outra forma de ganhar um dinheirinho, isso seria \u00f3timo, al\u00e9m de um dinheiro a mais voc\u00ea evitaria o stress da limpeza e da divis\u00e3o de tarefas entre os colegas.<\/p>\n<p>&nbsp;<\/p>\n<p><strong>E voc\u00ea acha que ser\u00e1 proveitoso contratar uma diarista? Ou ainda nem saiu da casa dos pais? Est\u00e1 procurando um lugar para morar? Seja qual for a sua situa\u00e7\u00e3o<\/strong> <strong>a\u00a0<a href=\"https:\/\/www.webquarto.com.br\/\">WebQuarto<\/a> \u00e9 uma plataforma completa e segura para te ajudar a se conectar com o seu novo espa\u00e7o!<\/strong><\/p>\n","protected":false},"excerpt":{"rendered":"<p>Quem \u00e9 que n\u00e3o gosta de chegar em casa e se deparar com ela arrumada, limpinha e cheirosa? Todo mundo ama n\u00e3o \u00e9 mesmo? Algumas vezes as pessoas conseguem manter a organiza\u00e7\u00e3o e limpeza sozinha, mas na maioria isso \u00e9 bem dif\u00edcil devido a correria do dia a dia. E quando moramos em rep\u00fablica ou<\/p>\n","protected":false},"author":3,"featured_media":300,"comment_status":"open","ping_status":"open","sticky":false,"template":"","format":"standard","meta":{"_monsterinsights_skip_tracking":false,"_monsterinsights_sitenote_active":false,"_monsterinsights_sitenote_note":"","_monsterinsights_sitenote_category":0},"categories":[27,41,72],"tags":[73],"yoast_head":"<!-- This site is optimized with the Yoast SEO plugin v19.1 - https:\/\/yoast.com\/wordpress\/plugins\/seo\/ -->\n<title>Vale a pena contratar diarista em rep\u00fablica? - WebQuarto<\/title>\n<meta name=\"description\" content=\"Quem \u00e9 que n\u00e3o gosta de chegar em casa e se deparar com ela arrumada, limpinha e cheirosa? Todo mundo ama n\u00e3o \u00e9 mesmo? Mas muitas vezes falta tempo\" \/>\n<meta name=\"robots\" content=\"index, follow, max-snippet:-1, max-image-preview:large, max-video-preview:-1\" \/>\n<link rel=\"canonical\" href=\"https:\/\/www.webquarto.com.br\/blog\/2019\/vale-a-pena-contratar-diarista-em-republica\/\" \/>\n<meta property=\"og:locale\" content=\"pt_BR\" \/>\n<meta property=\"og:type\" content=\"article\" \/>\n<meta property=\"og:title\" content=\"Vale a pena contratar diarista em rep\u00fablica? - WebQuarto\" \/>\n<meta property=\"og:description\" content=\"Quem \u00e9 que n\u00e3o gosta de chegar em casa e se deparar com ela arrumada, limpinha e cheirosa? Todo mundo ama n\u00e3o \u00e9 mesmo? Mas muitas vezes falta tempo\" \/>\n<meta property=\"og:url\" content=\"https:\/\/www.webquarto.com.br\/blog\/2019\/vale-a-pena-contratar-diarista-em-republica\/\" \/>\n<meta property=\"og:site_name\" content=\"WebQuarto\" \/>\n<meta property=\"article:published_time\" content=\"2019-10-21T17:00:59+00:00\" \/>\n<meta property=\"article:modified_time\" content=\"2021-03-29T10:51:21+00:00\" \/>\n<meta property=\"og:image\" content=\"https:\/\/www.webquarto.com.br\/blog\/wp-content\/uploads\/2019\/10\/Vale-a-pena-contratar-diarista-em-rep\u00fablica_.png\" \/>\n\t<meta property=\"og:image:width\" content=\"1920\" \/>\n\t<meta property=\"og:image:height\" content=\"1080\" \/>\n\t<meta property=\"og:image:type\" content=\"image\/png\" \/>\n<meta name=\"twitter:label1\" content=\"Escrito por\" \/>\n\t<meta name=\"twitter:data1\" content=\"Jo\u00e3o Brondi\" \/>\n\t<meta name=\"twitter:label2\" content=\"Est. tempo de leitura\" \/>\n\t<meta name=\"twitter:data2\" content=\"1 minuto\" \/>\n<script type=\"application\/ld+json\" class=\"yoast-schema-graph\">{\"@context\":\"https:\/\/schema.org\",\"@graph\":[{\"@type\":\"WebSite\",\"@id\":\"https:\/\/www.webquarto.com.br\/blog\/#website\",\"url\":\"https:\/\/www.webquarto.com.br\/blog\/\",\"name\":\"WebQuarto\",\"description\":\"Encontre quartos e apartamentos para dividir em todo o Brasil!\",\"potentialAction\":[{\"@type\":\"SearchAction\",\"target\":{\"@type\":\"EntryPoint\",\"urlTemplate\":\"https:\/\/www.webquarto.com.br\/blog\/?s={search_term_string}\"},\"query-input\":\"required name=search_term_string\"}],\"inLanguage\":\"pt-BR\"},{\"@type\":\"ImageObject\",\"inLanguage\":\"pt-BR\",\"@id\":\"https:\/\/www.webquarto.com.br\/blog\/2019\/vale-a-pena-contratar-diarista-em-republica\/#primaryimage\",\"url\":\"https:\/\/www.webquarto.com.br\/blog\/wp-content\/uploads\/2019\/10\/Vale-a-pena-contratar-diarista-em-rep\u00fablica_.png\",\"contentUrl\":\"https:\/\/www.webquarto.com.br\/blog\/wp-content\/uploads\/2019\/10\/Vale-a-pena-contratar-diarista-em-rep\u00fablica_.png\",\"width\":1920,\"height\":1080},{\"@type\":\"WebPage\",\"@id\":\"https:\/\/www.webquarto.com.br\/blog\/2019\/vale-a-pena-contratar-diarista-em-republica\/#webpage\",\"url\":\"https:\/\/www.webquarto.com.br\/blog\/2019\/vale-a-pena-contratar-diarista-em-republica\/\",\"name\":\"Vale a pena contratar diarista em rep\u00fablica? - WebQuarto\",\"isPartOf\":{\"@id\":\"https:\/\/www.webquarto.com.br\/blog\/#website\"},\"primaryImageOfPage\":{\"@id\":\"https:\/\/www.webquarto.com.br\/blog\/2019\/vale-a-pena-contratar-diarista-em-republica\/#primaryimage\"},\"datePublished\":\"2019-10-21T17:00:59+00:00\",\"dateModified\":\"2021-03-29T10:51:21+00:00\",\"author\":{\"@id\":\"https:\/\/www.webquarto.com.br\/blog\/#\/schema\/person\/0f558b35d8e97b36d0172434cc91608f\"},\"description\":\"Quem \u00e9 que n\u00e3o gosta de chegar em casa e se deparar com ela arrumada, limpinha e cheirosa? Todo mundo ama n\u00e3o \u00e9 mesmo? Mas muitas vezes falta tempo\",\"breadcrumb\":{\"@id\":\"https:\/\/www.webquarto.com.br\/blog\/2019\/vale-a-pena-contratar-diarista-em-republica\/#breadcrumb\"},\"inLanguage\":\"pt-BR\",\"potentialAction\":[{\"@type\":\"ReadAction\",\"target\":[\"https:\/\/www.webquarto.com.br\/blog\/2019\/vale-a-pena-contratar-diarista-em-republica\/\"]}]},{\"@type\":\"BreadcrumbList\",\"@id\":\"https:\/\/www.webquarto.com.br\/blog\/2019\/vale-a-pena-contratar-diarista-em-republica\/#breadcrumb\",\"itemListElement\":[{\"@type\":\"ListItem\",\"position\":1,\"name\":\"In\u00edcio\",\"item\":\"https:\/\/www.webquarto.com.br\/blog\/\"},{\"@type\":\"ListItem\",\"position\":2,\"name\":\"Vale a pena contratar diarista em rep\u00fablica?\"}]},{\"@type\":\"Person\",\"@id\":\"https:\/\/www.webquarto.com.br\/blog\/#\/schema\/person\/0f558b35d8e97b36d0172434cc91608f\",\"name\":\"Jo\u00e3o Brondi\",\"image\":{\"@type\":\"ImageObject\",\"inLanguage\":\"pt-BR\",\"@id\":\"https:\/\/www.webquarto.com.br\/blog\/#\/schema\/person\/image\/\",\"url\":\"https:\/\/secure.gravatar.com\/avatar\/1d30fb36d3734474e638bc2902ea7ffa?s=96&d=mm&r=g\",\"contentUrl\":\"https:\/\/secure.gravatar.com\/avatar\/1d30fb36d3734474e638bc2902ea7ffa?s=96&d=mm&r=g\",\"caption\":\"Jo\u00e3o Brondi\"},\"url\":\"https:\/\/www.webquarto.com.br\/blog\/author\/joao-pedro\/\"}]}<\/script>\n<!-- \/ Yoast SEO plugin. -->","yoast_head_json":{"title":"Vale a pena contratar diarista em rep\u00fablica? - WebQuarto","description":"Quem \u00e9 que n\u00e3o gosta de chegar em casa e se deparar com ela arrumada, limpinha e cheirosa? Todo mundo ama n\u00e3o \u00e9 mesmo? Mas muitas vezes falta tempo","robots":{"index":"index","follow":"follow","max-snippet":"max-snippet:-1","max-image-preview":"max-image-preview:large","max-video-preview":"max-video-preview:-1"},"canonical":"https:\/\/www.webquarto.com.br\/blog\/2019\/vale-a-pena-contratar-diarista-em-republica\/","og_locale":"pt_BR","og_type":"article","og_title":"Vale a pena contratar diarista em rep\u00fablica? - WebQuarto","og_description":"Quem \u00e9 que n\u00e3o gosta de chegar em casa e se deparar com ela arrumada, limpinha e cheirosa? Todo mundo ama n\u00e3o \u00e9 mesmo? Mas muitas vezes falta tempo","og_url":"https:\/\/www.webquarto.com.br\/blog\/2019\/vale-a-pena-contratar-diarista-em-republica\/","og_site_name":"WebQuarto","article_published_time":"2019-10-21T17:00:59+00:00","article_modified_time":"2021-03-29T10:51:21+00:00","og_image":[{"width":1920,"height":1080,"url":"https:\/\/www.webquarto.com.br\/blog\/wp-content\/uploads\/2019\/10\/Vale-a-pena-contratar-diarista-em-rep\u00fablica_.png","type":"image\/png"}],"twitter_misc":{"Escrito por":"Jo\u00e3o Brondi","Est. tempo de leitura":"1 minuto"},"schema":{"@context":"https:\/\/schema.org","@graph":[{"@type":"WebSite","@id":"https:\/\/www.webquarto.com.br\/blog\/#website","url":"https:\/\/www.webquarto.com.br\/blog\/","name":"WebQuarto","description":"Encontre quartos e apartamentos para dividir em todo o Brasil!","potentialAction":[{"@type":"SearchAction","target":{"@type":"EntryPoint","urlTemplate":"https:\/\/www.webquarto.com.br\/blog\/?s={search_term_string}"},"query-input":"required name=search_term_string"}],"inLanguage":"pt-BR"},{"@type":"ImageObject","inLanguage":"pt-BR","@id":"https:\/\/www.webquarto.com.br\/blog\/2019\/vale-a-pena-contratar-diarista-em-republica\/#primaryimage","url":"https:\/\/www.webquarto.com.br\/blog\/wp-content\/uploads\/2019\/10\/Vale-a-pena-contratar-diarista-em-rep\u00fablica_.png","contentUrl":"https:\/\/www.webquarto.com.br\/blog\/wp-content\/uploads\/2019\/10\/Vale-a-pena-contratar-diarista-em-rep\u00fablica_.png","width":1920,"height":1080},{"@type":"WebPage","@id":"https:\/\/www.webquarto.com.br\/blog\/2019\/vale-a-pena-contratar-diarista-em-republica\/#webpage","url":"https:\/\/www.webquarto.com.br\/blog\/2019\/vale-a-pena-contratar-diarista-em-republica\/","name":"Vale a pena contratar diarista em rep\u00fablica? - WebQuarto","isPartOf":{"@id":"https:\/\/www.webquarto.com.br\/blog\/#website"},"primaryImageOfPage":{"@id":"https:\/\/www.webquarto.com.br\/blog\/2019\/vale-a-pena-contratar-diarista-em-republica\/#primaryimage"},"datePublished":"2019-10-21T17:00:59+00:00","dateModified":"2021-03-29T10:51:21+00:00","author":{"@id":"https:\/\/www.webquarto.com.br\/blog\/#\/schema\/person\/0f558b35d8e97b36d0172434cc91608f"},"description":"Quem \u00e9 que n\u00e3o gosta de chegar em casa e se deparar com ela arrumada, limpinha e cheirosa? Todo mundo ama n\u00e3o \u00e9 mesmo? Mas muitas vezes falta tempo","breadcrumb":{"@id":"https:\/\/www.webquarto.com.br\/blog\/2019\/vale-a-pena-contratar-diarista-em-republica\/#breadcrumb"},"inLanguage":"pt-BR","potentialAction":[{"@type":"ReadAction","target":["https:\/\/www.webquarto.com.br\/blog\/2019\/vale-a-pena-contratar-diarista-em-republica\/"]}]},{"@type":"BreadcrumbList","@id":"https:\/\/www.webquarto.com.br\/blog\/2019\/vale-a-pena-contratar-diarista-em-republica\/#breadcrumb","itemListElement":[{"@type":"ListItem","position":1,"name":"In\u00edcio","item":"https:\/\/www.webquarto.com.br\/blog\/"},{"@type":"ListItem","position":2,"name":"Vale a pena contratar diarista em rep\u00fablica?"}]},{"@type":"Person","@id":"https:\/\/www.webquarto.com.br\/blog\/#\/schema\/person\/0f558b35d8e97b36d0172434cc91608f","name":"Jo\u00e3o Brondi","image":{"@type":"ImageObject","inLanguage":"pt-BR","@id":"https:\/\/www.webquarto.com.br\/blog\/#\/schema\/person\/image\/","url":"https:\/\/secure.gravatar.com\/avatar\/1d30fb36d3734474e638bc2902ea7ffa?s=96&d=mm&r=g","contentUrl":"https:\/\/secure.gravatar.com\/avatar\/1d30fb36d3734474e638bc2902ea7ffa?s=96&d=mm&r=g","caption":"Jo\u00e3o Brondi"},"url":"https:\/\/www.webquarto.com.br\/blog\/author\/joao-pedro\/"}]}},"_links":{"self":[{"href":"https:\/\/www.webquarto.com.br\/blog\/wp-json\/wp\/v2\/posts\/299"}],"collection":[{"href":"https:\/\/www.webquarto.com.br\/blog\/wp-json\/wp\/v2\/posts"}],"about":[{"href":"https:\/\/www.webquarto.com.br\/blog\/wp-json\/wp\/v2\/types\/post"}],"author":[{"embeddable":true,"href":"https:\/\/www.webquarto.com.br\/blog\/wp-json\/wp\/v2\/users\/3"}],"replies":[{"embeddable":true,"href":"https:\/\/www.webquarto.com.br\/blog\/wp-json\/wp\/v2\/comments?post=299"}],"version-history":[{"count":3,"href":"https:\/\/www.webquarto.com.br\/blog\/wp-json\/wp\/v2\/posts\/299\/revisions"}],"predecessor-version":[{"id":1036,"href":"https:\/\/www.webquarto.com.br\/blog\/wp-json\/wp\/v2\/posts\/299\/revisions\/1036"}],"wp:featuredmedia":[{"embeddable":true,"href":"https:\/\/www.webquarto.com.br\/blog\/wp-json\/wp\/v2\/media\/300"}],"wp:attachment":[{"href":"https:\/\/www.webquarto.com.br\/blog\/wp-json\/wp\/v2\/media?parent=299"}],"wp:term":[{"taxonomy":"category","embeddable":true,"href":"https:\/\/www.webquarto.com.br\/blog\/wp-json\/wp\/v2\/categories?post=299"},{"taxonomy":"post_tag","embeddable":true,"href":"https:\/\/www.webquarto.com.br\/blog\/wp-json\/wp\/v2\/tags?post=299"}],"curies":[{"name":"wp","href":"https:\/\/api.w.org\/{rel}","templated":true}]}}