{"id":354,"date":"2019-12-02T13:30:58","date_gmt":"2019-12-02T13:30:58","guid":{"rendered":"http:\/\/www.webquarto.com.br\/blog\/?p=354"},"modified":"2019-11-29T02:22:56","modified_gmt":"2019-11-29T02:22:56","slug":"ideias-praticas-para-organizar-seu-apartamento","status":"publish","type":"post","link":"https:\/\/www.webquarto.com.br\/blog\/2019\/ideias-praticas-para-organizar-seu-apartamento\/","title":{"rendered":"Ideias pr\u00e1ticas para organizar seu apartamento"},"content":{"rendered":"<p>Ah, finalmente voc\u00ea alugou o seu im\u00f3vel, o seu sonhado cantinho! Mas est\u00e1 um pouco perdido com a organiza\u00e7\u00e3o? N\u00e3o sabe por onde come\u00e7ar? Como deixar as coisas mais pr\u00e1ticas?<\/p>\n<p>N\u00e3o se preocupe! N\u00f3s fizemos este post pensando nisso, pra de ajudar com algumas ideias bem pr\u00e1ticas para organizar o seu apartamento.<\/p>\n<p>Confira!<\/p>\n<h2>Que tal come\u00e7ar com um quadro multi-uso?<\/h2>\n<p>Voc\u00ea com certeza precisa se manter em dia com as mat\u00e9rias, atividades, trabalhos e eventos que acontecem diariamente. Para te ajudar a se organizar direitinho e nunca ficar perdido com seus compromissos nada melhor do que os quadros multi-uso, diferente das agendas e planners ele sempre estar\u00e1 a vista, o que vai te ajudar a nunca esquecer dos seus compromissos. Os quadros multi-uso geralmente s\u00e3o feitos de metalom ou MDF, em diversas cores nas quais voc\u00ea pode afixar avisos com post-its coloridos, contas a pagar, recados, notas e o que mais voc\u00ea achar necess\u00e1rio. Tendo feito isso, agora \u00e9 s\u00f3 colocar num lugar de destaque e caprichar na decora\u00e7\u00e3o do seu quadro. Al\u00e9m de te ajudar nas tarefas do dia a dia ele serve como um item de decora\u00e7\u00e3o. Agora \u00e9 s\u00f3 usar a criatividade e montar o seu.\u00a0<a href=\"http:\/\/www.webquarto.com.br\/blog\/wp-content\/uploads\/2019\/11\/Quadro-multi-uso.jpg\"><img loading=\"lazy\" class=\"alignnone  wp-image-355\" src=\"http:\/\/www.webquarto.com.br\/blog\/wp-content\/uploads\/2019\/11\/Quadro-multi-uso-300x169.jpg\" alt=\"\" width=\"538\" height=\"303\" srcset=\"https:\/\/www.webquarto.com.br\/blog\/wp-content\/uploads\/2019\/11\/Quadro-multi-uso-300x169.jpg 300w, https:\/\/www.webquarto.com.br\/blog\/wp-content\/uploads\/2019\/11\/Quadro-multi-uso-768x432.jpg 768w, https:\/\/www.webquarto.com.br\/blog\/wp-content\/uploads\/2019\/11\/Quadro-multi-uso-1024x576.jpg 1024w\" sizes=\"(max-width: 538px) 100vw, 538px\" \/><\/a><\/p>\n<p>&nbsp;<\/p>\n<h2>N\u00e3o esque\u00e7a das caixas organizadoras<\/h2>\n<p>Uma amiga que n\u00e3o pode faltar no seu novo cantinho: as caixas organizadoras. De diferentes cores, tamanhos e materiais, essas caixas podem acomodar desde objetos de papelaria at\u00e9 casacos e cobertores nos dias de calor. Voc\u00ea tamb\u00e9m pode usar para guardar artigos de higiene ou alguns tipos de alimentos ou o que mais achar necess\u00e1rio. Essas caixinhas ir\u00e3o salvar sua vida, coisas jogadas pelos cantos da casa? Nunca mais!<a href=\"http:\/\/www.webquarto.com.br\/blog\/wp-content\/uploads\/2019\/11\/Caixas-organizadoras.jpg\"><img loading=\"lazy\" class=\"alignnone  wp-image-356\" src=\"http:\/\/www.webquarto.com.br\/blog\/wp-content\/uploads\/2019\/11\/Caixas-organizadoras-300x169.jpg\" alt=\"\" width=\"552\" height=\"311\" srcset=\"https:\/\/www.webquarto.com.br\/blog\/wp-content\/uploads\/2019\/11\/Caixas-organizadoras-300x169.jpg 300w, https:\/\/www.webquarto.com.br\/blog\/wp-content\/uploads\/2019\/11\/Caixas-organizadoras-768x432.jpg 768w, https:\/\/www.webquarto.com.br\/blog\/wp-content\/uploads\/2019\/11\/Caixas-organizadoras-1024x576.jpg 1024w\" sizes=\"(max-width: 552px) 100vw, 552px\" \/><\/a><\/p>\n<h2>Deixe todas as roupas em cabides<\/h2>\n<p>Voc\u00ea com certeza n\u00e3o ter\u00e1 todo o tempo do mundo para arrumar suas roupas, facilita muito a vida deixar todas elas em cabides, sobretudo se voc\u00ea leva horas escolhendo uma roupa antes de sair, estando nos cabides elas ficam mais vis\u00edveis e isso facilita na hora de escolher o que vestir. Se voc\u00ea ainda n\u00e3o comprou seus m\u00f3veis uma ideia legal seria comprar uma arara de roupas e uma sapateira, al\u00e9m de ficar tudo bem vis\u00edvel e f\u00e1cil de escolher, pode dar aquele charme como decora\u00e7\u00e3o do seu quarto.\u00a0<a href=\"http:\/\/www.webquarto.com.br\/blog\/wp-content\/uploads\/2019\/11\/Deixe-todas-as-roupas-em-cabides.jpg\"><img loading=\"lazy\" class=\"alignnone  wp-image-357\" src=\"http:\/\/www.webquarto.com.br\/blog\/wp-content\/uploads\/2019\/11\/Deixe-todas-as-roupas-em-cabides-300x169.jpg\" alt=\"\" width=\"554\" height=\"312\" srcset=\"https:\/\/www.webquarto.com.br\/blog\/wp-content\/uploads\/2019\/11\/Deixe-todas-as-roupas-em-cabides-300x169.jpg 300w, https:\/\/www.webquarto.com.br\/blog\/wp-content\/uploads\/2019\/11\/Deixe-todas-as-roupas-em-cabides-768x432.jpg 768w, https:\/\/www.webquarto.com.br\/blog\/wp-content\/uploads\/2019\/11\/Deixe-todas-as-roupas-em-cabides-1024x576.jpg 1024w\" sizes=\"(max-width: 554px) 100vw, 554px\" \/><\/a><\/p>\n<h2>Aposte em alguns m\u00f3veis modulares<\/h2>\n<p>Os m\u00f3veis modulares s\u00e3o conhecidos pela praticidade e versatilidade. Uma mesinha de madeira pode se transformar num aparador e mesmo num banco, da mesma forma que uma escadinha de 3 degraus, super-pr\u00e1tica, pode se transformar numa cantoneira de apoio para pequenos reparos ou uso di\u00e1rio.<\/p>\n<figure class=\"wp-block-image\"><img loading=\"lazy\" class=\"wp-image-351\" src=\"https:\/\/www.livehere.com.br\/blog\/wp-content\/uploads\/2019\/05\/moveis-modulares-1024x683.jpg\" sizes=\"(max-width: 1024px) 100vw, 1024px\" srcset=\"https:\/\/www.livehere.com.br\/blog\/wp-content\/uploads\/2019\/05\/moveis-modulares-1024x683.jpg 1024w, https:\/\/www.livehere.com.br\/blog\/wp-content\/uploads\/2019\/05\/moveis-modulares-300x200.jpg 300w, https:\/\/www.livehere.com.br\/blog\/wp-content\/uploads\/2019\/05\/moveis-modulares-768x512.jpg 768w, https:\/\/www.livehere.com.br\/blog\/wp-content\/uploads\/2019\/05\/moveis-modulares-414x276.jpg 414w, https:\/\/www.livehere.com.br\/blog\/wp-content\/uploads\/2019\/05\/moveis-modulares-130x86.jpg 130w, https:\/\/www.livehere.com.br\/blog\/wp-content\/uploads\/2019\/05\/moveis-modulares-187x124.jpg 187w, https:\/\/www.livehere.com.br\/blog\/wp-content\/uploads\/2019\/05\/moveis-modulares.jpg 1300w\" alt=\"\" width=\"548\" height=\"366\" \/><\/figure>\n<p><strong>Gostou das nossas dicas? E voc\u00ea j\u00e1 est\u00e1 organizando o seu cantinho? Ou ainda est\u00e1 procurando lugar para morar? Se estiver a procura de um im\u00f3vel ou de algu\u00e9m para dividir um local, conecte-se com a<\/strong> <strong>\u00a0<a href=\"https:\/\/www.webquarto.com.br\/\">WebQuarto<\/a> e realize seu sonho!<\/strong><\/p>\n","protected":false},"excerpt":{"rendered":"<p>Ah, finalmente voc\u00ea alugou o seu im\u00f3vel, o seu sonhado cantinho! Mas est\u00e1 um pouco perdido com a organiza\u00e7\u00e3o? N\u00e3o sabe por onde come\u00e7ar? Como deixar as coisas mais pr\u00e1ticas? N\u00e3o se preocupe! N\u00f3s fizemos este post pensando nisso, pra de ajudar com algumas ideias bem pr\u00e1ticas para organizar o seu apartamento. Confira! Que tal<\/p>\n","protected":false},"author":3,"featured_media":358,"comment_status":"open","ping_status":"open","sticky":false,"template":"","format":"standard","meta":{"_monsterinsights_skip_tracking":false,"_monsterinsights_sitenote_active":false,"_monsterinsights_sitenote_note":"","_monsterinsights_sitenote_category":0},"categories":[27,95],"tags":[97],"yoast_head":"<!-- This site is optimized with the Yoast SEO plugin v19.1 - https:\/\/yoast.com\/wordpress\/plugins\/seo\/ -->\n<title>Ideias pr\u00e1ticas para organizar seu apartamento - WebQuarto<\/title>\n<meta name=\"description\" content=\"Ah, finalmente voc\u00ea alugou o seu im\u00f3vel! Mas est\u00e1 um pouco perdido com a organiza\u00e7\u00e3o? N\u00e3o sabe por onde come\u00e7ar? Como deixar as coisas mais pr\u00e1ticas?\u00a0\" \/>\n<meta name=\"robots\" content=\"index, follow, max-snippet:-1, max-image-preview:large, max-video-preview:-1\" \/>\n<link rel=\"canonical\" href=\"https:\/\/www.webquarto.com.br\/blog\/2019\/ideias-praticas-para-organizar-seu-apartamento\/\" \/>\n<meta property=\"og:locale\" content=\"pt_BR\" \/>\n<meta property=\"og:type\" content=\"article\" \/>\n<meta property=\"og:title\" content=\"Ideias pr\u00e1ticas para organizar seu apartamento - WebQuarto\" \/>\n<meta property=\"og:description\" content=\"Ah, finalmente voc\u00ea alugou o seu im\u00f3vel! Mas est\u00e1 um pouco perdido com a organiza\u00e7\u00e3o? N\u00e3o sabe por onde come\u00e7ar? Como deixar as coisas mais pr\u00e1ticas?\u00a0\" \/>\n<meta property=\"og:url\" content=\"https:\/\/www.webquarto.com.br\/blog\/2019\/ideias-praticas-para-organizar-seu-apartamento\/\" \/>\n<meta property=\"og:site_name\" content=\"WebQuarto\" \/>\n<meta property=\"article:published_time\" content=\"2019-12-02T13:30:58+00:00\" \/>\n<meta property=\"article:modified_time\" content=\"2019-11-29T02:22:56+00:00\" \/>\n<meta property=\"og:image\" content=\"https:\/\/www.webquarto.com.br\/blog\/wp-content\/uploads\/2019\/11\/Ideias-pr\u00e1ticas-para-organizar-seu-apartamento-1024x576.jpg\" \/>\n\t<meta property=\"og:image:width\" content=\"1024\" \/>\n\t<meta property=\"og:image:height\" content=\"576\" \/>\n\t<meta property=\"og:image:type\" content=\"image\/jpeg\" \/>\n<meta name=\"twitter:label1\" content=\"Escrito por\" \/>\n\t<meta name=\"twitter:data1\" content=\"Jo\u00e3o Brondi\" \/>\n\t<meta name=\"twitter:label2\" content=\"Est. tempo de leitura\" \/>\n\t<meta name=\"twitter:data2\" content=\"2 minutos\" \/>\n<script type=\"application\/ld+json\" class=\"yoast-schema-graph\">{\"@context\":\"https:\/\/schema.org\",\"@graph\":[{\"@type\":\"WebSite\",\"@id\":\"https:\/\/www.webquarto.com.br\/blog\/#website\",\"url\":\"https:\/\/www.webquarto.com.br\/blog\/\",\"name\":\"WebQuarto\",\"description\":\"Encontre quartos e apartamentos para dividir em todo o Brasil!\",\"potentialAction\":[{\"@type\":\"SearchAction\",\"target\":{\"@type\":\"EntryPoint\",\"urlTemplate\":\"https:\/\/www.webquarto.com.br\/blog\/?s={search_term_string}\"},\"query-input\":\"required name=search_term_string\"}],\"inLanguage\":\"pt-BR\"},{\"@type\":\"ImageObject\",\"inLanguage\":\"pt-BR\",\"@id\":\"https:\/\/www.webquarto.com.br\/blog\/2019\/ideias-praticas-para-organizar-seu-apartamento\/#primaryimage\",\"url\":\"https:\/\/www.webquarto.com.br\/blog\/wp-content\/uploads\/2019\/11\/Ideias-pr\u00e1ticas-para-organizar-seu-apartamento.jpg\",\"contentUrl\":\"https:\/\/www.webquarto.com.br\/blog\/wp-content\/uploads\/2019\/11\/Ideias-pr\u00e1ticas-para-organizar-seu-apartamento.jpg\",\"width\":1920,\"height\":1080},{\"@type\":\"WebPage\",\"@id\":\"https:\/\/www.webquarto.com.br\/blog\/2019\/ideias-praticas-para-organizar-seu-apartamento\/#webpage\",\"url\":\"https:\/\/www.webquarto.com.br\/blog\/2019\/ideias-praticas-para-organizar-seu-apartamento\/\",\"name\":\"Ideias pr\u00e1ticas para organizar seu apartamento - WebQuarto\",\"isPartOf\":{\"@id\":\"https:\/\/www.webquarto.com.br\/blog\/#website\"},\"primaryImageOfPage\":{\"@id\":\"https:\/\/www.webquarto.com.br\/blog\/2019\/ideias-praticas-para-organizar-seu-apartamento\/#primaryimage\"},\"datePublished\":\"2019-12-02T13:30:58+00:00\",\"dateModified\":\"2019-11-29T02:22:56+00:00\",\"author\":{\"@id\":\"https:\/\/www.webquarto.com.br\/blog\/#\/schema\/person\/0f558b35d8e97b36d0172434cc91608f\"},\"description\":\"Ah, finalmente voc\u00ea alugou o seu im\u00f3vel! Mas est\u00e1 um pouco perdido com a organiza\u00e7\u00e3o? N\u00e3o sabe por onde come\u00e7ar? Como deixar as coisas mais pr\u00e1ticas?\u00a0\",\"breadcrumb\":{\"@id\":\"https:\/\/www.webquarto.com.br\/blog\/2019\/ideias-praticas-para-organizar-seu-apartamento\/#breadcrumb\"},\"inLanguage\":\"pt-BR\",\"potentialAction\":[{\"@type\":\"ReadAction\",\"target\":[\"https:\/\/www.webquarto.com.br\/blog\/2019\/ideias-praticas-para-organizar-seu-apartamento\/\"]}]},{\"@type\":\"BreadcrumbList\",\"@id\":\"https:\/\/www.webquarto.com.br\/blog\/2019\/ideias-praticas-para-organizar-seu-apartamento\/#breadcrumb\",\"itemListElement\":[{\"@type\":\"ListItem\",\"position\":1,\"name\":\"In\u00edcio\",\"item\":\"https:\/\/www.webquarto.com.br\/blog\/\"},{\"@type\":\"ListItem\",\"position\":2,\"name\":\"Ideias pr\u00e1ticas para organizar seu apartamento\"}]},{\"@type\":\"Person\",\"@id\":\"https:\/\/www.webquarto.com.br\/blog\/#\/schema\/person\/0f558b35d8e97b36d0172434cc91608f\",\"name\":\"Jo\u00e3o Brondi\",\"image\":{\"@type\":\"ImageObject\",\"inLanguage\":\"pt-BR\",\"@id\":\"https:\/\/www.webquarto.com.br\/blog\/#\/schema\/person\/image\/\",\"url\":\"https:\/\/secure.gravatar.com\/avatar\/1d30fb36d3734474e638bc2902ea7ffa?s=96&d=mm&r=g\",\"contentUrl\":\"https:\/\/secure.gravatar.com\/avatar\/1d30fb36d3734474e638bc2902ea7ffa?s=96&d=mm&r=g\",\"caption\":\"Jo\u00e3o Brondi\"},\"url\":\"https:\/\/www.webquarto.com.br\/blog\/author\/joao-pedro\/\"}]}<\/script>\n<!-- \/ Yoast SEO plugin. -->","yoast_head_json":{"title":"Ideias pr\u00e1ticas para organizar seu apartamento - WebQuarto","description":"Ah, finalmente voc\u00ea alugou o seu im\u00f3vel! Mas est\u00e1 um pouco perdido com a organiza\u00e7\u00e3o? N\u00e3o sabe por onde come\u00e7ar? Como deixar as coisas mais pr\u00e1ticas?\u00a0","robots":{"index":"index","follow":"follow","max-snippet":"max-snippet:-1","max-image-preview":"max-image-preview:large","max-video-preview":"max-video-preview:-1"},"canonical":"https:\/\/www.webquarto.com.br\/blog\/2019\/ideias-praticas-para-organizar-seu-apartamento\/","og_locale":"pt_BR","og_type":"article","og_title":"Ideias pr\u00e1ticas para organizar seu apartamento - WebQuarto","og_description":"Ah, finalmente voc\u00ea alugou o seu im\u00f3vel! Mas est\u00e1 um pouco perdido com a organiza\u00e7\u00e3o? N\u00e3o sabe por onde come\u00e7ar? Como deixar as coisas mais pr\u00e1ticas?\u00a0","og_url":"https:\/\/www.webquarto.com.br\/blog\/2019\/ideias-praticas-para-organizar-seu-apartamento\/","og_site_name":"WebQuarto","article_published_time":"2019-12-02T13:30:58+00:00","article_modified_time":"2019-11-29T02:22:56+00:00","og_image":[{"width":1024,"height":576,"url":"https:\/\/www.webquarto.com.br\/blog\/wp-content\/uploads\/2019\/11\/Ideias-pr\u00e1ticas-para-organizar-seu-apartamento-1024x576.jpg","type":"image\/jpeg"}],"twitter_misc":{"Escrito por":"Jo\u00e3o Brondi","Est. tempo de leitura":"2 minutos"},"schema":{"@context":"https:\/\/schema.org","@graph":[{"@type":"WebSite","@id":"https:\/\/www.webquarto.com.br\/blog\/#website","url":"https:\/\/www.webquarto.com.br\/blog\/","name":"WebQuarto","description":"Encontre quartos e apartamentos para dividir em todo o Brasil!","potentialAction":[{"@type":"SearchAction","target":{"@type":"EntryPoint","urlTemplate":"https:\/\/www.webquarto.com.br\/blog\/?s={search_term_string}"},"query-input":"required name=search_term_string"}],"inLanguage":"pt-BR"},{"@type":"ImageObject","inLanguage":"pt-BR","@id":"https:\/\/www.webquarto.com.br\/blog\/2019\/ideias-praticas-para-organizar-seu-apartamento\/#primaryimage","url":"https:\/\/www.webquarto.com.br\/blog\/wp-content\/uploads\/2019\/11\/Ideias-pr\u00e1ticas-para-organizar-seu-apartamento.jpg","contentUrl":"https:\/\/www.webquarto.com.br\/blog\/wp-content\/uploads\/2019\/11\/Ideias-pr\u00e1ticas-para-organizar-seu-apartamento.jpg","width":1920,"height":1080},{"@type":"WebPage","@id":"https:\/\/www.webquarto.com.br\/blog\/2019\/ideias-praticas-para-organizar-seu-apartamento\/#webpage","url":"https:\/\/www.webquarto.com.br\/blog\/2019\/ideias-praticas-para-organizar-seu-apartamento\/","name":"Ideias pr\u00e1ticas para organizar seu apartamento - WebQuarto","isPartOf":{"@id":"https:\/\/www.webquarto.com.br\/blog\/#website"},"primaryImageOfPage":{"@id":"https:\/\/www.webquarto.com.br\/blog\/2019\/ideias-praticas-para-organizar-seu-apartamento\/#primaryimage"},"datePublished":"2019-12-02T13:30:58+00:00","dateModified":"2019-11-29T02:22:56+00:00","author":{"@id":"https:\/\/www.webquarto.com.br\/blog\/#\/schema\/person\/0f558b35d8e97b36d0172434cc91608f"},"description":"Ah, finalmente voc\u00ea alugou o seu im\u00f3vel! Mas est\u00e1 um pouco perdido com a organiza\u00e7\u00e3o? N\u00e3o sabe por onde come\u00e7ar? Como deixar as coisas mais pr\u00e1ticas?\u00a0","breadcrumb":{"@id":"https:\/\/www.webquarto.com.br\/blog\/2019\/ideias-praticas-para-organizar-seu-apartamento\/#breadcrumb"},"inLanguage":"pt-BR","potentialAction":[{"@type":"ReadAction","target":["https:\/\/www.webquarto.com.br\/blog\/2019\/ideias-praticas-para-organizar-seu-apartamento\/"]}]},{"@type":"BreadcrumbList","@id":"https:\/\/www.webquarto.com.br\/blog\/2019\/ideias-praticas-para-organizar-seu-apartamento\/#breadcrumb","itemListElement":[{"@type":"ListItem","position":1,"name":"In\u00edcio","item":"https:\/\/www.webquarto.com.br\/blog\/"},{"@type":"ListItem","position":2,"name":"Ideias pr\u00e1ticas para organizar seu apartamento"}]},{"@type":"Person","@id":"https:\/\/www.webquarto.com.br\/blog\/#\/schema\/person\/0f558b35d8e97b36d0172434cc91608f","name":"Jo\u00e3o Brondi","image":{"@type":"ImageObject","inLanguage":"pt-BR","@id":"https:\/\/www.webquarto.com.br\/blog\/#\/schema\/person\/image\/","url":"https:\/\/secure.gravatar.com\/avatar\/1d30fb36d3734474e638bc2902ea7ffa?s=96&d=mm&r=g","contentUrl":"https:\/\/secure.gravatar.com\/avatar\/1d30fb36d3734474e638bc2902ea7ffa?s=96&d=mm&r=g","caption":"Jo\u00e3o Brondi"},"url":"https:\/\/www.webquarto.com.br\/blog\/author\/joao-pedro\/"}]}},"_links":{"self":[{"href":"https:\/\/www.webquarto.com.br\/blog\/wp-json\/wp\/v2\/posts\/354"}],"collection":[{"href":"https:\/\/www.webquarto.com.br\/blog\/wp-json\/wp\/v2\/posts"}],"about":[{"href":"https:\/\/www.webquarto.com.br\/blog\/wp-json\/wp\/v2\/types\/post"}],"author":[{"embeddable":true,"href":"https:\/\/www.webquarto.com.br\/blog\/wp-json\/wp\/v2\/users\/3"}],"replies":[{"embeddable":true,"href":"https:\/\/www.webquarto.com.br\/blog\/wp-json\/wp\/v2\/comments?post=354"}],"version-history":[{"count":1,"href":"https:\/\/www.webquarto.com.br\/blog\/wp-json\/wp\/v2\/posts\/354\/revisions"}],"predecessor-version":[{"id":359,"href":"https:\/\/www.webquarto.com.br\/blog\/wp-json\/wp\/v2\/posts\/354\/revisions\/359"}],"wp:featuredmedia":[{"embeddable":true,"href":"https:\/\/www.webquarto.com.br\/blog\/wp-json\/wp\/v2\/media\/358"}],"wp:attachment":[{"href":"https:\/\/www.webquarto.com.br\/blog\/wp-json\/wp\/v2\/media?parent=354"}],"wp:term":[{"taxonomy":"category","embeddable":true,"href":"https:\/\/www.webquarto.com.br\/blog\/wp-json\/wp\/v2\/categories?post=354"},{"taxonomy":"post_tag","embeddable":true,"href":"https:\/\/www.webquarto.com.br\/blog\/wp-json\/wp\/v2\/tags?post=354"}],"curies":[{"name":"wp","href":"https:\/\/api.w.org\/{rel}","templated":true}]}}