{"id":367,"date":"2019-12-11T20:00:25","date_gmt":"2019-12-11T20:00:25","guid":{"rendered":"http:\/\/www.webquarto.com.br\/blog\/?p=367"},"modified":"2021-03-24T17:10:06","modified_gmt":"2021-03-24T17:10:06","slug":"decoracao-para-imoveis-alugados","status":"publish","type":"post","link":"https:\/\/www.webquarto.com.br\/blog\/2019\/decoracao-para-imoveis-alugados\/","title":{"rendered":"Decora\u00e7\u00e3o para im\u00f3veis alugados"},"content":{"rendered":"<p>Confira algumas dicas valiosas de como <strong>decorar seu im\u00f3vel alugado<\/strong> e n\u00e3o tenha dores de cabe\u00e7a no momento da entrega do im\u00f3vel!<\/p>\n<h2>Aposte nos pap\u00e9is de parede<\/h2>\n<p>Nada como pintar as paredes para dar a sua cara ao ambiente n\u00e3o \u00e9 mesmo? Infelizmente se voc\u00ea mora em um <strong>im\u00f3vel alugado<\/strong> isso pode virar um transtorno futuramente. Uma alternativa bacana para colorir o ambiente e deixar ele com a sua cara \u00e9 usar pap\u00e9is de parede, adesivos e revestimentos que quando usados em azulejos e paredes d\u00e3o outro ar para o local. E o melhor de tudo \u00e9 que eles s\u00e3o f\u00e1ceis de remover.<\/p>\n<h2>Evite furos nas paredes<\/h2>\n<p>Ao inv\u00e9s de furar a parede e depois na hora de entregar o im\u00f3vel precisar usar massa corrida para concertar o local que tal utilizar ganchos adesivos e at\u00e9 mesmo adesivos soltos ou ventosas? Assim, voc\u00ea pode dar sua cara com fotografias, quadros, espelhos com molduras diferentes, realmente testar e brincar at\u00e9 ficar perfeito, sem se preocupar com o estrago que um prego pode fazer na parede.<\/p>\n<h2>Tapetes<\/h2>\n<p>Se voc\u00ea amou a planta do apartamento, mas o\u00a0piso n\u00e3o est\u00e1 em boas condi\u00e7\u00f5es ou n\u00e3o tem uma apar\u00eancia da qual voc\u00ea goste muito, uma sugest\u00e3o legal e que pode deixar sua casa mais estilosa \u00e9 usar e abusar dos tapetes. Hoje em dia h\u00e1 muitas op\u00e7\u00f5es de cores e estilos dispon\u00edveis nas lojas, por isso, essa \u00e9 uma boa oportunidade para usar a criatividade e fazer combina\u00e7\u00f5es divertidas.<\/p>\n<h2>N\u00e3o esque\u00e7a das plantas<\/h2>\n<p>Ter\u00a0plantas em casa\u00a0\u00e9 um jeito de deixar os ambientes com mais vida e trazer\u00a0sensa\u00e7\u00e3o de bem-estar. Escolha as suas preferidas e aposte na decora\u00e7\u00e3o com as plantinhas.<\/p>\n<h2>N\u00e3o compre coisas caras e fixas<\/h2>\n<p>Voc\u00ea quer uma decora\u00e7\u00e3o divertida e no seu estilo, mas n\u00e3o precisa investir tanto dinheiro em coisas que n\u00e3o poder\u00e1 levar depois, como pap\u00e9is de parede\u00a0ou\u00a0espelhos\u00a0decorativos, por exemplo. Marcenaria \u00e9 outra coisa que n\u00e3o cabe em <strong>im\u00f3veis alugados<\/strong>. Sempre preze por comprar coisas que voc\u00ea possa levar de um lugar a outro.<\/p>\n<p><strong>E a\u00ed gostou do nosso post? J\u00e1 est\u00e1 planejando a decora\u00e7\u00e3o do seu im\u00f3vel? Ou ainda est\u00e1 procurando um im\u00f3vel para alugar? Se estiver a procura saiba que a<\/strong> <strong><a href=\"https:\/\/www.webquarto.com.br\/\">WebQuarto<\/a>\u00a0\u00e9 uma plataforma completa para te ajudar a se conectar com seu pr\u00f3ximo espa\u00e7o.\u00a0<\/strong><\/p>\n","protected":false},"excerpt":{"rendered":"<p>Confira algumas dicas valiosas de como decorar seu im\u00f3vel alugado e n\u00e3o tenha dores de cabe\u00e7a no momento da entrega do im\u00f3vel! Aposte nos pap\u00e9is de parede Nada como pintar as paredes para dar a sua cara ao ambiente n\u00e3o \u00e9 mesmo? Infelizmente se voc\u00ea mora em um im\u00f3vel alugado isso pode virar um transtorno<\/p>\n","protected":false},"author":3,"featured_media":368,"comment_status":"open","ping_status":"open","sticky":false,"template":"","format":"standard","meta":{"_monsterinsights_skip_tracking":false,"_monsterinsights_sitenote_active":false,"_monsterinsights_sitenote_note":"","_monsterinsights_sitenote_category":0},"categories":[102,76,53],"tags":[103],"yoast_head":"<!-- This site is optimized with the Yoast SEO plugin v19.1 - https:\/\/yoast.com\/wordpress\/plugins\/seo\/ -->\n<title>Decora\u00e7\u00e3o para im\u00f3veis alugados - WebQuarto<\/title>\n<meta name=\"description\" content=\"Confira algumas dicas valiosas de como decorar seu im\u00f3vel alugado e n\u00e3o tenha dores de cabe\u00e7a no momento da entrega do im\u00f3vel!\" \/>\n<meta name=\"robots\" content=\"index, follow, max-snippet:-1, max-image-preview:large, max-video-preview:-1\" \/>\n<link rel=\"canonical\" href=\"https:\/\/www.webquarto.com.br\/blog\/2019\/decoracao-para-imoveis-alugados\/\" \/>\n<meta property=\"og:locale\" content=\"pt_BR\" \/>\n<meta property=\"og:type\" content=\"article\" \/>\n<meta property=\"og:title\" content=\"Decora\u00e7\u00e3o para im\u00f3veis alugados - WebQuarto\" \/>\n<meta property=\"og:description\" content=\"Confira algumas dicas valiosas de como decorar seu im\u00f3vel alugado e n\u00e3o tenha dores de cabe\u00e7a no momento da entrega do im\u00f3vel!\" \/>\n<meta property=\"og:url\" content=\"https:\/\/www.webquarto.com.br\/blog\/2019\/decoracao-para-imoveis-alugados\/\" \/>\n<meta property=\"og:site_name\" content=\"WebQuarto\" \/>\n<meta property=\"article:published_time\" content=\"2019-12-11T20:00:25+00:00\" \/>\n<meta property=\"article:modified_time\" content=\"2021-03-24T17:10:06+00:00\" \/>\n<meta property=\"og:image\" content=\"https:\/\/www.webquarto.com.br\/blog\/wp-content\/uploads\/2019\/11\/Decora\u00e7\u00e3o-para-im\u00f3veis-alugados-1024x576.jpg\" \/>\n\t<meta property=\"og:image:width\" content=\"1024\" \/>\n\t<meta property=\"og:image:height\" content=\"576\" \/>\n\t<meta property=\"og:image:type\" content=\"image\/jpeg\" \/>\n<meta name=\"twitter:label1\" content=\"Escrito por\" \/>\n\t<meta name=\"twitter:data1\" content=\"Jo\u00e3o Brondi\" \/>\n\t<meta name=\"twitter:label2\" content=\"Est. tempo de leitura\" \/>\n\t<meta name=\"twitter:data2\" content=\"2 minutos\" \/>\n<script type=\"application\/ld+json\" class=\"yoast-schema-graph\">{\"@context\":\"https:\/\/schema.org\",\"@graph\":[{\"@type\":\"WebSite\",\"@id\":\"https:\/\/www.webquarto.com.br\/blog\/#website\",\"url\":\"https:\/\/www.webquarto.com.br\/blog\/\",\"name\":\"WebQuarto\",\"description\":\"Encontre quartos e apartamentos para dividir em todo o Brasil!\",\"potentialAction\":[{\"@type\":\"SearchAction\",\"target\":{\"@type\":\"EntryPoint\",\"urlTemplate\":\"https:\/\/www.webquarto.com.br\/blog\/?s={search_term_string}\"},\"query-input\":\"required name=search_term_string\"}],\"inLanguage\":\"pt-BR\"},{\"@type\":\"ImageObject\",\"inLanguage\":\"pt-BR\",\"@id\":\"https:\/\/www.webquarto.com.br\/blog\/2019\/decoracao-para-imoveis-alugados\/#primaryimage\",\"url\":\"https:\/\/www.webquarto.com.br\/blog\/wp-content\/uploads\/2019\/11\/Decora\u00e7\u00e3o-para-im\u00f3veis-alugados.jpg\",\"contentUrl\":\"https:\/\/www.webquarto.com.br\/blog\/wp-content\/uploads\/2019\/11\/Decora\u00e7\u00e3o-para-im\u00f3veis-alugados.jpg\",\"width\":1920,\"height\":1080},{\"@type\":\"WebPage\",\"@id\":\"https:\/\/www.webquarto.com.br\/blog\/2019\/decoracao-para-imoveis-alugados\/#webpage\",\"url\":\"https:\/\/www.webquarto.com.br\/blog\/2019\/decoracao-para-imoveis-alugados\/\",\"name\":\"Decora\u00e7\u00e3o para im\u00f3veis alugados - WebQuarto\",\"isPartOf\":{\"@id\":\"https:\/\/www.webquarto.com.br\/blog\/#website\"},\"primaryImageOfPage\":{\"@id\":\"https:\/\/www.webquarto.com.br\/blog\/2019\/decoracao-para-imoveis-alugados\/#primaryimage\"},\"datePublished\":\"2019-12-11T20:00:25+00:00\",\"dateModified\":\"2021-03-24T17:10:06+00:00\",\"author\":{\"@id\":\"https:\/\/www.webquarto.com.br\/blog\/#\/schema\/person\/0f558b35d8e97b36d0172434cc91608f\"},\"description\":\"Confira algumas dicas valiosas de como decorar seu im\u00f3vel alugado e n\u00e3o tenha dores de cabe\u00e7a no momento da entrega do im\u00f3vel!\",\"breadcrumb\":{\"@id\":\"https:\/\/www.webquarto.com.br\/blog\/2019\/decoracao-para-imoveis-alugados\/#breadcrumb\"},\"inLanguage\":\"pt-BR\",\"potentialAction\":[{\"@type\":\"ReadAction\",\"target\":[\"https:\/\/www.webquarto.com.br\/blog\/2019\/decoracao-para-imoveis-alugados\/\"]}]},{\"@type\":\"BreadcrumbList\",\"@id\":\"https:\/\/www.webquarto.com.br\/blog\/2019\/decoracao-para-imoveis-alugados\/#breadcrumb\",\"itemListElement\":[{\"@type\":\"ListItem\",\"position\":1,\"name\":\"In\u00edcio\",\"item\":\"https:\/\/www.webquarto.com.br\/blog\/\"},{\"@type\":\"ListItem\",\"position\":2,\"name\":\"Decora\u00e7\u00e3o para im\u00f3veis alugados\"}]},{\"@type\":\"Person\",\"@id\":\"https:\/\/www.webquarto.com.br\/blog\/#\/schema\/person\/0f558b35d8e97b36d0172434cc91608f\",\"name\":\"Jo\u00e3o Brondi\",\"image\":{\"@type\":\"ImageObject\",\"inLanguage\":\"pt-BR\",\"@id\":\"https:\/\/www.webquarto.com.br\/blog\/#\/schema\/person\/image\/\",\"url\":\"https:\/\/secure.gravatar.com\/avatar\/1d30fb36d3734474e638bc2902ea7ffa?s=96&d=mm&r=g\",\"contentUrl\":\"https:\/\/secure.gravatar.com\/avatar\/1d30fb36d3734474e638bc2902ea7ffa?s=96&d=mm&r=g\",\"caption\":\"Jo\u00e3o Brondi\"},\"url\":\"https:\/\/www.webquarto.com.br\/blog\/author\/joao-pedro\/\"}]}<\/script>\n<!-- \/ Yoast SEO plugin. -->","yoast_head_json":{"title":"Decora\u00e7\u00e3o para im\u00f3veis alugados - WebQuarto","description":"Confira algumas dicas valiosas de como decorar seu im\u00f3vel alugado e n\u00e3o tenha dores de cabe\u00e7a no momento da entrega do im\u00f3vel!","robots":{"index":"index","follow":"follow","max-snippet":"max-snippet:-1","max-image-preview":"max-image-preview:large","max-video-preview":"max-video-preview:-1"},"canonical":"https:\/\/www.webquarto.com.br\/blog\/2019\/decoracao-para-imoveis-alugados\/","og_locale":"pt_BR","og_type":"article","og_title":"Decora\u00e7\u00e3o para im\u00f3veis alugados - WebQuarto","og_description":"Confira algumas dicas valiosas de como decorar seu im\u00f3vel alugado e n\u00e3o tenha dores de cabe\u00e7a no momento da entrega do im\u00f3vel!","og_url":"https:\/\/www.webquarto.com.br\/blog\/2019\/decoracao-para-imoveis-alugados\/","og_site_name":"WebQuarto","article_published_time":"2019-12-11T20:00:25+00:00","article_modified_time":"2021-03-24T17:10:06+00:00","og_image":[{"width":1024,"height":576,"url":"https:\/\/www.webquarto.com.br\/blog\/wp-content\/uploads\/2019\/11\/Decora\u00e7\u00e3o-para-im\u00f3veis-alugados-1024x576.jpg","type":"image\/jpeg"}],"twitter_misc":{"Escrito por":"Jo\u00e3o Brondi","Est. tempo de leitura":"2 minutos"},"schema":{"@context":"https:\/\/schema.org","@graph":[{"@type":"WebSite","@id":"https:\/\/www.webquarto.com.br\/blog\/#website","url":"https:\/\/www.webquarto.com.br\/blog\/","name":"WebQuarto","description":"Encontre quartos e apartamentos para dividir em todo o Brasil!","potentialAction":[{"@type":"SearchAction","target":{"@type":"EntryPoint","urlTemplate":"https:\/\/www.webquarto.com.br\/blog\/?s={search_term_string}"},"query-input":"required name=search_term_string"}],"inLanguage":"pt-BR"},{"@type":"ImageObject","inLanguage":"pt-BR","@id":"https:\/\/www.webquarto.com.br\/blog\/2019\/decoracao-para-imoveis-alugados\/#primaryimage","url":"https:\/\/www.webquarto.com.br\/blog\/wp-content\/uploads\/2019\/11\/Decora\u00e7\u00e3o-para-im\u00f3veis-alugados.jpg","contentUrl":"https:\/\/www.webquarto.com.br\/blog\/wp-content\/uploads\/2019\/11\/Decora\u00e7\u00e3o-para-im\u00f3veis-alugados.jpg","width":1920,"height":1080},{"@type":"WebPage","@id":"https:\/\/www.webquarto.com.br\/blog\/2019\/decoracao-para-imoveis-alugados\/#webpage","url":"https:\/\/www.webquarto.com.br\/blog\/2019\/decoracao-para-imoveis-alugados\/","name":"Decora\u00e7\u00e3o para im\u00f3veis alugados - WebQuarto","isPartOf":{"@id":"https:\/\/www.webquarto.com.br\/blog\/#website"},"primaryImageOfPage":{"@id":"https:\/\/www.webquarto.com.br\/blog\/2019\/decoracao-para-imoveis-alugados\/#primaryimage"},"datePublished":"2019-12-11T20:00:25+00:00","dateModified":"2021-03-24T17:10:06+00:00","author":{"@id":"https:\/\/www.webquarto.com.br\/blog\/#\/schema\/person\/0f558b35d8e97b36d0172434cc91608f"},"description":"Confira algumas dicas valiosas de como decorar seu im\u00f3vel alugado e n\u00e3o tenha dores de cabe\u00e7a no momento da entrega do im\u00f3vel!","breadcrumb":{"@id":"https:\/\/www.webquarto.com.br\/blog\/2019\/decoracao-para-imoveis-alugados\/#breadcrumb"},"inLanguage":"pt-BR","potentialAction":[{"@type":"ReadAction","target":["https:\/\/www.webquarto.com.br\/blog\/2019\/decoracao-para-imoveis-alugados\/"]}]},{"@type":"BreadcrumbList","@id":"https:\/\/www.webquarto.com.br\/blog\/2019\/decoracao-para-imoveis-alugados\/#breadcrumb","itemListElement":[{"@type":"ListItem","position":1,"name":"In\u00edcio","item":"https:\/\/www.webquarto.com.br\/blog\/"},{"@type":"ListItem","position":2,"name":"Decora\u00e7\u00e3o para im\u00f3veis alugados"}]},{"@type":"Person","@id":"https:\/\/www.webquarto.com.br\/blog\/#\/schema\/person\/0f558b35d8e97b36d0172434cc91608f","name":"Jo\u00e3o Brondi","image":{"@type":"ImageObject","inLanguage":"pt-BR","@id":"https:\/\/www.webquarto.com.br\/blog\/#\/schema\/person\/image\/","url":"https:\/\/secure.gravatar.com\/avatar\/1d30fb36d3734474e638bc2902ea7ffa?s=96&d=mm&r=g","contentUrl":"https:\/\/secure.gravatar.com\/avatar\/1d30fb36d3734474e638bc2902ea7ffa?s=96&d=mm&r=g","caption":"Jo\u00e3o Brondi"},"url":"https:\/\/www.webquarto.com.br\/blog\/author\/joao-pedro\/"}]}},"_links":{"self":[{"href":"https:\/\/www.webquarto.com.br\/blog\/wp-json\/wp\/v2\/posts\/367"}],"collection":[{"href":"https:\/\/www.webquarto.com.br\/blog\/wp-json\/wp\/v2\/posts"}],"about":[{"href":"https:\/\/www.webquarto.com.br\/blog\/wp-json\/wp\/v2\/types\/post"}],"author":[{"embeddable":true,"href":"https:\/\/www.webquarto.com.br\/blog\/wp-json\/wp\/v2\/users\/3"}],"replies":[{"embeddable":true,"href":"https:\/\/www.webquarto.com.br\/blog\/wp-json\/wp\/v2\/comments?post=367"}],"version-history":[{"count":4,"href":"https:\/\/www.webquarto.com.br\/blog\/wp-json\/wp\/v2\/posts\/367\/revisions"}],"predecessor-version":[{"id":1613,"href":"https:\/\/www.webquarto.com.br\/blog\/wp-json\/wp\/v2\/posts\/367\/revisions\/1613"}],"wp:featuredmedia":[{"embeddable":true,"href":"https:\/\/www.webquarto.com.br\/blog\/wp-json\/wp\/v2\/media\/368"}],"wp:attachment":[{"href":"https:\/\/www.webquarto.com.br\/blog\/wp-json\/wp\/v2\/media?parent=367"}],"wp:term":[{"taxonomy":"category","embeddable":true,"href":"https:\/\/www.webquarto.com.br\/blog\/wp-json\/wp\/v2\/categories?post=367"},{"taxonomy":"post_tag","embeddable":true,"href":"https:\/\/www.webquarto.com.br\/blog\/wp-json\/wp\/v2\/tags?post=367"}],"curies":[{"name":"wp","href":"https:\/\/api.w.org\/{rel}","templated":true}]}}