{"id":370,"date":"2019-12-16T13:30:22","date_gmt":"2019-12-16T13:30:22","guid":{"rendered":"http:\/\/www.webquarto.com.br\/blog\/?p=370"},"modified":"2021-03-24T16:42:10","modified_gmt":"2021-03-24T16:42:10","slug":"como-otimizar-espaco-no-apartamento","status":"publish","type":"post","link":"https:\/\/www.webquarto.com.br\/blog\/2019\/como-otimizar-espaco-no-apartamento\/","title":{"rendered":"Como otimizar espa\u00e7o no apartamento?"},"content":{"rendered":"<p>Todo o<strong> im\u00f3vel<\/strong> pode ser muito bem aproveitado, independente do seu tamanho! Voc\u00ea mora em um<strong> apartamento pequeno<\/strong> e n\u00e3o sabe muito bem como <strong>utilizar os espa\u00e7os<\/strong>? Fique tranquilo, esse post foi feito especialmente para voc\u00ea. Preparamos algumas dicas incr\u00edveis de como <strong>otimizar melhor o seu espa\u00e7o<\/strong>. Confira!<\/p>\n<h2>Cada pequeno cantinho deve ser utilizado<\/h2>\n<p>As casas e <strong>apartamentos pequenos<\/strong> carregam muito mais potencial do que voc\u00ea pode imaginar. Por exemplo, nas escadas h\u00e1 muitas possibilidades diferentes de ocupar o espa\u00e7o abaixo delas, uma ideia \u00e9 desenhar degraus que se transformem em prateleiras para aproveitar melhor o espa\u00e7o vazio embaixo dela, ou voc\u00ea pode usar o local abaixo das escadas com o suporte pra TV, ou at\u00e9 mesmo colocar arm\u00e1rios abaixo dela.<\/p>\n<h2>Invista nas prateleiras e nos nichos<\/h2>\n<p>Uma alternativa para reduzir a quantidade de m\u00f3veis \u00e9 tirar proveito do espa\u00e7o vertical do apartamento. Em outras palavras, ocupe melhor as paredes para armazenar objetos, expor artigos decorativos e colocar outras coisas que voc\u00ea achar necess\u00e1rio. Para isso, utilize as vers\u00e1teis prateleiras e os jogos de nichos. H\u00e1 modelos de diversos tamanhos e estilos para voc\u00ea escolher o que mais combina com a sua casa. Essas pe\u00e7as al\u00e9m de darem um charme ao ambiente ajudam a manter tudo sempre <strong>organizado<\/strong>.<\/p>\n<h2>Compre pe\u00e7as funcionais<\/h2>\n<p>Ao optar por pe\u00e7as que desempenham fun\u00e7\u00f5es importantes, voc\u00ea evita o ac\u00famulo de itens que n\u00e3o agregam facilidades \u00e0 rotina. M\u00f3veis que t\u00eam mais de uma fun\u00e7\u00e3o s\u00e3o \u00f3timos para <strong>apartamentos pequenos<\/strong> porque dispensam a necessidade de outros modelos. Invista neles que voc\u00ea n\u00e3o ir\u00e1 se arrepender.<\/p>\n<h2>Tire todo o excesso de divis\u00f3rias poss\u00edvel<\/h2>\n<p>Outra forma de <strong>otimizar espa\u00e7o no apartamento<\/strong> \u00e9 eliminar o excesso de divis\u00f3rias, pois fazem com que os c\u00f4modos pare\u00e7am menores e menos funcionais.<\/p>\n<h2>Lembre-se sempre: menos \u00e9 mais<\/h2>\n<p>\u00c9 importante voc\u00ea sempre se lembrar do dizer de que menos, principalmente se tratando de apartamentos e <strong>casas pequenas<\/strong>. Um mobili\u00e1rio funcional, mas com <strong>design \u00fanico<\/strong> \u00e9 sempre a melhor pedida.<\/p>\n<h2>Planeje bem a sua decora\u00e7\u00e3o<\/h2>\n<p>O modo como voc\u00ea decora e organiza cada ambiente tamb\u00e9m interfere e muito na percep\u00e7\u00e3o geral do local de moradia. Com base nas escolhas de itens decorativos, materiais e outros recursos, \u00e9 poss\u00edvel transmitir sensa\u00e7\u00f5es espec\u00edficas.<\/p>\n<p><strong>E a\u00ed gostou do nosso post? E voc\u00ea j\u00e1 est\u00e1 organizando seu apartamento? Ou ainda est\u00e1 procurando um im\u00f3vel para alugar? Se estiver a procura de um local para alugar ou algu\u00e9m para dividir saiba que a<\/strong> <strong><a href=\"https:\/\/www.webquarto.com.br\/\">WebQuarto<\/a>\u00a0\u00e9 uma plataforma completa para te ajudar a se conectar com seu pr\u00f3ximo espa\u00e7o.\u00a0<\/strong><\/p>\n","protected":false},"excerpt":{"rendered":"<p>Todo o im\u00f3vel pode ser muito bem aproveitado, independente do seu tamanho! Voc\u00ea mora em um apartamento pequeno e n\u00e3o sabe muito bem como utilizar os espa\u00e7os? Fique tranquilo, esse post foi feito especialmente para voc\u00ea. Preparamos algumas dicas incr\u00edveis de como otimizar melhor o seu espa\u00e7o. Confira! Cada pequeno cantinho deve ser utilizado As<\/p>\n","protected":false},"author":3,"featured_media":374,"comment_status":"open","ping_status":"open","sticky":false,"template":"","format":"standard","meta":{"_monsterinsights_skip_tracking":false,"_monsterinsights_sitenote_active":false,"_monsterinsights_sitenote_note":"","_monsterinsights_sitenote_category":0},"categories":[104,27,95],"tags":[105],"yoast_head":"<!-- This site is optimized with the Yoast SEO plugin v19.1 - https:\/\/yoast.com\/wordpress\/plugins\/seo\/ -->\n<title>Como otimizar espa\u00e7o no apartamento? - WebQuarto<\/title>\n<meta name=\"description\" content=\"Todo o im\u00f3vel pode ser muito bem aproveitado, independente do seu tamanho! Voc\u00ea n\u00e3o sabe muito bem como utilizar os espa\u00e7os?\" \/>\n<meta name=\"robots\" content=\"index, follow, max-snippet:-1, max-image-preview:large, max-video-preview:-1\" \/>\n<link rel=\"canonical\" href=\"https:\/\/www.webquarto.com.br\/blog\/2019\/como-otimizar-espaco-no-apartamento\/\" \/>\n<meta property=\"og:locale\" content=\"pt_BR\" \/>\n<meta property=\"og:type\" content=\"article\" \/>\n<meta property=\"og:title\" content=\"Como otimizar espa\u00e7o no apartamento? - WebQuarto\" \/>\n<meta property=\"og:description\" content=\"Todo o im\u00f3vel pode ser muito bem aproveitado, independente do seu tamanho! Voc\u00ea n\u00e3o sabe muito bem como utilizar os espa\u00e7os?\" \/>\n<meta property=\"og:url\" content=\"https:\/\/www.webquarto.com.br\/blog\/2019\/como-otimizar-espaco-no-apartamento\/\" \/>\n<meta property=\"og:site_name\" content=\"WebQuarto\" \/>\n<meta property=\"article:published_time\" content=\"2019-12-16T13:30:22+00:00\" \/>\n<meta property=\"article:modified_time\" content=\"2021-03-24T16:42:10+00:00\" \/>\n<meta property=\"og:image\" content=\"https:\/\/www.webquarto.com.br\/blog\/wp-content\/uploads\/2019\/11\/Como-otimizar-espa\u00e7o-no-apartamento_.jpg\" \/>\n\t<meta property=\"og:image:width\" content=\"1920\" \/>\n\t<meta property=\"og:image:height\" content=\"1080\" \/>\n\t<meta property=\"og:image:type\" content=\"image\/jpeg\" \/>\n<meta name=\"twitter:label1\" content=\"Escrito por\" \/>\n\t<meta name=\"twitter:data1\" content=\"Jo\u00e3o Brondi\" \/>\n\t<meta name=\"twitter:label2\" content=\"Est. tempo de leitura\" \/>\n\t<meta name=\"twitter:data2\" content=\"2 minutos\" \/>\n<script type=\"application\/ld+json\" class=\"yoast-schema-graph\">{\"@context\":\"https:\/\/schema.org\",\"@graph\":[{\"@type\":\"WebSite\",\"@id\":\"https:\/\/www.webquarto.com.br\/blog\/#website\",\"url\":\"https:\/\/www.webquarto.com.br\/blog\/\",\"name\":\"WebQuarto\",\"description\":\"Encontre quartos e apartamentos para dividir em todo o Brasil!\",\"potentialAction\":[{\"@type\":\"SearchAction\",\"target\":{\"@type\":\"EntryPoint\",\"urlTemplate\":\"https:\/\/www.webquarto.com.br\/blog\/?s={search_term_string}\"},\"query-input\":\"required name=search_term_string\"}],\"inLanguage\":\"pt-BR\"},{\"@type\":\"ImageObject\",\"inLanguage\":\"pt-BR\",\"@id\":\"https:\/\/www.webquarto.com.br\/blog\/2019\/como-otimizar-espaco-no-apartamento\/#primaryimage\",\"url\":\"https:\/\/www.webquarto.com.br\/blog\/wp-content\/uploads\/2019\/11\/Como-otimizar-espa\u00e7o-no-apartamento_.jpg\",\"contentUrl\":\"https:\/\/www.webquarto.com.br\/blog\/wp-content\/uploads\/2019\/11\/Como-otimizar-espa\u00e7o-no-apartamento_.jpg\",\"width\":1920,\"height\":1080},{\"@type\":\"WebPage\",\"@id\":\"https:\/\/www.webquarto.com.br\/blog\/2019\/como-otimizar-espaco-no-apartamento\/#webpage\",\"url\":\"https:\/\/www.webquarto.com.br\/blog\/2019\/como-otimizar-espaco-no-apartamento\/\",\"name\":\"Como otimizar espa\u00e7o no apartamento? - WebQuarto\",\"isPartOf\":{\"@id\":\"https:\/\/www.webquarto.com.br\/blog\/#website\"},\"primaryImageOfPage\":{\"@id\":\"https:\/\/www.webquarto.com.br\/blog\/2019\/como-otimizar-espaco-no-apartamento\/#primaryimage\"},\"datePublished\":\"2019-12-16T13:30:22+00:00\",\"dateModified\":\"2021-03-24T16:42:10+00:00\",\"author\":{\"@id\":\"https:\/\/www.webquarto.com.br\/blog\/#\/schema\/person\/0f558b35d8e97b36d0172434cc91608f\"},\"description\":\"Todo o im\u00f3vel pode ser muito bem aproveitado, independente do seu tamanho! Voc\u00ea n\u00e3o sabe muito bem como utilizar os espa\u00e7os?\",\"breadcrumb\":{\"@id\":\"https:\/\/www.webquarto.com.br\/blog\/2019\/como-otimizar-espaco-no-apartamento\/#breadcrumb\"},\"inLanguage\":\"pt-BR\",\"potentialAction\":[{\"@type\":\"ReadAction\",\"target\":[\"https:\/\/www.webquarto.com.br\/blog\/2019\/como-otimizar-espaco-no-apartamento\/\"]}]},{\"@type\":\"BreadcrumbList\",\"@id\":\"https:\/\/www.webquarto.com.br\/blog\/2019\/como-otimizar-espaco-no-apartamento\/#breadcrumb\",\"itemListElement\":[{\"@type\":\"ListItem\",\"position\":1,\"name\":\"In\u00edcio\",\"item\":\"https:\/\/www.webquarto.com.br\/blog\/\"},{\"@type\":\"ListItem\",\"position\":2,\"name\":\"Como otimizar espa\u00e7o no apartamento?\"}]},{\"@type\":\"Person\",\"@id\":\"https:\/\/www.webquarto.com.br\/blog\/#\/schema\/person\/0f558b35d8e97b36d0172434cc91608f\",\"name\":\"Jo\u00e3o Brondi\",\"image\":{\"@type\":\"ImageObject\",\"inLanguage\":\"pt-BR\",\"@id\":\"https:\/\/www.webquarto.com.br\/blog\/#\/schema\/person\/image\/\",\"url\":\"https:\/\/secure.gravatar.com\/avatar\/1d30fb36d3734474e638bc2902ea7ffa?s=96&d=mm&r=g\",\"contentUrl\":\"https:\/\/secure.gravatar.com\/avatar\/1d30fb36d3734474e638bc2902ea7ffa?s=96&d=mm&r=g\",\"caption\":\"Jo\u00e3o Brondi\"},\"url\":\"https:\/\/www.webquarto.com.br\/blog\/author\/joao-pedro\/\"}]}<\/script>\n<!-- \/ Yoast SEO plugin. -->","yoast_head_json":{"title":"Como otimizar espa\u00e7o no apartamento? - WebQuarto","description":"Todo o im\u00f3vel pode ser muito bem aproveitado, independente do seu tamanho! Voc\u00ea n\u00e3o sabe muito bem como utilizar os espa\u00e7os?","robots":{"index":"index","follow":"follow","max-snippet":"max-snippet:-1","max-image-preview":"max-image-preview:large","max-video-preview":"max-video-preview:-1"},"canonical":"https:\/\/www.webquarto.com.br\/blog\/2019\/como-otimizar-espaco-no-apartamento\/","og_locale":"pt_BR","og_type":"article","og_title":"Como otimizar espa\u00e7o no apartamento? - WebQuarto","og_description":"Todo o im\u00f3vel pode ser muito bem aproveitado, independente do seu tamanho! Voc\u00ea n\u00e3o sabe muito bem como utilizar os espa\u00e7os?","og_url":"https:\/\/www.webquarto.com.br\/blog\/2019\/como-otimizar-espaco-no-apartamento\/","og_site_name":"WebQuarto","article_published_time":"2019-12-16T13:30:22+00:00","article_modified_time":"2021-03-24T16:42:10+00:00","og_image":[{"width":1920,"height":1080,"url":"https:\/\/www.webquarto.com.br\/blog\/wp-content\/uploads\/2019\/11\/Como-otimizar-espa\u00e7o-no-apartamento_.jpg","type":"image\/jpeg"}],"twitter_misc":{"Escrito por":"Jo\u00e3o Brondi","Est. tempo de leitura":"2 minutos"},"schema":{"@context":"https:\/\/schema.org","@graph":[{"@type":"WebSite","@id":"https:\/\/www.webquarto.com.br\/blog\/#website","url":"https:\/\/www.webquarto.com.br\/blog\/","name":"WebQuarto","description":"Encontre quartos e apartamentos para dividir em todo o Brasil!","potentialAction":[{"@type":"SearchAction","target":{"@type":"EntryPoint","urlTemplate":"https:\/\/www.webquarto.com.br\/blog\/?s={search_term_string}"},"query-input":"required name=search_term_string"}],"inLanguage":"pt-BR"},{"@type":"ImageObject","inLanguage":"pt-BR","@id":"https:\/\/www.webquarto.com.br\/blog\/2019\/como-otimizar-espaco-no-apartamento\/#primaryimage","url":"https:\/\/www.webquarto.com.br\/blog\/wp-content\/uploads\/2019\/11\/Como-otimizar-espa\u00e7o-no-apartamento_.jpg","contentUrl":"https:\/\/www.webquarto.com.br\/blog\/wp-content\/uploads\/2019\/11\/Como-otimizar-espa\u00e7o-no-apartamento_.jpg","width":1920,"height":1080},{"@type":"WebPage","@id":"https:\/\/www.webquarto.com.br\/blog\/2019\/como-otimizar-espaco-no-apartamento\/#webpage","url":"https:\/\/www.webquarto.com.br\/blog\/2019\/como-otimizar-espaco-no-apartamento\/","name":"Como otimizar espa\u00e7o no apartamento? - WebQuarto","isPartOf":{"@id":"https:\/\/www.webquarto.com.br\/blog\/#website"},"primaryImageOfPage":{"@id":"https:\/\/www.webquarto.com.br\/blog\/2019\/como-otimizar-espaco-no-apartamento\/#primaryimage"},"datePublished":"2019-12-16T13:30:22+00:00","dateModified":"2021-03-24T16:42:10+00:00","author":{"@id":"https:\/\/www.webquarto.com.br\/blog\/#\/schema\/person\/0f558b35d8e97b36d0172434cc91608f"},"description":"Todo o im\u00f3vel pode ser muito bem aproveitado, independente do seu tamanho! Voc\u00ea n\u00e3o sabe muito bem como utilizar os espa\u00e7os?","breadcrumb":{"@id":"https:\/\/www.webquarto.com.br\/blog\/2019\/como-otimizar-espaco-no-apartamento\/#breadcrumb"},"inLanguage":"pt-BR","potentialAction":[{"@type":"ReadAction","target":["https:\/\/www.webquarto.com.br\/blog\/2019\/como-otimizar-espaco-no-apartamento\/"]}]},{"@type":"BreadcrumbList","@id":"https:\/\/www.webquarto.com.br\/blog\/2019\/como-otimizar-espaco-no-apartamento\/#breadcrumb","itemListElement":[{"@type":"ListItem","position":1,"name":"In\u00edcio","item":"https:\/\/www.webquarto.com.br\/blog\/"},{"@type":"ListItem","position":2,"name":"Como otimizar espa\u00e7o no apartamento?"}]},{"@type":"Person","@id":"https:\/\/www.webquarto.com.br\/blog\/#\/schema\/person\/0f558b35d8e97b36d0172434cc91608f","name":"Jo\u00e3o Brondi","image":{"@type":"ImageObject","inLanguage":"pt-BR","@id":"https:\/\/www.webquarto.com.br\/blog\/#\/schema\/person\/image\/","url":"https:\/\/secure.gravatar.com\/avatar\/1d30fb36d3734474e638bc2902ea7ffa?s=96&d=mm&r=g","contentUrl":"https:\/\/secure.gravatar.com\/avatar\/1d30fb36d3734474e638bc2902ea7ffa?s=96&d=mm&r=g","caption":"Jo\u00e3o Brondi"},"url":"https:\/\/www.webquarto.com.br\/blog\/author\/joao-pedro\/"}]}},"_links":{"self":[{"href":"https:\/\/www.webquarto.com.br\/blog\/wp-json\/wp\/v2\/posts\/370"}],"collection":[{"href":"https:\/\/www.webquarto.com.br\/blog\/wp-json\/wp\/v2\/posts"}],"about":[{"href":"https:\/\/www.webquarto.com.br\/blog\/wp-json\/wp\/v2\/types\/post"}],"author":[{"embeddable":true,"href":"https:\/\/www.webquarto.com.br\/blog\/wp-json\/wp\/v2\/users\/3"}],"replies":[{"embeddable":true,"href":"https:\/\/www.webquarto.com.br\/blog\/wp-json\/wp\/v2\/comments?post=370"}],"version-history":[{"count":3,"href":"https:\/\/www.webquarto.com.br\/blog\/wp-json\/wp\/v2\/posts\/370\/revisions"}],"predecessor-version":[{"id":1019,"href":"https:\/\/www.webquarto.com.br\/blog\/wp-json\/wp\/v2\/posts\/370\/revisions\/1019"}],"wp:featuredmedia":[{"embeddable":true,"href":"https:\/\/www.webquarto.com.br\/blog\/wp-json\/wp\/v2\/media\/374"}],"wp:attachment":[{"href":"https:\/\/www.webquarto.com.br\/blog\/wp-json\/wp\/v2\/media?parent=370"}],"wp:term":[{"taxonomy":"category","embeddable":true,"href":"https:\/\/www.webquarto.com.br\/blog\/wp-json\/wp\/v2\/categories?post=370"},{"taxonomy":"post_tag","embeddable":true,"href":"https:\/\/www.webquarto.com.br\/blog\/wp-json\/wp\/v2\/tags?post=370"}],"curies":[{"name":"wp","href":"https:\/\/api.w.org\/{rel}","templated":true}]}}