{"id":391,"date":"2020-01-08T14:00:10","date_gmt":"2020-01-08T14:00:10","guid":{"rendered":"http:\/\/www.webquarto.com.br\/blog\/?p=391"},"modified":"2020-01-06T00:52:58","modified_gmt":"2020-01-06T00:52:58","slug":"apartamento-minimalista-com-muito-aconchego","status":"publish","type":"post","link":"https:\/\/www.webquarto.com.br\/blog\/2020\/apartamento-minimalista-com-muito-aconchego\/","title":{"rendered":"Apartamento minimalista com muito aconchego"},"content":{"rendered":"<p>A decora\u00e7\u00e3o minimalista \u00e9 baseada na sobriedade das cores e seus tons, na utilidade e funcionalidade de m\u00f3veis e tamb\u00e9m dos espa\u00e7os. Originado com o movimento art\u00edstico minimalista dos anos 80, o estilo vem se tornando uma das maiores tend\u00eancias da atualidade, ganhando cada vez mais espa\u00e7o.<\/p>\n<h2>Mas por que adotar o minimalismo no seu apartamento?<\/h2>\n<p>Al\u00e9m de deixar o ambiente com uma sensa\u00e7\u00e3o de limpeza e paz, o minimalismo expressa um estilo de pensamento; a mudan\u00e7a do espa\u00e7o reflete nossa busca pelo bem estar, com equil\u00edbrio e sem excessos; e a tarefa de organizar a casa se torna uma terapia!<\/p>\n<h2>Primeira regra do minimalismo: menos \u00e9 mais!<\/h2>\n<p>Mas isso n\u00e3o significa que voc\u00ea deve se desfazer de todas as suas coisas e come\u00e7ar a se sentar no ch\u00e3o como os japoneses, e sim que a base dos c\u00f4modos deve ser simples, com um foco na fun\u00e7\u00e3o.<\/p>\n<h2>E como fazer com im\u00f3veis j\u00e1 decorados?<\/h2>\n<p>O primeiro passo \u00e9 se livrar de tudo o que \u00e9 desnecess\u00e1rio. N\u00e3o funciona? Est\u00e1 velho? N\u00e3o usa h\u00e1 muito tempo? Ent\u00e3o\u00a0<em>fa\u00e7a uma doa\u00e7\u00e3o, venda ou jogue fora.\u00a0<\/em>Para cada item que entra, outro deve sair de sua casa. As cores do ambiente s\u00e3o essenciais e, em sua maioria, o decor minimalista possui como base o preto e o branco. Assim, pense em cores-chaveque voc\u00ea goste e que combine com o ambiente.<\/p>\n<h2>Ilumina\u00e7\u00e3o e aconchego<\/h2>\n<p>Junto a cores claras, a ilumina\u00e7\u00e3o contribui, e muito, para tornar o ambiente mais aconchegante. Durante o dia, a ilumina\u00e7\u00e3o natural ajuda no bem-estar e na diminui\u00e7\u00e3o de gastos, al\u00e9m de deixar o ambiente mais arejado, por isso, invista em janelas grandes. J\u00e1 durante a noite, voc\u00ea pode optar por l\u00e2mpadas LED.<\/p>\n<h2>Itens indispens\u00e1veis na decora\u00e7\u00e3o minimalista<\/h2>\n<p>Na lista de itens indispens\u00e1veis\u00a0 na decora\u00e7\u00e3o minimalista n\u00e3o podem faltar espelhos e prateleiras. Os espelhos s\u00e3o muito utilizados em ambientes minimalistas e contribui para o aproveitamento do espa\u00e7o, porque ele traz a sensa\u00e7\u00e3o de um espa\u00e7o maior.<\/p>\n<p>J\u00e1 as prateleiras podem ser boas aliadas no organiza\u00e7\u00e3o, uma vez que, sem portas que as escondam, tudo est\u00e1 a vista para ser utilizado e nenhuma bagun\u00e7a fica escondida, todos os objetos est\u00e3o em seu devido lugar.<\/p>\n<h2>Adicione a sua personalidade a decora\u00e7\u00e3o<\/h2>\n<p>Para criar um lar, \u00e9 preciso prestar aten\u00e7\u00e3o ao seu redor e \u00e0 sua pr\u00f3pria personalidade, al\u00e9m de como voc\u00ea interage com o espa\u00e7o e os objetos que mais usa. Sendo assim fa\u00e7a uma analise sobre as coisas que voc\u00ea mais gosta e mais utiliza, para montar seu cantinho minimalista.<\/p>\n<p><strong>Gostou do nosso post? Est\u00e1 ansioso para come\u00e7ar sua decora\u00e7\u00e3o minimalista? Ou ainda est\u00e1 a procura de um lugar para alugar? Se estiver a procura de um novo local saiba que a \u00a0<a href=\"https:\/\/www.webquarto.com.br\/\">WebQuarto<\/a>\u00a0\u00e9 uma plataforma completa para te ajudar a se conectar com seu pr\u00f3ximo espa\u00e7o.\u00a0<\/strong><\/p>\n","protected":false},"excerpt":{"rendered":"<p>A decora\u00e7\u00e3o minimalista \u00e9 baseada na sobriedade das cores e seus tons, na utilidade e funcionalidade de m\u00f3veis e tamb\u00e9m dos espa\u00e7os. Originado com o movimento art\u00edstico minimalista dos anos 80, o estilo vem se tornando uma das maiores tend\u00eancias da atualidade, ganhando cada vez mais espa\u00e7o. Mas por que adotar o minimalismo no seu<\/p>\n","protected":false},"author":3,"featured_media":392,"comment_status":"open","ping_status":"open","sticky":false,"template":"","format":"standard","meta":{"_monsterinsights_skip_tracking":false,"_monsterinsights_sitenote_active":false,"_monsterinsights_sitenote_note":"","_monsterinsights_sitenote_category":0},"categories":[117,114,115,116],"tags":[118],"yoast_head":"<!-- This site is optimized with the Yoast SEO plugin v19.1 - https:\/\/yoast.com\/wordpress\/plugins\/seo\/ -->\n<title>Apartamento minimalista com muito aconchego - WebQuarto<\/title>\n<meta name=\"description\" content=\"A decora\u00e7\u00e3o minimalista \u00e9 baseada na sobriedade das cores e seus tons, na utilidade e funcionalidade de m\u00f3veis e tamb\u00e9m dos espa\u00e7os.\" \/>\n<meta name=\"robots\" content=\"index, follow, max-snippet:-1, max-image-preview:large, max-video-preview:-1\" \/>\n<link rel=\"canonical\" href=\"https:\/\/www.webquarto.com.br\/blog\/2020\/apartamento-minimalista-com-muito-aconchego\/\" \/>\n<meta property=\"og:locale\" content=\"pt_BR\" \/>\n<meta property=\"og:type\" content=\"article\" \/>\n<meta property=\"og:title\" content=\"Apartamento minimalista com muito aconchego - WebQuarto\" \/>\n<meta property=\"og:description\" content=\"A decora\u00e7\u00e3o minimalista \u00e9 baseada na sobriedade das cores e seus tons, na utilidade e funcionalidade de m\u00f3veis e tamb\u00e9m dos espa\u00e7os.\" \/>\n<meta property=\"og:url\" content=\"https:\/\/www.webquarto.com.br\/blog\/2020\/apartamento-minimalista-com-muito-aconchego\/\" \/>\n<meta property=\"og:site_name\" content=\"WebQuarto\" \/>\n<meta property=\"article:published_time\" content=\"2020-01-08T14:00:10+00:00\" \/>\n<meta property=\"article:modified_time\" content=\"2020-01-06T00:52:58+00:00\" \/>\n<meta property=\"og:image\" content=\"https:\/\/www.webquarto.com.br\/blog\/wp-content\/uploads\/2020\/01\/Minimalismo.jpg\" \/>\n\t<meta property=\"og:image:width\" content=\"960\" \/>\n\t<meta property=\"og:image:height\" content=\"640\" \/>\n\t<meta property=\"og:image:type\" content=\"image\/jpeg\" \/>\n<meta name=\"twitter:label1\" content=\"Escrito por\" \/>\n\t<meta name=\"twitter:data1\" content=\"Jo\u00e3o Brondi\" \/>\n\t<meta name=\"twitter:label2\" content=\"Est. tempo de leitura\" \/>\n\t<meta name=\"twitter:data2\" content=\"3 minutos\" \/>\n<script type=\"application\/ld+json\" class=\"yoast-schema-graph\">{\"@context\":\"https:\/\/schema.org\",\"@graph\":[{\"@type\":\"WebSite\",\"@id\":\"https:\/\/www.webquarto.com.br\/blog\/#website\",\"url\":\"https:\/\/www.webquarto.com.br\/blog\/\",\"name\":\"WebQuarto\",\"description\":\"Encontre quartos e apartamentos para dividir em todo o Brasil!\",\"potentialAction\":[{\"@type\":\"SearchAction\",\"target\":{\"@type\":\"EntryPoint\",\"urlTemplate\":\"https:\/\/www.webquarto.com.br\/blog\/?s={search_term_string}\"},\"query-input\":\"required name=search_term_string\"}],\"inLanguage\":\"pt-BR\"},{\"@type\":\"ImageObject\",\"inLanguage\":\"pt-BR\",\"@id\":\"https:\/\/www.webquarto.com.br\/blog\/2020\/apartamento-minimalista-com-muito-aconchego\/#primaryimage\",\"url\":\"https:\/\/www.webquarto.com.br\/blog\/wp-content\/uploads\/2020\/01\/Minimalismo.jpg\",\"contentUrl\":\"https:\/\/www.webquarto.com.br\/blog\/wp-content\/uploads\/2020\/01\/Minimalismo.jpg\",\"width\":960,\"height\":640,\"caption\":\"Apartamento minimalista com muito aconchego\"},{\"@type\":\"WebPage\",\"@id\":\"https:\/\/www.webquarto.com.br\/blog\/2020\/apartamento-minimalista-com-muito-aconchego\/#webpage\",\"url\":\"https:\/\/www.webquarto.com.br\/blog\/2020\/apartamento-minimalista-com-muito-aconchego\/\",\"name\":\"Apartamento minimalista com muito aconchego - WebQuarto\",\"isPartOf\":{\"@id\":\"https:\/\/www.webquarto.com.br\/blog\/#website\"},\"primaryImageOfPage\":{\"@id\":\"https:\/\/www.webquarto.com.br\/blog\/2020\/apartamento-minimalista-com-muito-aconchego\/#primaryimage\"},\"datePublished\":\"2020-01-08T14:00:10+00:00\",\"dateModified\":\"2020-01-06T00:52:58+00:00\",\"author\":{\"@id\":\"https:\/\/www.webquarto.com.br\/blog\/#\/schema\/person\/0f558b35d8e97b36d0172434cc91608f\"},\"description\":\"A decora\u00e7\u00e3o minimalista \u00e9 baseada na sobriedade das cores e seus tons, na utilidade e funcionalidade de m\u00f3veis e tamb\u00e9m dos espa\u00e7os.\",\"breadcrumb\":{\"@id\":\"https:\/\/www.webquarto.com.br\/blog\/2020\/apartamento-minimalista-com-muito-aconchego\/#breadcrumb\"},\"inLanguage\":\"pt-BR\",\"potentialAction\":[{\"@type\":\"ReadAction\",\"target\":[\"https:\/\/www.webquarto.com.br\/blog\/2020\/apartamento-minimalista-com-muito-aconchego\/\"]}]},{\"@type\":\"BreadcrumbList\",\"@id\":\"https:\/\/www.webquarto.com.br\/blog\/2020\/apartamento-minimalista-com-muito-aconchego\/#breadcrumb\",\"itemListElement\":[{\"@type\":\"ListItem\",\"position\":1,\"name\":\"In\u00edcio\",\"item\":\"https:\/\/www.webquarto.com.br\/blog\/\"},{\"@type\":\"ListItem\",\"position\":2,\"name\":\"Apartamento minimalista com muito aconchego\"}]},{\"@type\":\"Person\",\"@id\":\"https:\/\/www.webquarto.com.br\/blog\/#\/schema\/person\/0f558b35d8e97b36d0172434cc91608f\",\"name\":\"Jo\u00e3o Brondi\",\"image\":{\"@type\":\"ImageObject\",\"inLanguage\":\"pt-BR\",\"@id\":\"https:\/\/www.webquarto.com.br\/blog\/#\/schema\/person\/image\/\",\"url\":\"https:\/\/secure.gravatar.com\/avatar\/1d30fb36d3734474e638bc2902ea7ffa?s=96&d=mm&r=g\",\"contentUrl\":\"https:\/\/secure.gravatar.com\/avatar\/1d30fb36d3734474e638bc2902ea7ffa?s=96&d=mm&r=g\",\"caption\":\"Jo\u00e3o Brondi\"},\"url\":\"https:\/\/www.webquarto.com.br\/blog\/author\/joao-pedro\/\"}]}<\/script>\n<!-- \/ Yoast SEO plugin. -->","yoast_head_json":{"title":"Apartamento minimalista com muito aconchego - WebQuarto","description":"A decora\u00e7\u00e3o minimalista \u00e9 baseada na sobriedade das cores e seus tons, na utilidade e funcionalidade de m\u00f3veis e tamb\u00e9m dos espa\u00e7os.","robots":{"index":"index","follow":"follow","max-snippet":"max-snippet:-1","max-image-preview":"max-image-preview:large","max-video-preview":"max-video-preview:-1"},"canonical":"https:\/\/www.webquarto.com.br\/blog\/2020\/apartamento-minimalista-com-muito-aconchego\/","og_locale":"pt_BR","og_type":"article","og_title":"Apartamento minimalista com muito aconchego - WebQuarto","og_description":"A decora\u00e7\u00e3o minimalista \u00e9 baseada na sobriedade das cores e seus tons, na utilidade e funcionalidade de m\u00f3veis e tamb\u00e9m dos espa\u00e7os.","og_url":"https:\/\/www.webquarto.com.br\/blog\/2020\/apartamento-minimalista-com-muito-aconchego\/","og_site_name":"WebQuarto","article_published_time":"2020-01-08T14:00:10+00:00","article_modified_time":"2020-01-06T00:52:58+00:00","og_image":[{"width":960,"height":640,"url":"https:\/\/www.webquarto.com.br\/blog\/wp-content\/uploads\/2020\/01\/Minimalismo.jpg","type":"image\/jpeg"}],"twitter_misc":{"Escrito por":"Jo\u00e3o Brondi","Est. tempo de leitura":"3 minutos"},"schema":{"@context":"https:\/\/schema.org","@graph":[{"@type":"WebSite","@id":"https:\/\/www.webquarto.com.br\/blog\/#website","url":"https:\/\/www.webquarto.com.br\/blog\/","name":"WebQuarto","description":"Encontre quartos e apartamentos para dividir em todo o Brasil!","potentialAction":[{"@type":"SearchAction","target":{"@type":"EntryPoint","urlTemplate":"https:\/\/www.webquarto.com.br\/blog\/?s={search_term_string}"},"query-input":"required name=search_term_string"}],"inLanguage":"pt-BR"},{"@type":"ImageObject","inLanguage":"pt-BR","@id":"https:\/\/www.webquarto.com.br\/blog\/2020\/apartamento-minimalista-com-muito-aconchego\/#primaryimage","url":"https:\/\/www.webquarto.com.br\/blog\/wp-content\/uploads\/2020\/01\/Minimalismo.jpg","contentUrl":"https:\/\/www.webquarto.com.br\/blog\/wp-content\/uploads\/2020\/01\/Minimalismo.jpg","width":960,"height":640,"caption":"Apartamento minimalista com muito aconchego"},{"@type":"WebPage","@id":"https:\/\/www.webquarto.com.br\/blog\/2020\/apartamento-minimalista-com-muito-aconchego\/#webpage","url":"https:\/\/www.webquarto.com.br\/blog\/2020\/apartamento-minimalista-com-muito-aconchego\/","name":"Apartamento minimalista com muito aconchego - WebQuarto","isPartOf":{"@id":"https:\/\/www.webquarto.com.br\/blog\/#website"},"primaryImageOfPage":{"@id":"https:\/\/www.webquarto.com.br\/blog\/2020\/apartamento-minimalista-com-muito-aconchego\/#primaryimage"},"datePublished":"2020-01-08T14:00:10+00:00","dateModified":"2020-01-06T00:52:58+00:00","author":{"@id":"https:\/\/www.webquarto.com.br\/blog\/#\/schema\/person\/0f558b35d8e97b36d0172434cc91608f"},"description":"A decora\u00e7\u00e3o minimalista \u00e9 baseada na sobriedade das cores e seus tons, na utilidade e funcionalidade de m\u00f3veis e tamb\u00e9m dos espa\u00e7os.","breadcrumb":{"@id":"https:\/\/www.webquarto.com.br\/blog\/2020\/apartamento-minimalista-com-muito-aconchego\/#breadcrumb"},"inLanguage":"pt-BR","potentialAction":[{"@type":"ReadAction","target":["https:\/\/www.webquarto.com.br\/blog\/2020\/apartamento-minimalista-com-muito-aconchego\/"]}]},{"@type":"BreadcrumbList","@id":"https:\/\/www.webquarto.com.br\/blog\/2020\/apartamento-minimalista-com-muito-aconchego\/#breadcrumb","itemListElement":[{"@type":"ListItem","position":1,"name":"In\u00edcio","item":"https:\/\/www.webquarto.com.br\/blog\/"},{"@type":"ListItem","position":2,"name":"Apartamento minimalista com muito aconchego"}]},{"@type":"Person","@id":"https:\/\/www.webquarto.com.br\/blog\/#\/schema\/person\/0f558b35d8e97b36d0172434cc91608f","name":"Jo\u00e3o Brondi","image":{"@type":"ImageObject","inLanguage":"pt-BR","@id":"https:\/\/www.webquarto.com.br\/blog\/#\/schema\/person\/image\/","url":"https:\/\/secure.gravatar.com\/avatar\/1d30fb36d3734474e638bc2902ea7ffa?s=96&d=mm&r=g","contentUrl":"https:\/\/secure.gravatar.com\/avatar\/1d30fb36d3734474e638bc2902ea7ffa?s=96&d=mm&r=g","caption":"Jo\u00e3o Brondi"},"url":"https:\/\/www.webquarto.com.br\/blog\/author\/joao-pedro\/"}]}},"_links":{"self":[{"href":"https:\/\/www.webquarto.com.br\/blog\/wp-json\/wp\/v2\/posts\/391"}],"collection":[{"href":"https:\/\/www.webquarto.com.br\/blog\/wp-json\/wp\/v2\/posts"}],"about":[{"href":"https:\/\/www.webquarto.com.br\/blog\/wp-json\/wp\/v2\/types\/post"}],"author":[{"embeddable":true,"href":"https:\/\/www.webquarto.com.br\/blog\/wp-json\/wp\/v2\/users\/3"}],"replies":[{"embeddable":true,"href":"https:\/\/www.webquarto.com.br\/blog\/wp-json\/wp\/v2\/comments?post=391"}],"version-history":[{"count":1,"href":"https:\/\/www.webquarto.com.br\/blog\/wp-json\/wp\/v2\/posts\/391\/revisions"}],"predecessor-version":[{"id":393,"href":"https:\/\/www.webquarto.com.br\/blog\/wp-json\/wp\/v2\/posts\/391\/revisions\/393"}],"wp:featuredmedia":[{"embeddable":true,"href":"https:\/\/www.webquarto.com.br\/blog\/wp-json\/wp\/v2\/media\/392"}],"wp:attachment":[{"href":"https:\/\/www.webquarto.com.br\/blog\/wp-json\/wp\/v2\/media?parent=391"}],"wp:term":[{"taxonomy":"category","embeddable":true,"href":"https:\/\/www.webquarto.com.br\/blog\/wp-json\/wp\/v2\/categories?post=391"},{"taxonomy":"post_tag","embeddable":true,"href":"https:\/\/www.webquarto.com.br\/blog\/wp-json\/wp\/v2\/tags?post=391"}],"curies":[{"name":"wp","href":"https:\/\/api.w.org\/{rel}","templated":true}]}}