{"id":398,"date":"2020-01-17T01:26:56","date_gmt":"2020-01-17T01:26:56","guid":{"rendered":"http:\/\/www.webquarto.com.br\/blog\/?p=398"},"modified":"2021-03-24T16:26:55","modified_gmt":"2021-03-24T16:26:55","slug":"como-deixar-seu-imovel-mais-atrativo-para-alugar-mais-rapido","status":"publish","type":"post","link":"https:\/\/www.webquarto.com.br\/blog\/2020\/como-deixar-seu-imovel-mais-atrativo-para-alugar-mais-rapido\/","title":{"rendered":"Como deixar seu im\u00f3vel mais atrativo para alugar mais r\u00e1pido"},"content":{"rendered":"<h2>Deixe seu im\u00f3vel com cara de novo<\/h2>\n<p>Uma pequena<strong> reforma<\/strong> ou at\u00e9 mesmo pequenos reparos, ir\u00e3o sem sombra de d\u00favidas valorizar muito mais seu im\u00f3vel. Se a pintura estiver feia pinte novamente, fa\u00e7a reparo em lajotas quebradas, em pisos lascados, e em tudo mais\u00a0 que precisar. Tudo isso deixar\u00e1 seu <strong>im\u00f3vel mais atrativo<\/strong> e chamar\u00e1 mais aten\u00e7\u00e3o!<\/p>\n<h2>Limpeza e organiza\u00e7\u00e3o \u00e9 fundamental<\/h2>\n<p>Ambientes sujos e bagun\u00e7ados podem sim afastar poss\u00edveis locat\u00e1rios. Portanto tenha cuidado de deixar tudo limpinho e organizado, tanto na hora de tirar as <strong>fotos para o an\u00fancio<\/strong> e principalmente na hora da visita.<\/p>\n<h2>Deixe apenas objetos e m\u00f3veis com cores neutras<\/h2>\n<p>N\u00e3o deixe objetos pessoais de decora\u00e7\u00e3o ou m\u00f3veis muito chamativos, assim o poss\u00edvel locat\u00e1rio ter\u00e1 uma melhor no\u00e7\u00e3o de espa\u00e7o.<\/p>\n<h2>Tire boas fotos<\/h2>\n<p>Tire <strong>fotos com boa resolu\u00e7\u00e3o<\/strong>, em \u00e2ngulos favor\u00e1veis e com boa ilumina\u00e7\u00e3o, afinal, uma imagem vale mais que mil palavra. Entre as dicas mais importantes est\u00e3o:<\/p>\n<ul>\n<li>Tire as fotos durante o dia e desligue o flash;<\/li>\n<li>Escolha um \u00e2ngulo favor\u00e1vel;<\/li>\n<li>Escolha para as fotos acess\u00f3rios que valorizem a imagem;<\/li>\n<li>Lembre-se sempre: ambiente organizado transmite sensa\u00e7\u00e3o de limpeza;<\/li>\n<li>Evite fotos na vertical;<\/li>\n<li>Utilize o recurso panorama;<\/li>\n<li>E n\u00e3o esque\u00e7a que uma boa edi\u00e7\u00e3o faz total diferen\u00e7a.<\/li>\n<\/ul>\n<p>&nbsp;<\/p>\n<p><strong>E a\u00ed gostou das dicas? Saiba que a \u00a0<a href=\"https:\/\/www.webquarto.com.br\/\">WebQuarto<\/a> \u00e9 a plataforma perfeita para voc\u00ea conectar pessoas ao seu espa\u00e7o ou se conectar com outros im\u00f3veis!<\/strong><\/p>\n","protected":false},"excerpt":{"rendered":"<p>Deixe seu im\u00f3vel com cara de novo Uma pequena reforma ou at\u00e9 mesmo pequenos reparos, ir\u00e3o sem sombra de d\u00favidas valorizar muito mais seu im\u00f3vel. Se a pintura estiver feia pinte novamente, fa\u00e7a reparo em lajotas quebradas, em pisos lascados, e em tudo mais\u00a0 que precisar. Tudo isso deixar\u00e1 seu im\u00f3vel mais atrativo e chamar\u00e1<\/p>\n","protected":false},"author":3,"featured_media":401,"comment_status":"open","ping_status":"open","sticky":false,"template":"","format":"standard","meta":{"_monsterinsights_skip_tracking":false,"_monsterinsights_sitenote_active":false,"_monsterinsights_sitenote_note":"","_monsterinsights_sitenote_category":0},"categories":[122,121,120],"tags":[123],"yoast_head":"<!-- This site is optimized with the Yoast SEO plugin v19.1 - https:\/\/yoast.com\/wordpress\/plugins\/seo\/ -->\n<title>Como deixar seu im\u00f3vel mais atrativo para alugar mais r\u00e1pido - WebQuarto<\/title>\n<meta name=\"description\" content=\"Como deixar seu im\u00f3vel mais atrativo para alugar mais r\u00e1pido? Confira as nossas dicas!\" \/>\n<meta name=\"robots\" content=\"index, follow, max-snippet:-1, max-image-preview:large, max-video-preview:-1\" \/>\n<link rel=\"canonical\" href=\"https:\/\/www.webquarto.com.br\/blog\/2020\/como-deixar-seu-imovel-mais-atrativo-para-alugar-mais-rapido\/\" \/>\n<meta property=\"og:locale\" content=\"pt_BR\" \/>\n<meta property=\"og:type\" content=\"article\" \/>\n<meta property=\"og:title\" content=\"Como deixar seu im\u00f3vel mais atrativo para alugar mais r\u00e1pido - WebQuarto\" \/>\n<meta property=\"og:description\" content=\"Como deixar seu im\u00f3vel mais atrativo para alugar mais r\u00e1pido? Confira as nossas dicas!\" \/>\n<meta property=\"og:url\" content=\"https:\/\/www.webquarto.com.br\/blog\/2020\/como-deixar-seu-imovel-mais-atrativo-para-alugar-mais-rapido\/\" \/>\n<meta property=\"og:site_name\" content=\"WebQuarto\" \/>\n<meta property=\"article:published_time\" content=\"2020-01-17T01:26:56+00:00\" \/>\n<meta property=\"article:modified_time\" content=\"2021-03-24T16:26:55+00:00\" \/>\n<meta property=\"og:image\" content=\"https:\/\/www.webquarto.com.br\/blog\/wp-content\/uploads\/2020\/01\/Como-deixar-seu-im\u00f3vel-mais-atrativo-para-alugar-mais-r\u00e1pido-1024x576.png\" \/>\n\t<meta property=\"og:image:width\" content=\"1024\" \/>\n\t<meta property=\"og:image:height\" content=\"576\" \/>\n\t<meta property=\"og:image:type\" content=\"image\/png\" \/>\n<meta name=\"twitter:label1\" content=\"Escrito por\" \/>\n\t<meta name=\"twitter:data1\" content=\"Jo\u00e3o Brondi\" \/>\n\t<meta name=\"twitter:label2\" content=\"Est. tempo de leitura\" \/>\n\t<meta name=\"twitter:data2\" content=\"1 minuto\" \/>\n<script type=\"application\/ld+json\" class=\"yoast-schema-graph\">{\"@context\":\"https:\/\/schema.org\",\"@graph\":[{\"@type\":\"WebSite\",\"@id\":\"https:\/\/www.webquarto.com.br\/blog\/#website\",\"url\":\"https:\/\/www.webquarto.com.br\/blog\/\",\"name\":\"WebQuarto\",\"description\":\"Encontre quartos e apartamentos para dividir em todo o Brasil!\",\"potentialAction\":[{\"@type\":\"SearchAction\",\"target\":{\"@type\":\"EntryPoint\",\"urlTemplate\":\"https:\/\/www.webquarto.com.br\/blog\/?s={search_term_string}\"},\"query-input\":\"required name=search_term_string\"}],\"inLanguage\":\"pt-BR\"},{\"@type\":\"ImageObject\",\"inLanguage\":\"pt-BR\",\"@id\":\"https:\/\/www.webquarto.com.br\/blog\/2020\/como-deixar-seu-imovel-mais-atrativo-para-alugar-mais-rapido\/#primaryimage\",\"url\":\"https:\/\/www.webquarto.com.br\/blog\/wp-content\/uploads\/2020\/01\/Como-deixar-seu-im\u00f3vel-mais-atrativo-para-alugar-mais-r\u00e1pido.png\",\"contentUrl\":\"https:\/\/www.webquarto.com.br\/blog\/wp-content\/uploads\/2020\/01\/Como-deixar-seu-im\u00f3vel-mais-atrativo-para-alugar-mais-r\u00e1pido.png\",\"width\":1920,\"height\":1080},{\"@type\":\"WebPage\",\"@id\":\"https:\/\/www.webquarto.com.br\/blog\/2020\/como-deixar-seu-imovel-mais-atrativo-para-alugar-mais-rapido\/#webpage\",\"url\":\"https:\/\/www.webquarto.com.br\/blog\/2020\/como-deixar-seu-imovel-mais-atrativo-para-alugar-mais-rapido\/\",\"name\":\"Como deixar seu im\u00f3vel mais atrativo para alugar mais r\u00e1pido - WebQuarto\",\"isPartOf\":{\"@id\":\"https:\/\/www.webquarto.com.br\/blog\/#website\"},\"primaryImageOfPage\":{\"@id\":\"https:\/\/www.webquarto.com.br\/blog\/2020\/como-deixar-seu-imovel-mais-atrativo-para-alugar-mais-rapido\/#primaryimage\"},\"datePublished\":\"2020-01-17T01:26:56+00:00\",\"dateModified\":\"2021-03-24T16:26:55+00:00\",\"author\":{\"@id\":\"https:\/\/www.webquarto.com.br\/blog\/#\/schema\/person\/0f558b35d8e97b36d0172434cc91608f\"},\"description\":\"Como deixar seu im\u00f3vel mais atrativo para alugar mais r\u00e1pido? Confira as nossas dicas!\",\"breadcrumb\":{\"@id\":\"https:\/\/www.webquarto.com.br\/blog\/2020\/como-deixar-seu-imovel-mais-atrativo-para-alugar-mais-rapido\/#breadcrumb\"},\"inLanguage\":\"pt-BR\",\"potentialAction\":[{\"@type\":\"ReadAction\",\"target\":[\"https:\/\/www.webquarto.com.br\/blog\/2020\/como-deixar-seu-imovel-mais-atrativo-para-alugar-mais-rapido\/\"]}]},{\"@type\":\"BreadcrumbList\",\"@id\":\"https:\/\/www.webquarto.com.br\/blog\/2020\/como-deixar-seu-imovel-mais-atrativo-para-alugar-mais-rapido\/#breadcrumb\",\"itemListElement\":[{\"@type\":\"ListItem\",\"position\":1,\"name\":\"In\u00edcio\",\"item\":\"https:\/\/www.webquarto.com.br\/blog\/\"},{\"@type\":\"ListItem\",\"position\":2,\"name\":\"Como deixar seu im\u00f3vel mais atrativo para alugar mais r\u00e1pido\"}]},{\"@type\":\"Person\",\"@id\":\"https:\/\/www.webquarto.com.br\/blog\/#\/schema\/person\/0f558b35d8e97b36d0172434cc91608f\",\"name\":\"Jo\u00e3o Brondi\",\"image\":{\"@type\":\"ImageObject\",\"inLanguage\":\"pt-BR\",\"@id\":\"https:\/\/www.webquarto.com.br\/blog\/#\/schema\/person\/image\/\",\"url\":\"https:\/\/secure.gravatar.com\/avatar\/1d30fb36d3734474e638bc2902ea7ffa?s=96&d=mm&r=g\",\"contentUrl\":\"https:\/\/secure.gravatar.com\/avatar\/1d30fb36d3734474e638bc2902ea7ffa?s=96&d=mm&r=g\",\"caption\":\"Jo\u00e3o Brondi\"},\"url\":\"https:\/\/www.webquarto.com.br\/blog\/author\/joao-pedro\/\"}]}<\/script>\n<!-- \/ Yoast SEO plugin. -->","yoast_head_json":{"title":"Como deixar seu im\u00f3vel mais atrativo para alugar mais r\u00e1pido - WebQuarto","description":"Como deixar seu im\u00f3vel mais atrativo para alugar mais r\u00e1pido? Confira as nossas dicas!","robots":{"index":"index","follow":"follow","max-snippet":"max-snippet:-1","max-image-preview":"max-image-preview:large","max-video-preview":"max-video-preview:-1"},"canonical":"https:\/\/www.webquarto.com.br\/blog\/2020\/como-deixar-seu-imovel-mais-atrativo-para-alugar-mais-rapido\/","og_locale":"pt_BR","og_type":"article","og_title":"Como deixar seu im\u00f3vel mais atrativo para alugar mais r\u00e1pido - WebQuarto","og_description":"Como deixar seu im\u00f3vel mais atrativo para alugar mais r\u00e1pido? Confira as nossas dicas!","og_url":"https:\/\/www.webquarto.com.br\/blog\/2020\/como-deixar-seu-imovel-mais-atrativo-para-alugar-mais-rapido\/","og_site_name":"WebQuarto","article_published_time":"2020-01-17T01:26:56+00:00","article_modified_time":"2021-03-24T16:26:55+00:00","og_image":[{"width":1024,"height":576,"url":"https:\/\/www.webquarto.com.br\/blog\/wp-content\/uploads\/2020\/01\/Como-deixar-seu-im\u00f3vel-mais-atrativo-para-alugar-mais-r\u00e1pido-1024x576.png","type":"image\/png"}],"twitter_misc":{"Escrito por":"Jo\u00e3o Brondi","Est. tempo de leitura":"1 minuto"},"schema":{"@context":"https:\/\/schema.org","@graph":[{"@type":"WebSite","@id":"https:\/\/www.webquarto.com.br\/blog\/#website","url":"https:\/\/www.webquarto.com.br\/blog\/","name":"WebQuarto","description":"Encontre quartos e apartamentos para dividir em todo o Brasil!","potentialAction":[{"@type":"SearchAction","target":{"@type":"EntryPoint","urlTemplate":"https:\/\/www.webquarto.com.br\/blog\/?s={search_term_string}"},"query-input":"required name=search_term_string"}],"inLanguage":"pt-BR"},{"@type":"ImageObject","inLanguage":"pt-BR","@id":"https:\/\/www.webquarto.com.br\/blog\/2020\/como-deixar-seu-imovel-mais-atrativo-para-alugar-mais-rapido\/#primaryimage","url":"https:\/\/www.webquarto.com.br\/blog\/wp-content\/uploads\/2020\/01\/Como-deixar-seu-im\u00f3vel-mais-atrativo-para-alugar-mais-r\u00e1pido.png","contentUrl":"https:\/\/www.webquarto.com.br\/blog\/wp-content\/uploads\/2020\/01\/Como-deixar-seu-im\u00f3vel-mais-atrativo-para-alugar-mais-r\u00e1pido.png","width":1920,"height":1080},{"@type":"WebPage","@id":"https:\/\/www.webquarto.com.br\/blog\/2020\/como-deixar-seu-imovel-mais-atrativo-para-alugar-mais-rapido\/#webpage","url":"https:\/\/www.webquarto.com.br\/blog\/2020\/como-deixar-seu-imovel-mais-atrativo-para-alugar-mais-rapido\/","name":"Como deixar seu im\u00f3vel mais atrativo para alugar mais r\u00e1pido - WebQuarto","isPartOf":{"@id":"https:\/\/www.webquarto.com.br\/blog\/#website"},"primaryImageOfPage":{"@id":"https:\/\/www.webquarto.com.br\/blog\/2020\/como-deixar-seu-imovel-mais-atrativo-para-alugar-mais-rapido\/#primaryimage"},"datePublished":"2020-01-17T01:26:56+00:00","dateModified":"2021-03-24T16:26:55+00:00","author":{"@id":"https:\/\/www.webquarto.com.br\/blog\/#\/schema\/person\/0f558b35d8e97b36d0172434cc91608f"},"description":"Como deixar seu im\u00f3vel mais atrativo para alugar mais r\u00e1pido? Confira as nossas dicas!","breadcrumb":{"@id":"https:\/\/www.webquarto.com.br\/blog\/2020\/como-deixar-seu-imovel-mais-atrativo-para-alugar-mais-rapido\/#breadcrumb"},"inLanguage":"pt-BR","potentialAction":[{"@type":"ReadAction","target":["https:\/\/www.webquarto.com.br\/blog\/2020\/como-deixar-seu-imovel-mais-atrativo-para-alugar-mais-rapido\/"]}]},{"@type":"BreadcrumbList","@id":"https:\/\/www.webquarto.com.br\/blog\/2020\/como-deixar-seu-imovel-mais-atrativo-para-alugar-mais-rapido\/#breadcrumb","itemListElement":[{"@type":"ListItem","position":1,"name":"In\u00edcio","item":"https:\/\/www.webquarto.com.br\/blog\/"},{"@type":"ListItem","position":2,"name":"Como deixar seu im\u00f3vel mais atrativo para alugar mais r\u00e1pido"}]},{"@type":"Person","@id":"https:\/\/www.webquarto.com.br\/blog\/#\/schema\/person\/0f558b35d8e97b36d0172434cc91608f","name":"Jo\u00e3o Brondi","image":{"@type":"ImageObject","inLanguage":"pt-BR","@id":"https:\/\/www.webquarto.com.br\/blog\/#\/schema\/person\/image\/","url":"https:\/\/secure.gravatar.com\/avatar\/1d30fb36d3734474e638bc2902ea7ffa?s=96&d=mm&r=g","contentUrl":"https:\/\/secure.gravatar.com\/avatar\/1d30fb36d3734474e638bc2902ea7ffa?s=96&d=mm&r=g","caption":"Jo\u00e3o Brondi"},"url":"https:\/\/www.webquarto.com.br\/blog\/author\/joao-pedro\/"}]}},"_links":{"self":[{"href":"https:\/\/www.webquarto.com.br\/blog\/wp-json\/wp\/v2\/posts\/398"}],"collection":[{"href":"https:\/\/www.webquarto.com.br\/blog\/wp-json\/wp\/v2\/posts"}],"about":[{"href":"https:\/\/www.webquarto.com.br\/blog\/wp-json\/wp\/v2\/types\/post"}],"author":[{"embeddable":true,"href":"https:\/\/www.webquarto.com.br\/blog\/wp-json\/wp\/v2\/users\/3"}],"replies":[{"embeddable":true,"href":"https:\/\/www.webquarto.com.br\/blog\/wp-json\/wp\/v2\/comments?post=398"}],"version-history":[{"count":4,"href":"https:\/\/www.webquarto.com.br\/blog\/wp-json\/wp\/v2\/posts\/398\/revisions"}],"predecessor-version":[{"id":1604,"href":"https:\/\/www.webquarto.com.br\/blog\/wp-json\/wp\/v2\/posts\/398\/revisions\/1604"}],"wp:featuredmedia":[{"embeddable":true,"href":"https:\/\/www.webquarto.com.br\/blog\/wp-json\/wp\/v2\/media\/401"}],"wp:attachment":[{"href":"https:\/\/www.webquarto.com.br\/blog\/wp-json\/wp\/v2\/media?parent=398"}],"wp:term":[{"taxonomy":"category","embeddable":true,"href":"https:\/\/www.webquarto.com.br\/blog\/wp-json\/wp\/v2\/categories?post=398"},{"taxonomy":"post_tag","embeddable":true,"href":"https:\/\/www.webquarto.com.br\/blog\/wp-json\/wp\/v2\/tags?post=398"}],"curies":[{"name":"wp","href":"https:\/\/api.w.org\/{rel}","templated":true}]}}