{"id":463,"date":"2020-03-05T13:00:56","date_gmt":"2020-03-05T13:00:56","guid":{"rendered":"http:\/\/www.webquarto.com.br\/blog\/?p=463"},"modified":"2021-03-19T16:13:24","modified_gmt":"2021-03-19T16:13:24","slug":"por-que-alugar-por-conta-propria","status":"publish","type":"post","link":"https:\/\/www.webquarto.com.br\/blog\/2020\/por-que-alugar-por-conta-propria\/","title":{"rendered":"Por que alugar por conta pr\u00f3pria?"},"content":{"rendered":"<p>Descubra nesse post o porqu\u00ea de <strong>alugar por conta pr\u00f3pria<\/strong>. Realmente vale mais a pena? N\u00e3o ser\u00e1 apenas um stress a mais? Confira dicas!<\/p>\n<h2>Sem gastos com imobili\u00e1ria<\/h2>\n<p>Esse \u00e9 um ponto muito interessante e uma das <strong>vantagens de alugar por conta pr\u00f3pria<\/strong>, todo o lucro do im\u00f3vel ser\u00e1 seu. \u00c9 claro que estando sozinho voc\u00ea deve ter muito <strong>cuidados na hora de escolher seu inquilino<\/strong>, confira sobre os cuidados ao alugar um quarto\/im\u00f3vel nos outros posts do nosso blog, mas se planejando direito e tendo organiza\u00e7\u00e3o voc\u00ea s\u00f3 tem a ganhar.<\/p>\n<h2>Facilidade de an\u00fancio<\/h2>\n<p>Hoje em dia h\u00e1 muitos sites na internet que trabalham para isso, conectar pessoas a novos lugares, de forma pr\u00e1tica e segura,\u00a0 saiba que a <a href=\"https:\/\/www.webquarto.com.br\/\">WebQuarto<\/a>\u00a0\u00e9 a plataforma perfeita para voc\u00ea <strong>conectar pessoas ao seu espa\u00e7o<\/strong> ou se conectar com outros im\u00f3veis! Est\u00e1 esperando o que? Anuncie j\u00e1 o seu quarto no <strong>melhor site de loca\u00e7\u00e3o<\/strong>!<\/p>\n<h2>Negocia\u00e7\u00e3o flex\u00edvel<\/h2>\n<p>A rela\u00e7\u00e3o de <strong>confian\u00e7a entre locador e locat\u00e1rio<\/strong> \u00e9 essencial para que essa modalidade de loca\u00e7\u00e3o de im\u00f3vel n\u00e3o traga problemas. Por isso, \u00e9 poss\u00edvel realizar uma <strong>negocia\u00e7\u00e3o flex\u00edvel<\/strong> e ben\u00e9fica para ambas as partes, caso haja um bom relacionamento entre ambas as partes.<\/p>\n<p><strong>E a\u00ed, est\u00e1 esperando o que? Anuncie j\u00e1 o seu im\u00f3vel na plataforma da <a href=\"https:\/\/www.webquarto.com.br\/\">WebQuarto<\/a>\u00a0<\/strong><\/p>\n","protected":false},"excerpt":{"rendered":"<p>Descubra nesse post o porqu\u00ea de alugar por conta pr\u00f3pria. Realmente vale mais a pena? N\u00e3o ser\u00e1 apenas um stress a mais? Confira dicas! Sem gastos com imobili\u00e1ria Esse \u00e9 um ponto muito interessante e uma das vantagens de alugar por conta pr\u00f3pria, todo o lucro do im\u00f3vel ser\u00e1 seu. \u00c9 claro que estando sozinho<\/p>\n","protected":false},"author":3,"featured_media":464,"comment_status":"open","ping_status":"open","sticky":false,"template":"","format":"standard","meta":{"_monsterinsights_skip_tracking":false,"_monsterinsights_sitenote_active":false,"_monsterinsights_sitenote_note":"","_monsterinsights_sitenote_category":0},"categories":[140,29,129],"tags":[148],"yoast_head":"<!-- This site is optimized with the Yoast SEO plugin v19.1 - https:\/\/yoast.com\/wordpress\/plugins\/seo\/ -->\n<title>Por que alugar por conta pr\u00f3pria? - WebQuarto<\/title>\n<meta name=\"description\" content=\"Descubra nesse post o porqu\u00ea de alugar por conta pr\u00f3pria. Realmente vale mais a pena? N\u00e3o ser\u00e1 apenas um stress a mais? Confira dicas!\" \/>\n<meta name=\"robots\" content=\"index, follow, max-snippet:-1, max-image-preview:large, max-video-preview:-1\" \/>\n<link rel=\"canonical\" href=\"https:\/\/www.webquarto.com.br\/blog\/2020\/por-que-alugar-por-conta-propria\/\" \/>\n<meta property=\"og:locale\" content=\"pt_BR\" \/>\n<meta property=\"og:type\" content=\"article\" \/>\n<meta property=\"og:title\" content=\"Por que alugar por conta pr\u00f3pria? - WebQuarto\" \/>\n<meta property=\"og:description\" content=\"Descubra nesse post o porqu\u00ea de alugar por conta pr\u00f3pria. Realmente vale mais a pena? N\u00e3o ser\u00e1 apenas um stress a mais? Confira dicas!\" \/>\n<meta property=\"og:url\" content=\"https:\/\/www.webquarto.com.br\/blog\/2020\/por-que-alugar-por-conta-propria\/\" \/>\n<meta property=\"og:site_name\" content=\"WebQuarto\" \/>\n<meta property=\"article:published_time\" content=\"2020-03-05T13:00:56+00:00\" \/>\n<meta property=\"article:modified_time\" content=\"2021-03-19T16:13:24+00:00\" \/>\n<meta property=\"og:image\" content=\"https:\/\/www.webquarto.com.br\/blog\/wp-content\/uploads\/2020\/03\/Por-que-alugar-por-conta-pr\u00f3pria_-1024x576.png\" \/>\n\t<meta property=\"og:image:width\" content=\"1024\" \/>\n\t<meta property=\"og:image:height\" content=\"576\" \/>\n\t<meta property=\"og:image:type\" content=\"image\/png\" \/>\n<meta name=\"twitter:label1\" content=\"Escrito por\" \/>\n\t<meta name=\"twitter:data1\" content=\"Jo\u00e3o Brondi\" \/>\n\t<meta name=\"twitter:label2\" content=\"Est. tempo de leitura\" \/>\n\t<meta name=\"twitter:data2\" content=\"1 minuto\" \/>\n<script type=\"application\/ld+json\" class=\"yoast-schema-graph\">{\"@context\":\"https:\/\/schema.org\",\"@graph\":[{\"@type\":\"WebSite\",\"@id\":\"https:\/\/www.webquarto.com.br\/blog\/#website\",\"url\":\"https:\/\/www.webquarto.com.br\/blog\/\",\"name\":\"WebQuarto\",\"description\":\"Encontre quartos e apartamentos para dividir em todo o Brasil!\",\"potentialAction\":[{\"@type\":\"SearchAction\",\"target\":{\"@type\":\"EntryPoint\",\"urlTemplate\":\"https:\/\/www.webquarto.com.br\/blog\/?s={search_term_string}\"},\"query-input\":\"required name=search_term_string\"}],\"inLanguage\":\"pt-BR\"},{\"@type\":\"ImageObject\",\"inLanguage\":\"pt-BR\",\"@id\":\"https:\/\/www.webquarto.com.br\/blog\/2020\/por-que-alugar-por-conta-propria\/#primaryimage\",\"url\":\"https:\/\/www.webquarto.com.br\/blog\/wp-content\/uploads\/2020\/03\/Por-que-alugar-por-conta-pr\u00f3pria_.png\",\"contentUrl\":\"https:\/\/www.webquarto.com.br\/blog\/wp-content\/uploads\/2020\/03\/Por-que-alugar-por-conta-pr\u00f3pria_.png\",\"width\":1920,\"height\":1080},{\"@type\":\"WebPage\",\"@id\":\"https:\/\/www.webquarto.com.br\/blog\/2020\/por-que-alugar-por-conta-propria\/#webpage\",\"url\":\"https:\/\/www.webquarto.com.br\/blog\/2020\/por-que-alugar-por-conta-propria\/\",\"name\":\"Por que alugar por conta pr\u00f3pria? - WebQuarto\",\"isPartOf\":{\"@id\":\"https:\/\/www.webquarto.com.br\/blog\/#website\"},\"primaryImageOfPage\":{\"@id\":\"https:\/\/www.webquarto.com.br\/blog\/2020\/por-que-alugar-por-conta-propria\/#primaryimage\"},\"datePublished\":\"2020-03-05T13:00:56+00:00\",\"dateModified\":\"2021-03-19T16:13:24+00:00\",\"author\":{\"@id\":\"https:\/\/www.webquarto.com.br\/blog\/#\/schema\/person\/0f558b35d8e97b36d0172434cc91608f\"},\"description\":\"Descubra nesse post o porqu\u00ea de alugar por conta pr\u00f3pria. Realmente vale mais a pena? N\u00e3o ser\u00e1 apenas um stress a mais? Confira dicas!\",\"breadcrumb\":{\"@id\":\"https:\/\/www.webquarto.com.br\/blog\/2020\/por-que-alugar-por-conta-propria\/#breadcrumb\"},\"inLanguage\":\"pt-BR\",\"potentialAction\":[{\"@type\":\"ReadAction\",\"target\":[\"https:\/\/www.webquarto.com.br\/blog\/2020\/por-que-alugar-por-conta-propria\/\"]}]},{\"@type\":\"BreadcrumbList\",\"@id\":\"https:\/\/www.webquarto.com.br\/blog\/2020\/por-que-alugar-por-conta-propria\/#breadcrumb\",\"itemListElement\":[{\"@type\":\"ListItem\",\"position\":1,\"name\":\"In\u00edcio\",\"item\":\"https:\/\/www.webquarto.com.br\/blog\/\"},{\"@type\":\"ListItem\",\"position\":2,\"name\":\"Por que alugar por conta pr\u00f3pria?\"}]},{\"@type\":\"Person\",\"@id\":\"https:\/\/www.webquarto.com.br\/blog\/#\/schema\/person\/0f558b35d8e97b36d0172434cc91608f\",\"name\":\"Jo\u00e3o Brondi\",\"image\":{\"@type\":\"ImageObject\",\"inLanguage\":\"pt-BR\",\"@id\":\"https:\/\/www.webquarto.com.br\/blog\/#\/schema\/person\/image\/\",\"url\":\"https:\/\/secure.gravatar.com\/avatar\/1d30fb36d3734474e638bc2902ea7ffa?s=96&d=mm&r=g\",\"contentUrl\":\"https:\/\/secure.gravatar.com\/avatar\/1d30fb36d3734474e638bc2902ea7ffa?s=96&d=mm&r=g\",\"caption\":\"Jo\u00e3o Brondi\"},\"url\":\"https:\/\/www.webquarto.com.br\/blog\/author\/joao-pedro\/\"}]}<\/script>\n<!-- \/ Yoast SEO plugin. -->","yoast_head_json":{"title":"Por que alugar por conta pr\u00f3pria? - WebQuarto","description":"Descubra nesse post o porqu\u00ea de alugar por conta pr\u00f3pria. Realmente vale mais a pena? N\u00e3o ser\u00e1 apenas um stress a mais? Confira dicas!","robots":{"index":"index","follow":"follow","max-snippet":"max-snippet:-1","max-image-preview":"max-image-preview:large","max-video-preview":"max-video-preview:-1"},"canonical":"https:\/\/www.webquarto.com.br\/blog\/2020\/por-que-alugar-por-conta-propria\/","og_locale":"pt_BR","og_type":"article","og_title":"Por que alugar por conta pr\u00f3pria? - WebQuarto","og_description":"Descubra nesse post o porqu\u00ea de alugar por conta pr\u00f3pria. Realmente vale mais a pena? N\u00e3o ser\u00e1 apenas um stress a mais? Confira dicas!","og_url":"https:\/\/www.webquarto.com.br\/blog\/2020\/por-que-alugar-por-conta-propria\/","og_site_name":"WebQuarto","article_published_time":"2020-03-05T13:00:56+00:00","article_modified_time":"2021-03-19T16:13:24+00:00","og_image":[{"width":1024,"height":576,"url":"https:\/\/www.webquarto.com.br\/blog\/wp-content\/uploads\/2020\/03\/Por-que-alugar-por-conta-pr\u00f3pria_-1024x576.png","type":"image\/png"}],"twitter_misc":{"Escrito por":"Jo\u00e3o Brondi","Est. tempo de leitura":"1 minuto"},"schema":{"@context":"https:\/\/schema.org","@graph":[{"@type":"WebSite","@id":"https:\/\/www.webquarto.com.br\/blog\/#website","url":"https:\/\/www.webquarto.com.br\/blog\/","name":"WebQuarto","description":"Encontre quartos e apartamentos para dividir em todo o Brasil!","potentialAction":[{"@type":"SearchAction","target":{"@type":"EntryPoint","urlTemplate":"https:\/\/www.webquarto.com.br\/blog\/?s={search_term_string}"},"query-input":"required name=search_term_string"}],"inLanguage":"pt-BR"},{"@type":"ImageObject","inLanguage":"pt-BR","@id":"https:\/\/www.webquarto.com.br\/blog\/2020\/por-que-alugar-por-conta-propria\/#primaryimage","url":"https:\/\/www.webquarto.com.br\/blog\/wp-content\/uploads\/2020\/03\/Por-que-alugar-por-conta-pr\u00f3pria_.png","contentUrl":"https:\/\/www.webquarto.com.br\/blog\/wp-content\/uploads\/2020\/03\/Por-que-alugar-por-conta-pr\u00f3pria_.png","width":1920,"height":1080},{"@type":"WebPage","@id":"https:\/\/www.webquarto.com.br\/blog\/2020\/por-que-alugar-por-conta-propria\/#webpage","url":"https:\/\/www.webquarto.com.br\/blog\/2020\/por-que-alugar-por-conta-propria\/","name":"Por que alugar por conta pr\u00f3pria? - WebQuarto","isPartOf":{"@id":"https:\/\/www.webquarto.com.br\/blog\/#website"},"primaryImageOfPage":{"@id":"https:\/\/www.webquarto.com.br\/blog\/2020\/por-que-alugar-por-conta-propria\/#primaryimage"},"datePublished":"2020-03-05T13:00:56+00:00","dateModified":"2021-03-19T16:13:24+00:00","author":{"@id":"https:\/\/www.webquarto.com.br\/blog\/#\/schema\/person\/0f558b35d8e97b36d0172434cc91608f"},"description":"Descubra nesse post o porqu\u00ea de alugar por conta pr\u00f3pria. Realmente vale mais a pena? N\u00e3o ser\u00e1 apenas um stress a mais? Confira dicas!","breadcrumb":{"@id":"https:\/\/www.webquarto.com.br\/blog\/2020\/por-que-alugar-por-conta-propria\/#breadcrumb"},"inLanguage":"pt-BR","potentialAction":[{"@type":"ReadAction","target":["https:\/\/www.webquarto.com.br\/blog\/2020\/por-que-alugar-por-conta-propria\/"]}]},{"@type":"BreadcrumbList","@id":"https:\/\/www.webquarto.com.br\/blog\/2020\/por-que-alugar-por-conta-propria\/#breadcrumb","itemListElement":[{"@type":"ListItem","position":1,"name":"In\u00edcio","item":"https:\/\/www.webquarto.com.br\/blog\/"},{"@type":"ListItem","position":2,"name":"Por que alugar por conta pr\u00f3pria?"}]},{"@type":"Person","@id":"https:\/\/www.webquarto.com.br\/blog\/#\/schema\/person\/0f558b35d8e97b36d0172434cc91608f","name":"Jo\u00e3o Brondi","image":{"@type":"ImageObject","inLanguage":"pt-BR","@id":"https:\/\/www.webquarto.com.br\/blog\/#\/schema\/person\/image\/","url":"https:\/\/secure.gravatar.com\/avatar\/1d30fb36d3734474e638bc2902ea7ffa?s=96&d=mm&r=g","contentUrl":"https:\/\/secure.gravatar.com\/avatar\/1d30fb36d3734474e638bc2902ea7ffa?s=96&d=mm&r=g","caption":"Jo\u00e3o Brondi"},"url":"https:\/\/www.webquarto.com.br\/blog\/author\/joao-pedro\/"}]}},"_links":{"self":[{"href":"https:\/\/www.webquarto.com.br\/blog\/wp-json\/wp\/v2\/posts\/463"}],"collection":[{"href":"https:\/\/www.webquarto.com.br\/blog\/wp-json\/wp\/v2\/posts"}],"about":[{"href":"https:\/\/www.webquarto.com.br\/blog\/wp-json\/wp\/v2\/types\/post"}],"author":[{"embeddable":true,"href":"https:\/\/www.webquarto.com.br\/blog\/wp-json\/wp\/v2\/users\/3"}],"replies":[{"embeddable":true,"href":"https:\/\/www.webquarto.com.br\/blog\/wp-json\/wp\/v2\/comments?post=463"}],"version-history":[{"count":3,"href":"https:\/\/www.webquarto.com.br\/blog\/wp-json\/wp\/v2\/posts\/463\/revisions"}],"predecessor-version":[{"id":993,"href":"https:\/\/www.webquarto.com.br\/blog\/wp-json\/wp\/v2\/posts\/463\/revisions\/993"}],"wp:featuredmedia":[{"embeddable":true,"href":"https:\/\/www.webquarto.com.br\/blog\/wp-json\/wp\/v2\/media\/464"}],"wp:attachment":[{"href":"https:\/\/www.webquarto.com.br\/blog\/wp-json\/wp\/v2\/media?parent=463"}],"wp:term":[{"taxonomy":"category","embeddable":true,"href":"https:\/\/www.webquarto.com.br\/blog\/wp-json\/wp\/v2\/categories?post=463"},{"taxonomy":"post_tag","embeddable":true,"href":"https:\/\/www.webquarto.com.br\/blog\/wp-json\/wp\/v2\/tags?post=463"}],"curies":[{"name":"wp","href":"https:\/\/api.w.org\/{rel}","templated":true}]}}