{"id":495,"date":"2020-04-20T15:29:46","date_gmt":"2020-04-20T15:29:46","guid":{"rendered":"http:\/\/www.webquarto.com.br\/blog\/?p=495"},"modified":"2021-03-08T17:25:29","modified_gmt":"2021-03-08T17:25:29","slug":"invista-na-decoracao-contemporanea-no-seu-apartamento","status":"publish","type":"post","link":"https:\/\/www.webquarto.com.br\/blog\/2020\/invista-na-decoracao-contemporanea-no-seu-apartamento\/","title":{"rendered":"Invista na decora\u00e7\u00e3o contempor\u00e2nea no seu apartamento"},"content":{"rendered":"<p>Se voc\u00ea busca por uma <strong>decora\u00e7\u00e3o mais clean<\/strong>, que nunca fique desatualizada e que transmita aquela sensa\u00e7\u00e3o de leveza e paz, o estilo contempor\u00e2neo pode ser ideal para voc\u00ea! Confira nossas dicas e aposta na <strong>decora\u00e7\u00e3o contempor\u00e2nea<\/strong>!<\/p>\n<h2>Para come\u00e7ar vamos entender o que seria a decora\u00e7\u00e3o contempor\u00e2nea<\/h2>\n<p>A decora\u00e7\u00e3o contempor\u00e2nea nada mais \u00e9 do que um estilo de <strong>decora\u00e7\u00e3o mais simples<\/strong>, funcional, \u201climpo\u201d. Marcado por linhas retas e sinuosas e superf\u00edcies lisas, tanto nos <strong>m\u00f3veis<\/strong> como nos <strong>objetos decorativos<\/strong>. Geralmente a mob\u00edlia inclui materiais feitos com madeira, m\u00e1rmore, metal, a\u00e7o, cimento e vidro. Os tapetes v\u00eam com tudo nesse tipo de decora\u00e7\u00e3o para amenizar essa estrutura visual forte da mob\u00edlia, estes podem vir em tons mais alegres, que ser\u00e3o como o ponto de luz do ambiente.<\/p>\n<h2>Tons neutros e detalhes coloridas<\/h2>\n<p>Preto, branco, cinza, marrom, past\u00e9is, os tons neutros s\u00e3o os melhores amigos da decora\u00e7\u00e3o contempor\u00e2nea.\u00a0 As pe\u00e7as coloridas s\u00e3o bem vindas sim, mas apenas em alguns detalhes da decora\u00e7\u00e3o contempor\u00e2nea, como em quadros e vasos; est\u00e1tuas decorativas tamb\u00e9m s\u00e3o muito bem-vindas nesse estilo de decora\u00e7\u00e3o, al\u00e9m de deixarem o <strong>ambiente elegante<\/strong> n\u00e3o pesa muito na decora\u00e7\u00e3o. O objetivo \u00e9 que o conjunto seja agrad\u00e1vel e harm\u00f4nico, e nunca exagerado ou confuso.<\/p>\n<h2>Mob\u00edlia b\u00e1sica<\/h2>\n<p>Quando o assunto \u00e9 referente a mob\u00edlia, o estilo contempor\u00e2neo valoriza pe\u00e7as que sejam ao mesmo tempo simples e marcantes. \u00c9 essencial que essa mob\u00edlia seja clean e suave, em formatos geom\u00e9tricos. Nada de pe\u00e7as com formas diferentes e\/ou cobertas de detalhes, como franjas e relevos, ou arm\u00e1rios coloridos. Em termos de cor, os m\u00f3veis contempor\u00e2neos seguem a mesma linha do estilo com seus tons neutros, em especial o preto, o nude e o cinza.<\/p>\n<h2>Aposte nas formas geom\u00e9tricas<\/h2>\n<p>Essas formas s\u00e3o tamb\u00e9m bastante utilizadas na decora\u00e7\u00e3o contempor\u00e2nea para quebrar a frieza dos elementos lisos que predominam nos ambientes. Elas podem aparecer nos tapetes ou almofadas. A inten\u00e7\u00e3o \u00e9 fugir do excessivo e focar no que for <strong>b\u00e1sico, pr\u00e1tico e bonito.<\/strong><\/p>\n<h2>Aposte em uma boa ilumina\u00e7\u00e3o<\/h2>\n<p>A luz \u00e9 um assunto s\u00e9rio quando o assunto \u00e9 a decora\u00e7\u00e3o contempor\u00e2nea. \u00c9 comum encontrarmos luzes indiretas, paredes iluminadas, trilhos de ilumina\u00e7\u00e3o, luzes embutidas, lumin\u00e1rias pendentes e de ch\u00e3o, al\u00e9m das cl\u00e1ssicas luzes direcionadas para pe\u00e7as de arte, como quadros e esculturas.<\/p>\n<h2>Objetos decorativos<\/h2>\n<p>Tente manter a caracter\u00edstica do<strong> estilo minimalista<\/strong> na hora de escolher os objetos decorativos, ou seja, escolha poucas pe\u00e7as mas pe\u00e7as de qualidade e que tragam a sensa\u00e7\u00e3o de leveza ao ambiente. Aposte em abajures, poltronas e puffs, est\u00e1tuas decorativas tamb\u00e9m podem dar aquele charme ao ambiente.<\/p>\n<p><strong>Gostou do nosso post? E voc\u00ea est\u00e1 a procura de um novo local para morar? Ou est\u00e1 a procura de um colega para dividir um apartamento? Independente de qual for a sua situa\u00e7\u00e3o\u00a0 saiba que a <a href=\"https:\/\/www.webquarto.com.br\/\">WebQuarto<\/a>\u00a0\u00e9 uma plataforma completa para te ajudar a se conectar com seu pr\u00f3ximo espa\u00e7o.\u00a0<\/strong><\/p>\n","protected":false},"excerpt":{"rendered":"<p>Se voc\u00ea busca por uma decora\u00e7\u00e3o mais clean, que nunca fique desatualizada e que transmita aquela sensa\u00e7\u00e3o de leveza e paz, o estilo contempor\u00e2neo pode ser ideal para voc\u00ea! Confira nossas dicas e aposta na decora\u00e7\u00e3o contempor\u00e2nea! Para come\u00e7ar vamos entender o que seria a decora\u00e7\u00e3o contempor\u00e2nea A decora\u00e7\u00e3o contempor\u00e2nea nada mais \u00e9 do que<\/p>\n","protected":false},"author":3,"featured_media":497,"comment_status":"open","ping_status":"open","sticky":false,"template":"","format":"standard","meta":{"_monsterinsights_skip_tracking":false,"_monsterinsights_sitenote_active":false,"_monsterinsights_sitenote_note":"","_monsterinsights_sitenote_category":0},"categories":[164,27,76],"tags":[165],"yoast_head":"<!-- This site is optimized with the Yoast SEO plugin v19.1 - https:\/\/yoast.com\/wordpress\/plugins\/seo\/ -->\n<title>Invista na decora\u00e7\u00e3o contempor\u00e2nea no seu apartamento - WebQuarto<\/title>\n<meta name=\"description\" content=\"Se voc\u00ea busca por uma decora\u00e7\u00e3o mais clean, que transmita aquela sensa\u00e7\u00e3o de leveza e paz, o estilo contempor\u00e2neo pode ser ideal para voc\u00ea!\" \/>\n<meta name=\"robots\" content=\"index, follow, max-snippet:-1, max-image-preview:large, max-video-preview:-1\" \/>\n<link rel=\"canonical\" href=\"https:\/\/www.webquarto.com.br\/blog\/2020\/invista-na-decoracao-contemporanea-no-seu-apartamento\/\" \/>\n<meta property=\"og:locale\" content=\"pt_BR\" \/>\n<meta property=\"og:type\" content=\"article\" \/>\n<meta property=\"og:title\" content=\"Invista na decora\u00e7\u00e3o contempor\u00e2nea no seu apartamento - WebQuarto\" \/>\n<meta property=\"og:description\" content=\"Se voc\u00ea busca por uma decora\u00e7\u00e3o mais clean, que transmita aquela sensa\u00e7\u00e3o de leveza e paz, o estilo contempor\u00e2neo pode ser ideal para voc\u00ea!\" \/>\n<meta property=\"og:url\" content=\"https:\/\/www.webquarto.com.br\/blog\/2020\/invista-na-decoracao-contemporanea-no-seu-apartamento\/\" \/>\n<meta property=\"og:site_name\" content=\"WebQuarto\" \/>\n<meta property=\"article:published_time\" content=\"2020-04-20T15:29:46+00:00\" \/>\n<meta property=\"article:modified_time\" content=\"2021-03-08T17:25:29+00:00\" \/>\n<meta property=\"og:image\" content=\"https:\/\/www.webquarto.com.br\/blog\/wp-content\/uploads\/2020\/04\/Invista-na-decora\u00e7\u00e3o-contempor\u00e2nea-no-seu-apartamento.jpg\" \/>\n\t<meta property=\"og:image:width\" content=\"1280\" \/>\n\t<meta property=\"og:image:height\" content=\"960\" \/>\n\t<meta property=\"og:image:type\" content=\"image\/jpeg\" \/>\n<meta name=\"twitter:label1\" content=\"Escrito por\" \/>\n\t<meta name=\"twitter:data1\" content=\"Jo\u00e3o Brondi\" \/>\n\t<meta name=\"twitter:label2\" content=\"Est. tempo de leitura\" \/>\n\t<meta name=\"twitter:data2\" content=\"3 minutos\" \/>\n<script type=\"application\/ld+json\" class=\"yoast-schema-graph\">{\"@context\":\"https:\/\/schema.org\",\"@graph\":[{\"@type\":\"WebSite\",\"@id\":\"https:\/\/www.webquarto.com.br\/blog\/#website\",\"url\":\"https:\/\/www.webquarto.com.br\/blog\/\",\"name\":\"WebQuarto\",\"description\":\"Encontre quartos e apartamentos para dividir em todo o Brasil!\",\"potentialAction\":[{\"@type\":\"SearchAction\",\"target\":{\"@type\":\"EntryPoint\",\"urlTemplate\":\"https:\/\/www.webquarto.com.br\/blog\/?s={search_term_string}\"},\"query-input\":\"required name=search_term_string\"}],\"inLanguage\":\"pt-BR\"},{\"@type\":\"ImageObject\",\"inLanguage\":\"pt-BR\",\"@id\":\"https:\/\/www.webquarto.com.br\/blog\/2020\/invista-na-decoracao-contemporanea-no-seu-apartamento\/#primaryimage\",\"url\":\"https:\/\/www.webquarto.com.br\/blog\/wp-content\/uploads\/2020\/04\/Invista-na-decora\u00e7\u00e3o-contempor\u00e2nea-no-seu-apartamento.jpg\",\"contentUrl\":\"https:\/\/www.webquarto.com.br\/blog\/wp-content\/uploads\/2020\/04\/Invista-na-decora\u00e7\u00e3o-contempor\u00e2nea-no-seu-apartamento.jpg\",\"width\":1280,\"height\":960},{\"@type\":\"WebPage\",\"@id\":\"https:\/\/www.webquarto.com.br\/blog\/2020\/invista-na-decoracao-contemporanea-no-seu-apartamento\/#webpage\",\"url\":\"https:\/\/www.webquarto.com.br\/blog\/2020\/invista-na-decoracao-contemporanea-no-seu-apartamento\/\",\"name\":\"Invista na decora\u00e7\u00e3o contempor\u00e2nea no seu apartamento - WebQuarto\",\"isPartOf\":{\"@id\":\"https:\/\/www.webquarto.com.br\/blog\/#website\"},\"primaryImageOfPage\":{\"@id\":\"https:\/\/www.webquarto.com.br\/blog\/2020\/invista-na-decoracao-contemporanea-no-seu-apartamento\/#primaryimage\"},\"datePublished\":\"2020-04-20T15:29:46+00:00\",\"dateModified\":\"2021-03-08T17:25:29+00:00\",\"author\":{\"@id\":\"https:\/\/www.webquarto.com.br\/blog\/#\/schema\/person\/0f558b35d8e97b36d0172434cc91608f\"},\"description\":\"Se voc\u00ea busca por uma decora\u00e7\u00e3o mais clean, que transmita aquela sensa\u00e7\u00e3o de leveza e paz, o estilo contempor\u00e2neo pode ser ideal para voc\u00ea!\",\"breadcrumb\":{\"@id\":\"https:\/\/www.webquarto.com.br\/blog\/2020\/invista-na-decoracao-contemporanea-no-seu-apartamento\/#breadcrumb\"},\"inLanguage\":\"pt-BR\",\"potentialAction\":[{\"@type\":\"ReadAction\",\"target\":[\"https:\/\/www.webquarto.com.br\/blog\/2020\/invista-na-decoracao-contemporanea-no-seu-apartamento\/\"]}]},{\"@type\":\"BreadcrumbList\",\"@id\":\"https:\/\/www.webquarto.com.br\/blog\/2020\/invista-na-decoracao-contemporanea-no-seu-apartamento\/#breadcrumb\",\"itemListElement\":[{\"@type\":\"ListItem\",\"position\":1,\"name\":\"In\u00edcio\",\"item\":\"https:\/\/www.webquarto.com.br\/blog\/\"},{\"@type\":\"ListItem\",\"position\":2,\"name\":\"Invista na decora\u00e7\u00e3o contempor\u00e2nea no seu apartamento\"}]},{\"@type\":\"Person\",\"@id\":\"https:\/\/www.webquarto.com.br\/blog\/#\/schema\/person\/0f558b35d8e97b36d0172434cc91608f\",\"name\":\"Jo\u00e3o Brondi\",\"image\":{\"@type\":\"ImageObject\",\"inLanguage\":\"pt-BR\",\"@id\":\"https:\/\/www.webquarto.com.br\/blog\/#\/schema\/person\/image\/\",\"url\":\"https:\/\/secure.gravatar.com\/avatar\/1d30fb36d3734474e638bc2902ea7ffa?s=96&d=mm&r=g\",\"contentUrl\":\"https:\/\/secure.gravatar.com\/avatar\/1d30fb36d3734474e638bc2902ea7ffa?s=96&d=mm&r=g\",\"caption\":\"Jo\u00e3o Brondi\"},\"url\":\"https:\/\/www.webquarto.com.br\/blog\/author\/joao-pedro\/\"}]}<\/script>\n<!-- \/ Yoast SEO plugin. -->","yoast_head_json":{"title":"Invista na decora\u00e7\u00e3o contempor\u00e2nea no seu apartamento - WebQuarto","description":"Se voc\u00ea busca por uma decora\u00e7\u00e3o mais clean, que transmita aquela sensa\u00e7\u00e3o de leveza e paz, o estilo contempor\u00e2neo pode ser ideal para voc\u00ea!","robots":{"index":"index","follow":"follow","max-snippet":"max-snippet:-1","max-image-preview":"max-image-preview:large","max-video-preview":"max-video-preview:-1"},"canonical":"https:\/\/www.webquarto.com.br\/blog\/2020\/invista-na-decoracao-contemporanea-no-seu-apartamento\/","og_locale":"pt_BR","og_type":"article","og_title":"Invista na decora\u00e7\u00e3o contempor\u00e2nea no seu apartamento - WebQuarto","og_description":"Se voc\u00ea busca por uma decora\u00e7\u00e3o mais clean, que transmita aquela sensa\u00e7\u00e3o de leveza e paz, o estilo contempor\u00e2neo pode ser ideal para voc\u00ea!","og_url":"https:\/\/www.webquarto.com.br\/blog\/2020\/invista-na-decoracao-contemporanea-no-seu-apartamento\/","og_site_name":"WebQuarto","article_published_time":"2020-04-20T15:29:46+00:00","article_modified_time":"2021-03-08T17:25:29+00:00","og_image":[{"width":1280,"height":960,"url":"https:\/\/www.webquarto.com.br\/blog\/wp-content\/uploads\/2020\/04\/Invista-na-decora\u00e7\u00e3o-contempor\u00e2nea-no-seu-apartamento.jpg","type":"image\/jpeg"}],"twitter_misc":{"Escrito por":"Jo\u00e3o Brondi","Est. tempo de leitura":"3 minutos"},"schema":{"@context":"https:\/\/schema.org","@graph":[{"@type":"WebSite","@id":"https:\/\/www.webquarto.com.br\/blog\/#website","url":"https:\/\/www.webquarto.com.br\/blog\/","name":"WebQuarto","description":"Encontre quartos e apartamentos para dividir em todo o Brasil!","potentialAction":[{"@type":"SearchAction","target":{"@type":"EntryPoint","urlTemplate":"https:\/\/www.webquarto.com.br\/blog\/?s={search_term_string}"},"query-input":"required name=search_term_string"}],"inLanguage":"pt-BR"},{"@type":"ImageObject","inLanguage":"pt-BR","@id":"https:\/\/www.webquarto.com.br\/blog\/2020\/invista-na-decoracao-contemporanea-no-seu-apartamento\/#primaryimage","url":"https:\/\/www.webquarto.com.br\/blog\/wp-content\/uploads\/2020\/04\/Invista-na-decora\u00e7\u00e3o-contempor\u00e2nea-no-seu-apartamento.jpg","contentUrl":"https:\/\/www.webquarto.com.br\/blog\/wp-content\/uploads\/2020\/04\/Invista-na-decora\u00e7\u00e3o-contempor\u00e2nea-no-seu-apartamento.jpg","width":1280,"height":960},{"@type":"WebPage","@id":"https:\/\/www.webquarto.com.br\/blog\/2020\/invista-na-decoracao-contemporanea-no-seu-apartamento\/#webpage","url":"https:\/\/www.webquarto.com.br\/blog\/2020\/invista-na-decoracao-contemporanea-no-seu-apartamento\/","name":"Invista na decora\u00e7\u00e3o contempor\u00e2nea no seu apartamento - WebQuarto","isPartOf":{"@id":"https:\/\/www.webquarto.com.br\/blog\/#website"},"primaryImageOfPage":{"@id":"https:\/\/www.webquarto.com.br\/blog\/2020\/invista-na-decoracao-contemporanea-no-seu-apartamento\/#primaryimage"},"datePublished":"2020-04-20T15:29:46+00:00","dateModified":"2021-03-08T17:25:29+00:00","author":{"@id":"https:\/\/www.webquarto.com.br\/blog\/#\/schema\/person\/0f558b35d8e97b36d0172434cc91608f"},"description":"Se voc\u00ea busca por uma decora\u00e7\u00e3o mais clean, que transmita aquela sensa\u00e7\u00e3o de leveza e paz, o estilo contempor\u00e2neo pode ser ideal para voc\u00ea!","breadcrumb":{"@id":"https:\/\/www.webquarto.com.br\/blog\/2020\/invista-na-decoracao-contemporanea-no-seu-apartamento\/#breadcrumb"},"inLanguage":"pt-BR","potentialAction":[{"@type":"ReadAction","target":["https:\/\/www.webquarto.com.br\/blog\/2020\/invista-na-decoracao-contemporanea-no-seu-apartamento\/"]}]},{"@type":"BreadcrumbList","@id":"https:\/\/www.webquarto.com.br\/blog\/2020\/invista-na-decoracao-contemporanea-no-seu-apartamento\/#breadcrumb","itemListElement":[{"@type":"ListItem","position":1,"name":"In\u00edcio","item":"https:\/\/www.webquarto.com.br\/blog\/"},{"@type":"ListItem","position":2,"name":"Invista na decora\u00e7\u00e3o contempor\u00e2nea no seu apartamento"}]},{"@type":"Person","@id":"https:\/\/www.webquarto.com.br\/blog\/#\/schema\/person\/0f558b35d8e97b36d0172434cc91608f","name":"Jo\u00e3o Brondi","image":{"@type":"ImageObject","inLanguage":"pt-BR","@id":"https:\/\/www.webquarto.com.br\/blog\/#\/schema\/person\/image\/","url":"https:\/\/secure.gravatar.com\/avatar\/1d30fb36d3734474e638bc2902ea7ffa?s=96&d=mm&r=g","contentUrl":"https:\/\/secure.gravatar.com\/avatar\/1d30fb36d3734474e638bc2902ea7ffa?s=96&d=mm&r=g","caption":"Jo\u00e3o Brondi"},"url":"https:\/\/www.webquarto.com.br\/blog\/author\/joao-pedro\/"}]}},"_links":{"self":[{"href":"https:\/\/www.webquarto.com.br\/blog\/wp-json\/wp\/v2\/posts\/495"}],"collection":[{"href":"https:\/\/www.webquarto.com.br\/blog\/wp-json\/wp\/v2\/posts"}],"about":[{"href":"https:\/\/www.webquarto.com.br\/blog\/wp-json\/wp\/v2\/types\/post"}],"author":[{"embeddable":true,"href":"https:\/\/www.webquarto.com.br\/blog\/wp-json\/wp\/v2\/users\/3"}],"replies":[{"embeddable":true,"href":"https:\/\/www.webquarto.com.br\/blog\/wp-json\/wp\/v2\/comments?post=495"}],"version-history":[{"count":5,"href":"https:\/\/www.webquarto.com.br\/blog\/wp-json\/wp\/v2\/posts\/495\/revisions"}],"predecessor-version":[{"id":961,"href":"https:\/\/www.webquarto.com.br\/blog\/wp-json\/wp\/v2\/posts\/495\/revisions\/961"}],"wp:featuredmedia":[{"embeddable":true,"href":"https:\/\/www.webquarto.com.br\/blog\/wp-json\/wp\/v2\/media\/497"}],"wp:attachment":[{"href":"https:\/\/www.webquarto.com.br\/blog\/wp-json\/wp\/v2\/media?parent=495"}],"wp:term":[{"taxonomy":"category","embeddable":true,"href":"https:\/\/www.webquarto.com.br\/blog\/wp-json\/wp\/v2\/categories?post=495"},{"taxonomy":"post_tag","embeddable":true,"href":"https:\/\/www.webquarto.com.br\/blog\/wp-json\/wp\/v2\/tags?post=495"}],"curies":[{"name":"wp","href":"https:\/\/api.w.org\/{rel}","templated":true}]}}