{"id":519,"date":"2020-05-12T19:00:35","date_gmt":"2020-05-12T19:00:35","guid":{"rendered":"http:\/\/www.webquarto.com.br\/blog\/?p=519"},"modified":"2021-03-04T18:50:14","modified_gmt":"2021-03-04T18:50:14","slug":"moradia-compartilhada-e-corona-virus","status":"publish","type":"post","link":"https:\/\/www.webquarto.com.br\/blog\/2020\/moradia-compartilhada-e-corona-virus\/","title":{"rendered":"Moradia compartilhada e covid-19"},"content":{"rendered":"<p>Nesse momento, com o advento do <strong>covid-19<\/strong> sabemos que todo cuidado \u00e9 pouco. Voc\u00ea reside em <strong>moradia compartilhada<\/strong> e est\u00e1 apreensivo em rela\u00e7\u00e3o a toda essa situa\u00e7\u00e3o? Fique calmo! Preparamos algumas dicas super importantes pra voc\u00ea passar por essa fase que requer todo nosso cuidado.<\/p>\n<h2>Sem cumprimentos<\/h2>\n<p>Todo mundo j\u00e1 est\u00e1 cansado de saber disso n\u00e3o \u00e9 mesmo? Mas n\u00e3o custa nada refor\u00e7ar, ent\u00e3o n\u00e3o vale <strong>nem aperto de m\u00e3o<\/strong>.<\/p>\n<h2>Atente sempre para sua higiene<\/h2>\n<p>Sempre que chegar em casa lave as m\u00e3os e coloque tamb\u00e9m para lavar as roupas que estava usando enquanto estava fora de casa, e enquanto estiver fora de casa <strong>n\u00e3o esque\u00e7a da m\u00e1scara<\/strong> e de n\u00e3o tocar no seu rosto.<\/p>\n<h2>Sem compartilhar nada<\/h2>\n<p>N\u00e3o se esque\u00e7a tamb\u00e9m que <strong>voc\u00ea n\u00e3o pode compartilhar nada com ningu\u00e9m<\/strong>, desde toalhas at\u00e9 copos, tenha cada um suas coisas.<\/p>\n<h2>Saia de casa somente se for muito necess\u00e1rio<\/h2>\n<p><strong>Evite ao m\u00e1ximo sair de casa<\/strong>, saia somente em situa\u00e7\u00f5es muito necess\u00e1rias como idas r\u00e1pidas ao mercado e farm\u00e1cias. E nunca se esque\u00e7a da sua m\u00e1scara!<\/p>\n<p><strong>\u00a0Com medidas simples e com a uni\u00e3o de todo mundo n\u00f3s vamos sair dessa! Fa\u00e7a a sua parte!\u00a0<\/strong><\/p>\n","protected":false},"excerpt":{"rendered":"<p>Nesse momento, com o advento do covid-19 sabemos que todo cuidado \u00e9 pouco. Voc\u00ea reside em moradia compartilhada e est\u00e1 apreensivo em rela\u00e7\u00e3o a toda essa situa\u00e7\u00e3o? Fique calmo! Preparamos algumas dicas super importantes pra voc\u00ea passar por essa fase que requer todo nosso cuidado. Sem cumprimentos Todo mundo j\u00e1 est\u00e1 cansado de saber disso<\/p>\n","protected":false},"author":3,"featured_media":520,"comment_status":"open","ping_status":"open","sticky":false,"template":"","format":"standard","meta":{"_monsterinsights_skip_tracking":false,"_monsterinsights_sitenote_active":false,"_monsterinsights_sitenote_note":"","_monsterinsights_sitenote_category":0},"categories":[173,172,41],"tags":[174],"yoast_head":"<!-- This site is optimized with the Yoast SEO plugin v19.1 - https:\/\/yoast.com\/wordpress\/plugins\/seo\/ -->\n<title>Moradia compartilhada e covid-19 - WebQuarto<\/title>\n<meta name=\"description\" content=\"Nesse momento, com o advento do covid-19 sabemos que todo cuidado \u00e9 pouco. Confiras algumas dicas para voc\u00ea que reside em moradia compartilhada!\" \/>\n<meta name=\"robots\" content=\"index, follow, max-snippet:-1, max-image-preview:large, max-video-preview:-1\" \/>\n<link rel=\"canonical\" href=\"https:\/\/www.webquarto.com.br\/blog\/2020\/moradia-compartilhada-e-corona-virus\/\" \/>\n<meta property=\"og:locale\" content=\"pt_BR\" \/>\n<meta property=\"og:type\" content=\"article\" \/>\n<meta property=\"og:title\" content=\"Moradia compartilhada e covid-19 - WebQuarto\" \/>\n<meta property=\"og:description\" content=\"Nesse momento, com o advento do covid-19 sabemos que todo cuidado \u00e9 pouco. Confiras algumas dicas para voc\u00ea que reside em moradia compartilhada!\" \/>\n<meta property=\"og:url\" content=\"https:\/\/www.webquarto.com.br\/blog\/2020\/moradia-compartilhada-e-corona-virus\/\" \/>\n<meta property=\"og:site_name\" content=\"WebQuarto\" \/>\n<meta property=\"article:published_time\" content=\"2020-05-12T19:00:35+00:00\" \/>\n<meta property=\"article:modified_time\" content=\"2021-03-04T18:50:14+00:00\" \/>\n<meta property=\"og:image\" content=\"https:\/\/www.webquarto.com.br\/blog\/wp-content\/uploads\/2020\/05\/Moradia-compartilhada-e-corona-v\u00edrus.jpg\" \/>\n\t<meta property=\"og:image:width\" content=\"512\" \/>\n\t<meta property=\"og:image:height\" content=\"318\" \/>\n\t<meta property=\"og:image:type\" content=\"image\/jpeg\" \/>\n<meta name=\"twitter:label1\" content=\"Escrito por\" \/>\n\t<meta name=\"twitter:data1\" content=\"Jo\u00e3o Brondi\" \/>\n\t<meta name=\"twitter:label2\" content=\"Est. tempo de leitura\" \/>\n\t<meta name=\"twitter:data2\" content=\"1 minuto\" \/>\n<script type=\"application\/ld+json\" class=\"yoast-schema-graph\">{\"@context\":\"https:\/\/schema.org\",\"@graph\":[{\"@type\":\"WebSite\",\"@id\":\"https:\/\/www.webquarto.com.br\/blog\/#website\",\"url\":\"https:\/\/www.webquarto.com.br\/blog\/\",\"name\":\"WebQuarto\",\"description\":\"Encontre quartos e apartamentos para dividir em todo o Brasil!\",\"potentialAction\":[{\"@type\":\"SearchAction\",\"target\":{\"@type\":\"EntryPoint\",\"urlTemplate\":\"https:\/\/www.webquarto.com.br\/blog\/?s={search_term_string}\"},\"query-input\":\"required name=search_term_string\"}],\"inLanguage\":\"pt-BR\"},{\"@type\":\"ImageObject\",\"inLanguage\":\"pt-BR\",\"@id\":\"https:\/\/www.webquarto.com.br\/blog\/2020\/moradia-compartilhada-e-corona-virus\/#primaryimage\",\"url\":\"https:\/\/www.webquarto.com.br\/blog\/wp-content\/uploads\/2020\/05\/Moradia-compartilhada-e-corona-v\u00edrus.jpg\",\"contentUrl\":\"https:\/\/www.webquarto.com.br\/blog\/wp-content\/uploads\/2020\/05\/Moradia-compartilhada-e-corona-v\u00edrus.jpg\",\"width\":512,\"height\":318},{\"@type\":\"WebPage\",\"@id\":\"https:\/\/www.webquarto.com.br\/blog\/2020\/moradia-compartilhada-e-corona-virus\/#webpage\",\"url\":\"https:\/\/www.webquarto.com.br\/blog\/2020\/moradia-compartilhada-e-corona-virus\/\",\"name\":\"Moradia compartilhada e covid-19 - WebQuarto\",\"isPartOf\":{\"@id\":\"https:\/\/www.webquarto.com.br\/blog\/#website\"},\"primaryImageOfPage\":{\"@id\":\"https:\/\/www.webquarto.com.br\/blog\/2020\/moradia-compartilhada-e-corona-virus\/#primaryimage\"},\"datePublished\":\"2020-05-12T19:00:35+00:00\",\"dateModified\":\"2021-03-04T18:50:14+00:00\",\"author\":{\"@id\":\"https:\/\/www.webquarto.com.br\/blog\/#\/schema\/person\/0f558b35d8e97b36d0172434cc91608f\"},\"description\":\"Nesse momento, com o advento do covid-19 sabemos que todo cuidado \u00e9 pouco. Confiras algumas dicas para voc\u00ea que reside em moradia compartilhada!\",\"breadcrumb\":{\"@id\":\"https:\/\/www.webquarto.com.br\/blog\/2020\/moradia-compartilhada-e-corona-virus\/#breadcrumb\"},\"inLanguage\":\"pt-BR\",\"potentialAction\":[{\"@type\":\"ReadAction\",\"target\":[\"https:\/\/www.webquarto.com.br\/blog\/2020\/moradia-compartilhada-e-corona-virus\/\"]}]},{\"@type\":\"BreadcrumbList\",\"@id\":\"https:\/\/www.webquarto.com.br\/blog\/2020\/moradia-compartilhada-e-corona-virus\/#breadcrumb\",\"itemListElement\":[{\"@type\":\"ListItem\",\"position\":1,\"name\":\"In\u00edcio\",\"item\":\"https:\/\/www.webquarto.com.br\/blog\/\"},{\"@type\":\"ListItem\",\"position\":2,\"name\":\"Moradia compartilhada e covid-19\"}]},{\"@type\":\"Person\",\"@id\":\"https:\/\/www.webquarto.com.br\/blog\/#\/schema\/person\/0f558b35d8e97b36d0172434cc91608f\",\"name\":\"Jo\u00e3o Brondi\",\"image\":{\"@type\":\"ImageObject\",\"inLanguage\":\"pt-BR\",\"@id\":\"https:\/\/www.webquarto.com.br\/blog\/#\/schema\/person\/image\/\",\"url\":\"https:\/\/secure.gravatar.com\/avatar\/1d30fb36d3734474e638bc2902ea7ffa?s=96&d=mm&r=g\",\"contentUrl\":\"https:\/\/secure.gravatar.com\/avatar\/1d30fb36d3734474e638bc2902ea7ffa?s=96&d=mm&r=g\",\"caption\":\"Jo\u00e3o Brondi\"},\"url\":\"https:\/\/www.webquarto.com.br\/blog\/author\/joao-pedro\/\"}]}<\/script>\n<!-- \/ Yoast SEO plugin. -->","yoast_head_json":{"title":"Moradia compartilhada e covid-19 - WebQuarto","description":"Nesse momento, com o advento do covid-19 sabemos que todo cuidado \u00e9 pouco. Confiras algumas dicas para voc\u00ea que reside em moradia compartilhada!","robots":{"index":"index","follow":"follow","max-snippet":"max-snippet:-1","max-image-preview":"max-image-preview:large","max-video-preview":"max-video-preview:-1"},"canonical":"https:\/\/www.webquarto.com.br\/blog\/2020\/moradia-compartilhada-e-corona-virus\/","og_locale":"pt_BR","og_type":"article","og_title":"Moradia compartilhada e covid-19 - WebQuarto","og_description":"Nesse momento, com o advento do covid-19 sabemos que todo cuidado \u00e9 pouco. Confiras algumas dicas para voc\u00ea que reside em moradia compartilhada!","og_url":"https:\/\/www.webquarto.com.br\/blog\/2020\/moradia-compartilhada-e-corona-virus\/","og_site_name":"WebQuarto","article_published_time":"2020-05-12T19:00:35+00:00","article_modified_time":"2021-03-04T18:50:14+00:00","og_image":[{"width":512,"height":318,"url":"https:\/\/www.webquarto.com.br\/blog\/wp-content\/uploads\/2020\/05\/Moradia-compartilhada-e-corona-v\u00edrus.jpg","type":"image\/jpeg"}],"twitter_misc":{"Escrito por":"Jo\u00e3o Brondi","Est. tempo de leitura":"1 minuto"},"schema":{"@context":"https:\/\/schema.org","@graph":[{"@type":"WebSite","@id":"https:\/\/www.webquarto.com.br\/blog\/#website","url":"https:\/\/www.webquarto.com.br\/blog\/","name":"WebQuarto","description":"Encontre quartos e apartamentos para dividir em todo o Brasil!","potentialAction":[{"@type":"SearchAction","target":{"@type":"EntryPoint","urlTemplate":"https:\/\/www.webquarto.com.br\/blog\/?s={search_term_string}"},"query-input":"required name=search_term_string"}],"inLanguage":"pt-BR"},{"@type":"ImageObject","inLanguage":"pt-BR","@id":"https:\/\/www.webquarto.com.br\/blog\/2020\/moradia-compartilhada-e-corona-virus\/#primaryimage","url":"https:\/\/www.webquarto.com.br\/blog\/wp-content\/uploads\/2020\/05\/Moradia-compartilhada-e-corona-v\u00edrus.jpg","contentUrl":"https:\/\/www.webquarto.com.br\/blog\/wp-content\/uploads\/2020\/05\/Moradia-compartilhada-e-corona-v\u00edrus.jpg","width":512,"height":318},{"@type":"WebPage","@id":"https:\/\/www.webquarto.com.br\/blog\/2020\/moradia-compartilhada-e-corona-virus\/#webpage","url":"https:\/\/www.webquarto.com.br\/blog\/2020\/moradia-compartilhada-e-corona-virus\/","name":"Moradia compartilhada e covid-19 - WebQuarto","isPartOf":{"@id":"https:\/\/www.webquarto.com.br\/blog\/#website"},"primaryImageOfPage":{"@id":"https:\/\/www.webquarto.com.br\/blog\/2020\/moradia-compartilhada-e-corona-virus\/#primaryimage"},"datePublished":"2020-05-12T19:00:35+00:00","dateModified":"2021-03-04T18:50:14+00:00","author":{"@id":"https:\/\/www.webquarto.com.br\/blog\/#\/schema\/person\/0f558b35d8e97b36d0172434cc91608f"},"description":"Nesse momento, com o advento do covid-19 sabemos que todo cuidado \u00e9 pouco. Confiras algumas dicas para voc\u00ea que reside em moradia compartilhada!","breadcrumb":{"@id":"https:\/\/www.webquarto.com.br\/blog\/2020\/moradia-compartilhada-e-corona-virus\/#breadcrumb"},"inLanguage":"pt-BR","potentialAction":[{"@type":"ReadAction","target":["https:\/\/www.webquarto.com.br\/blog\/2020\/moradia-compartilhada-e-corona-virus\/"]}]},{"@type":"BreadcrumbList","@id":"https:\/\/www.webquarto.com.br\/blog\/2020\/moradia-compartilhada-e-corona-virus\/#breadcrumb","itemListElement":[{"@type":"ListItem","position":1,"name":"In\u00edcio","item":"https:\/\/www.webquarto.com.br\/blog\/"},{"@type":"ListItem","position":2,"name":"Moradia compartilhada e covid-19"}]},{"@type":"Person","@id":"https:\/\/www.webquarto.com.br\/blog\/#\/schema\/person\/0f558b35d8e97b36d0172434cc91608f","name":"Jo\u00e3o Brondi","image":{"@type":"ImageObject","inLanguage":"pt-BR","@id":"https:\/\/www.webquarto.com.br\/blog\/#\/schema\/person\/image\/","url":"https:\/\/secure.gravatar.com\/avatar\/1d30fb36d3734474e638bc2902ea7ffa?s=96&d=mm&r=g","contentUrl":"https:\/\/secure.gravatar.com\/avatar\/1d30fb36d3734474e638bc2902ea7ffa?s=96&d=mm&r=g","caption":"Jo\u00e3o Brondi"},"url":"https:\/\/www.webquarto.com.br\/blog\/author\/joao-pedro\/"}]}},"_links":{"self":[{"href":"https:\/\/www.webquarto.com.br\/blog\/wp-json\/wp\/v2\/posts\/519"}],"collection":[{"href":"https:\/\/www.webquarto.com.br\/blog\/wp-json\/wp\/v2\/posts"}],"about":[{"href":"https:\/\/www.webquarto.com.br\/blog\/wp-json\/wp\/v2\/types\/post"}],"author":[{"embeddable":true,"href":"https:\/\/www.webquarto.com.br\/blog\/wp-json\/wp\/v2\/users\/3"}],"replies":[{"embeddable":true,"href":"https:\/\/www.webquarto.com.br\/blog\/wp-json\/wp\/v2\/comments?post=519"}],"version-history":[{"count":4,"href":"https:\/\/www.webquarto.com.br\/blog\/wp-json\/wp\/v2\/posts\/519\/revisions"}],"predecessor-version":[{"id":946,"href":"https:\/\/www.webquarto.com.br\/blog\/wp-json\/wp\/v2\/posts\/519\/revisions\/946"}],"wp:featuredmedia":[{"embeddable":true,"href":"https:\/\/www.webquarto.com.br\/blog\/wp-json\/wp\/v2\/media\/520"}],"wp:attachment":[{"href":"https:\/\/www.webquarto.com.br\/blog\/wp-json\/wp\/v2\/media?parent=519"}],"wp:term":[{"taxonomy":"category","embeddable":true,"href":"https:\/\/www.webquarto.com.br\/blog\/wp-json\/wp\/v2\/categories?post=519"},{"taxonomy":"post_tag","embeddable":true,"href":"https:\/\/www.webquarto.com.br\/blog\/wp-json\/wp\/v2\/tags?post=519"}],"curies":[{"name":"wp","href":"https:\/\/api.w.org\/{rel}","templated":true}]}}