{"id":781,"date":"2020-12-08T14:17:36","date_gmt":"2020-12-08T14:17:36","guid":{"rendered":"http:\/\/www.webquarto.com.br\/blog\/?p=781"},"modified":"2021-02-08T21:07:32","modified_gmt":"2021-02-08T21:07:32","slug":"como-deixar-o-quarto-mais-fresco-no-verao","status":"publish","type":"post","link":"https:\/\/www.webquarto.com.br\/blog\/2020\/como-deixar-o-quarto-mais-fresco-no-verao\/","title":{"rendered":"Como deixar o quarto mais fresco no ver\u00e3o"},"content":{"rendered":"<p>Aqui no Brasil a gente lida basicamente com duas esta\u00e7\u00f5es: a quente e a extremamente quente! Pensando nisso fizemos esse post com dicas de como deixar o <strong>quarto<\/strong> mais fresco no ver\u00e3o!<\/p>\n<h2>Opte por len\u00e7\u00f3is de algod\u00e3o<\/h2>\n<p>Cetim ou seda podem at\u00e9 dar aquela impress\u00e3o de que s\u00e3o mais fresquinhos, mas isso s\u00f3 funciona nos dias frios. Isso porque esses tecidos s\u00e3o os famosos \u201cesfria no inverno e esquenta no ver\u00e3o\u201d.\u00a0<span style=\"font-size: 19px;\">J\u00e1 o algod\u00e3o permite a ventila\u00e7\u00e3o do seu corpo na cama, absorvendo a suadeira da madrugada. Ent\u00e3o agora j\u00e1 sabe por qual len\u00e7ol optar \ud83d\ude42\u00a0<\/span><\/p>\n<h2>Use bolsas de \u00e1gua quente com \u00e1gua gelada<\/h2>\n<p>Sabe aquela bolsa de \u00e1gua quente? Pois \u00e9. Para ela virar uma bolsa de \u00e1gua fria, basta coloc\u00e1-la no congelador. A\u00ed, \u00e9 s\u00f3 lev\u00e1-la pra cama e dormir fresquinho.<\/p>\n<h2>Use e abuse do bom e velho ventilador<\/h2>\n<p>\u00c9 claro que ele n\u00e3o poderia ficar de fora dessa lista n\u00e3o \u00e9 mesmo?<\/p>\n<p><span style=\"color: #111111; font-family: Roboto, Arial, sans-serif; font-size: 1.6315em; font-weight: bold;\">Tome um banho gelado um pouco antes de dormir\u00a0<\/span><\/p>\n<p><span style=\"font-size: 19px;\">Nada melhor que um banho bem geladinho pra refrescar antes de dormir, ele vai te ajudar a pegar no sono com mais facilidade.<br \/>\n<\/span><\/p>\n<p><span style=\"color: #111111; font-family: Roboto, Arial, sans-serif; font-size: 1.6315em; font-weight: bold;\">Coloque o colch\u00e3o no ch\u00e3o\u00a0<\/span><\/p>\n<p>Lembra das aulas de qu\u00edmica, quando voc\u00ea aprendeu que o ar frio desce e o ar frio sobe? Ou seja, quanto mais no alto, mais quente, coloque seu colch\u00e3o no ch\u00e3o para aproveitar melhor a noite.<\/p>\n<h2>N\u00e3o esque\u00e7a das plantinhas<\/h2>\n<p>Al\u00e9m de decorativas, tamb\u00e9m existemplantas que refrescam o ambiente e purificam o ar. Opte por \u00a0palmeiras, samambaias, dracena de madagascar, entre outras. Al\u00e9m de ter uma linda decora\u00e7\u00e3o voc\u00ea ter\u00e1 um lugar fresquinho e com ar puro.<\/p>\n<p>Esperamos ter ajudado com as dicas para o seu ver\u00e3o \ud83d\ude42<\/p>\n<p>&nbsp;<\/p>\n<p><strong><a href=\"https:\/\/www.webquarto.com.br\/\" target=\"_blank\" rel=\"noopener noreferrer\">Encontre seu quarto para alugar na WebQuarto!<\/a><\/strong><\/p>\n","protected":false},"excerpt":{"rendered":"<p>Aqui no Brasil a gente lida basicamente com duas esta\u00e7\u00f5es: a quente e a extremamente quente! Pensando nisso fizemos esse post com dicas de como deixar o quarto mais fresco no ver\u00e3o! Opte por len\u00e7\u00f3is de algod\u00e3o Cetim ou seda podem at\u00e9 dar aquela impress\u00e3o de que s\u00e3o mais fresquinhos, mas isso s\u00f3 funciona nos<\/p>\n","protected":false},"author":3,"featured_media":783,"comment_status":"open","ping_status":"open","sticky":false,"template":"","format":"standard","meta":{"_monsterinsights_skip_tracking":false,"_monsterinsights_sitenote_active":false,"_monsterinsights_sitenote_note":"","_monsterinsights_sitenote_category":0},"categories":[234,232,233,231],"tags":[235],"yoast_head":"<!-- This site is optimized with the Yoast SEO plugin v19.1 - https:\/\/yoast.com\/wordpress\/plugins\/seo\/ -->\n<title>Como deixar o quarto mais fresco no ver\u00e3o - WebQuarto<\/title>\n<meta name=\"description\" content=\"Aqui no Brasil a gente lida basicamente com duas esta\u00e7\u00f5es: a quente e a extremamente quente! confira dicas para deixar o ambiente mais fresquinho.\" \/>\n<meta name=\"robots\" content=\"index, follow, max-snippet:-1, max-image-preview:large, max-video-preview:-1\" \/>\n<link rel=\"canonical\" href=\"https:\/\/www.webquarto.com.br\/blog\/2020\/como-deixar-o-quarto-mais-fresco-no-verao\/\" \/>\n<meta property=\"og:locale\" content=\"pt_BR\" \/>\n<meta property=\"og:type\" content=\"article\" \/>\n<meta property=\"og:title\" content=\"Como deixar o quarto mais fresco no ver\u00e3o - WebQuarto\" \/>\n<meta property=\"og:description\" content=\"Aqui no Brasil a gente lida basicamente com duas esta\u00e7\u00f5es: a quente e a extremamente quente! confira dicas para deixar o ambiente mais fresquinho.\" \/>\n<meta property=\"og:url\" content=\"https:\/\/www.webquarto.com.br\/blog\/2020\/como-deixar-o-quarto-mais-fresco-no-verao\/\" \/>\n<meta property=\"og:site_name\" content=\"WebQuarto\" \/>\n<meta property=\"article:published_time\" content=\"2020-12-08T14:17:36+00:00\" \/>\n<meta property=\"article:modified_time\" content=\"2021-02-08T21:07:32+00:00\" \/>\n<meta property=\"og:image\" content=\"https:\/\/www.webquarto.com.br\/blog\/wp-content\/uploads\/2020\/12\/713DEBE8-A31F-4BAD-B30F-588A21FD883C.jpeg\" \/>\n\t<meta property=\"og:image:width\" content=\"750\" \/>\n\t<meta property=\"og:image:height\" content=\"1125\" \/>\n\t<meta property=\"og:image:type\" content=\"image\/jpeg\" \/>\n<meta name=\"twitter:label1\" content=\"Escrito por\" \/>\n\t<meta name=\"twitter:data1\" content=\"Jo\u00e3o Brondi\" \/>\n\t<meta name=\"twitter:label2\" content=\"Est. tempo de leitura\" \/>\n\t<meta name=\"twitter:data2\" content=\"2 minutos\" \/>\n<script type=\"application\/ld+json\" class=\"yoast-schema-graph\">{\"@context\":\"https:\/\/schema.org\",\"@graph\":[{\"@type\":\"WebSite\",\"@id\":\"https:\/\/www.webquarto.com.br\/blog\/#website\",\"url\":\"https:\/\/www.webquarto.com.br\/blog\/\",\"name\":\"WebQuarto\",\"description\":\"Encontre quartos e apartamentos para dividir em todo o Brasil!\",\"potentialAction\":[{\"@type\":\"SearchAction\",\"target\":{\"@type\":\"EntryPoint\",\"urlTemplate\":\"https:\/\/www.webquarto.com.br\/blog\/?s={search_term_string}\"},\"query-input\":\"required name=search_term_string\"}],\"inLanguage\":\"pt-BR\"},{\"@type\":\"ImageObject\",\"inLanguage\":\"pt-BR\",\"@id\":\"https:\/\/www.webquarto.com.br\/blog\/2020\/como-deixar-o-quarto-mais-fresco-no-verao\/#primaryimage\",\"url\":\"https:\/\/www.webquarto.com.br\/blog\/wp-content\/uploads\/2020\/12\/713DEBE8-A31F-4BAD-B30F-588A21FD883C.jpeg\",\"contentUrl\":\"https:\/\/www.webquarto.com.br\/blog\/wp-content\/uploads\/2020\/12\/713DEBE8-A31F-4BAD-B30F-588A21FD883C.jpeg\",\"width\":750,\"height\":1125},{\"@type\":\"WebPage\",\"@id\":\"https:\/\/www.webquarto.com.br\/blog\/2020\/como-deixar-o-quarto-mais-fresco-no-verao\/#webpage\",\"url\":\"https:\/\/www.webquarto.com.br\/blog\/2020\/como-deixar-o-quarto-mais-fresco-no-verao\/\",\"name\":\"Como deixar o quarto mais fresco no ver\u00e3o - WebQuarto\",\"isPartOf\":{\"@id\":\"https:\/\/www.webquarto.com.br\/blog\/#website\"},\"primaryImageOfPage\":{\"@id\":\"https:\/\/www.webquarto.com.br\/blog\/2020\/como-deixar-o-quarto-mais-fresco-no-verao\/#primaryimage\"},\"datePublished\":\"2020-12-08T14:17:36+00:00\",\"dateModified\":\"2021-02-08T21:07:32+00:00\",\"author\":{\"@id\":\"https:\/\/www.webquarto.com.br\/blog\/#\/schema\/person\/0f558b35d8e97b36d0172434cc91608f\"},\"description\":\"Aqui no Brasil a gente lida basicamente com duas esta\u00e7\u00f5es: a quente e a extremamente quente! confira dicas para deixar o ambiente mais fresquinho.\",\"breadcrumb\":{\"@id\":\"https:\/\/www.webquarto.com.br\/blog\/2020\/como-deixar-o-quarto-mais-fresco-no-verao\/#breadcrumb\"},\"inLanguage\":\"pt-BR\",\"potentialAction\":[{\"@type\":\"ReadAction\",\"target\":[\"https:\/\/www.webquarto.com.br\/blog\/2020\/como-deixar-o-quarto-mais-fresco-no-verao\/\"]}]},{\"@type\":\"BreadcrumbList\",\"@id\":\"https:\/\/www.webquarto.com.br\/blog\/2020\/como-deixar-o-quarto-mais-fresco-no-verao\/#breadcrumb\",\"itemListElement\":[{\"@type\":\"ListItem\",\"position\":1,\"name\":\"In\u00edcio\",\"item\":\"https:\/\/www.webquarto.com.br\/blog\/\"},{\"@type\":\"ListItem\",\"position\":2,\"name\":\"Como deixar o quarto mais fresco no ver\u00e3o\"}]},{\"@type\":\"Person\",\"@id\":\"https:\/\/www.webquarto.com.br\/blog\/#\/schema\/person\/0f558b35d8e97b36d0172434cc91608f\",\"name\":\"Jo\u00e3o Brondi\",\"image\":{\"@type\":\"ImageObject\",\"inLanguage\":\"pt-BR\",\"@id\":\"https:\/\/www.webquarto.com.br\/blog\/#\/schema\/person\/image\/\",\"url\":\"https:\/\/secure.gravatar.com\/avatar\/1d30fb36d3734474e638bc2902ea7ffa?s=96&d=mm&r=g\",\"contentUrl\":\"https:\/\/secure.gravatar.com\/avatar\/1d30fb36d3734474e638bc2902ea7ffa?s=96&d=mm&r=g\",\"caption\":\"Jo\u00e3o Brondi\"},\"url\":\"https:\/\/www.webquarto.com.br\/blog\/author\/joao-pedro\/\"}]}<\/script>\n<!-- \/ Yoast SEO plugin. -->","yoast_head_json":{"title":"Como deixar o quarto mais fresco no ver\u00e3o - WebQuarto","description":"Aqui no Brasil a gente lida basicamente com duas esta\u00e7\u00f5es: a quente e a extremamente quente! confira dicas para deixar o ambiente mais fresquinho.","robots":{"index":"index","follow":"follow","max-snippet":"max-snippet:-1","max-image-preview":"max-image-preview:large","max-video-preview":"max-video-preview:-1"},"canonical":"https:\/\/www.webquarto.com.br\/blog\/2020\/como-deixar-o-quarto-mais-fresco-no-verao\/","og_locale":"pt_BR","og_type":"article","og_title":"Como deixar o quarto mais fresco no ver\u00e3o - WebQuarto","og_description":"Aqui no Brasil a gente lida basicamente com duas esta\u00e7\u00f5es: a quente e a extremamente quente! confira dicas para deixar o ambiente mais fresquinho.","og_url":"https:\/\/www.webquarto.com.br\/blog\/2020\/como-deixar-o-quarto-mais-fresco-no-verao\/","og_site_name":"WebQuarto","article_published_time":"2020-12-08T14:17:36+00:00","article_modified_time":"2021-02-08T21:07:32+00:00","og_image":[{"width":750,"height":1125,"url":"https:\/\/www.webquarto.com.br\/blog\/wp-content\/uploads\/2020\/12\/713DEBE8-A31F-4BAD-B30F-588A21FD883C.jpeg","type":"image\/jpeg"}],"twitter_misc":{"Escrito por":"Jo\u00e3o Brondi","Est. tempo de leitura":"2 minutos"},"schema":{"@context":"https:\/\/schema.org","@graph":[{"@type":"WebSite","@id":"https:\/\/www.webquarto.com.br\/blog\/#website","url":"https:\/\/www.webquarto.com.br\/blog\/","name":"WebQuarto","description":"Encontre quartos e apartamentos para dividir em todo o Brasil!","potentialAction":[{"@type":"SearchAction","target":{"@type":"EntryPoint","urlTemplate":"https:\/\/www.webquarto.com.br\/blog\/?s={search_term_string}"},"query-input":"required name=search_term_string"}],"inLanguage":"pt-BR"},{"@type":"ImageObject","inLanguage":"pt-BR","@id":"https:\/\/www.webquarto.com.br\/blog\/2020\/como-deixar-o-quarto-mais-fresco-no-verao\/#primaryimage","url":"https:\/\/www.webquarto.com.br\/blog\/wp-content\/uploads\/2020\/12\/713DEBE8-A31F-4BAD-B30F-588A21FD883C.jpeg","contentUrl":"https:\/\/www.webquarto.com.br\/blog\/wp-content\/uploads\/2020\/12\/713DEBE8-A31F-4BAD-B30F-588A21FD883C.jpeg","width":750,"height":1125},{"@type":"WebPage","@id":"https:\/\/www.webquarto.com.br\/blog\/2020\/como-deixar-o-quarto-mais-fresco-no-verao\/#webpage","url":"https:\/\/www.webquarto.com.br\/blog\/2020\/como-deixar-o-quarto-mais-fresco-no-verao\/","name":"Como deixar o quarto mais fresco no ver\u00e3o - WebQuarto","isPartOf":{"@id":"https:\/\/www.webquarto.com.br\/blog\/#website"},"primaryImageOfPage":{"@id":"https:\/\/www.webquarto.com.br\/blog\/2020\/como-deixar-o-quarto-mais-fresco-no-verao\/#primaryimage"},"datePublished":"2020-12-08T14:17:36+00:00","dateModified":"2021-02-08T21:07:32+00:00","author":{"@id":"https:\/\/www.webquarto.com.br\/blog\/#\/schema\/person\/0f558b35d8e97b36d0172434cc91608f"},"description":"Aqui no Brasil a gente lida basicamente com duas esta\u00e7\u00f5es: a quente e a extremamente quente! confira dicas para deixar o ambiente mais fresquinho.","breadcrumb":{"@id":"https:\/\/www.webquarto.com.br\/blog\/2020\/como-deixar-o-quarto-mais-fresco-no-verao\/#breadcrumb"},"inLanguage":"pt-BR","potentialAction":[{"@type":"ReadAction","target":["https:\/\/www.webquarto.com.br\/blog\/2020\/como-deixar-o-quarto-mais-fresco-no-verao\/"]}]},{"@type":"BreadcrumbList","@id":"https:\/\/www.webquarto.com.br\/blog\/2020\/como-deixar-o-quarto-mais-fresco-no-verao\/#breadcrumb","itemListElement":[{"@type":"ListItem","position":1,"name":"In\u00edcio","item":"https:\/\/www.webquarto.com.br\/blog\/"},{"@type":"ListItem","position":2,"name":"Como deixar o quarto mais fresco no ver\u00e3o"}]},{"@type":"Person","@id":"https:\/\/www.webquarto.com.br\/blog\/#\/schema\/person\/0f558b35d8e97b36d0172434cc91608f","name":"Jo\u00e3o Brondi","image":{"@type":"ImageObject","inLanguage":"pt-BR","@id":"https:\/\/www.webquarto.com.br\/blog\/#\/schema\/person\/image\/","url":"https:\/\/secure.gravatar.com\/avatar\/1d30fb36d3734474e638bc2902ea7ffa?s=96&d=mm&r=g","contentUrl":"https:\/\/secure.gravatar.com\/avatar\/1d30fb36d3734474e638bc2902ea7ffa?s=96&d=mm&r=g","caption":"Jo\u00e3o Brondi"},"url":"https:\/\/www.webquarto.com.br\/blog\/author\/joao-pedro\/"}]}},"_links":{"self":[{"href":"https:\/\/www.webquarto.com.br\/blog\/wp-json\/wp\/v2\/posts\/781"}],"collection":[{"href":"https:\/\/www.webquarto.com.br\/blog\/wp-json\/wp\/v2\/posts"}],"about":[{"href":"https:\/\/www.webquarto.com.br\/blog\/wp-json\/wp\/v2\/types\/post"}],"author":[{"embeddable":true,"href":"https:\/\/www.webquarto.com.br\/blog\/wp-json\/wp\/v2\/users\/3"}],"replies":[{"embeddable":true,"href":"https:\/\/www.webquarto.com.br\/blog\/wp-json\/wp\/v2\/comments?post=781"}],"version-history":[{"count":4,"href":"https:\/\/www.webquarto.com.br\/blog\/wp-json\/wp\/v2\/posts\/781\/revisions"}],"predecessor-version":[{"id":882,"href":"https:\/\/www.webquarto.com.br\/blog\/wp-json\/wp\/v2\/posts\/781\/revisions\/882"}],"wp:featuredmedia":[{"embeddable":true,"href":"https:\/\/www.webquarto.com.br\/blog\/wp-json\/wp\/v2\/media\/783"}],"wp:attachment":[{"href":"https:\/\/www.webquarto.com.br\/blog\/wp-json\/wp\/v2\/media?parent=781"}],"wp:term":[{"taxonomy":"category","embeddable":true,"href":"https:\/\/www.webquarto.com.br\/blog\/wp-json\/wp\/v2\/categories?post=781"},{"taxonomy":"post_tag","embeddable":true,"href":"https:\/\/www.webquarto.com.br\/blog\/wp-json\/wp\/v2\/tags?post=781"}],"curies":[{"name":"wp","href":"https:\/\/api.w.org\/{rel}","templated":true}]}}