{"id":862,"date":"2021-02-09T18:37:30","date_gmt":"2021-02-09T18:37:30","guid":{"rendered":"http:\/\/www.webquarto.com.br\/blog\/?p=862"},"modified":"2021-02-09T18:37:30","modified_gmt":"2021-02-09T18:37:30","slug":"praia-campo-ou-cidade-qual-seu-destino-ideal-nas-ferias","status":"publish","type":"post","link":"https:\/\/www.webquarto.com.br\/blog\/2021\/praia-campo-ou-cidade-qual-seu-destino-ideal-nas-ferias\/","title":{"rendered":"Praia, campo ou cidade? Qual seu destino ideal nas f\u00e9rias?"},"content":{"rendered":"<p>Praia campo ou cidade? Qual o seu destino ideal nas f\u00e9rias? Ambas as op\u00e7\u00f5es s\u00e3o dotadas de coisas divertidas e tendem a tornar suas f\u00e9rias mais agrad\u00e1veis e alegres, garantindo divers\u00e3o e bons momentos de descanso! Mas \u00e9 claro que tem aquela que se encaixa mais com o que voc\u00ea procura no momento, pensando nisso separamos nesse post uma lista de benef\u00edcios que cada destino tem a oferecer!<\/p>\n<p><span style=\"color: #111111; font-family: Roboto, Arial, sans-serif; font-size: 1.6315em; font-weight: bold;\">F\u00e9rias na praia<\/span><\/p>\n<p><a href=\"http:\/\/www.webquarto.com.br\/blog\/wp-content\/uploads\/2021\/02\/4B15386B-3CBB-4C3B-A903-1A2F1CF87B92.jpeg\"><img loading=\"lazy\" class=\"alignnone size-medium wp-image-891\" src=\"http:\/\/www.webquarto.com.br\/blog\/wp-content\/uploads\/2021\/02\/4B15386B-3CBB-4C3B-A903-1A2F1CF87B92-300x168.jpeg\" alt=\"\" width=\"300\" height=\"168\" srcset=\"https:\/\/www.webquarto.com.br\/blog\/wp-content\/uploads\/2021\/02\/4B15386B-3CBB-4C3B-A903-1A2F1CF87B92-300x168.jpeg 300w, https:\/\/www.webquarto.com.br\/blog\/wp-content\/uploads\/2021\/02\/4B15386B-3CBB-4C3B-A903-1A2F1CF87B92.jpeg 739w, https:\/\/www.webquarto.com.br\/blog\/wp-content\/uploads\/2021\/02\/4B15386B-3CBB-4C3B-A903-1A2F1CF87B92-300x168@2x.jpeg 600w\" sizes=\"(max-width: 300px) 100vw, 300px\" \/><\/a><\/p>\n<p><span style=\"font-size: 19px;\">Muitas pessoas escolhem quase que de primeira op\u00e7\u00e3o as praias e d\u00e1 pra entender perfeitamente o porqu\u00ea: a praia \u00e9 medicinal e deixa todo mundo mais descontra\u00eddo e relaxado. \u00c9 poss\u00edvel conciliar, na maior parte destes destinos, dias maravilhosos ao sol, brincadeira, desporto e passeios noturnos agrad\u00e1veis por avenidas bem preenchidas de com\u00e9rcio. E as praias s\u00e3o bacanas porque voc\u00ea pode escolher entre as mais badaladas ou aquelas mais desertas para relaxar e repor as energias, ou seja, as praias s\u00e3o perfeitas para todo mundo, para todos os estilos.<\/span><\/p>\n<p><span style=\"color: #111111; font-family: Roboto, Arial, sans-serif; font-size: 1.6315em; font-weight: bold;\">F\u00e9rias no campo\u00a0<\/span><\/p>\n<p><a href=\"http:\/\/www.webquarto.com.br\/blog\/wp-content\/uploads\/2021\/02\/45283973-28A3-43DF-9E7D-042DC17FBD8C.jpeg\"><img loading=\"lazy\" class=\"alignnone size-medium wp-image-886\" src=\"http:\/\/www.webquarto.com.br\/blog\/wp-content\/uploads\/2021\/02\/45283973-28A3-43DF-9E7D-042DC17FBD8C-200x300.jpeg\" alt=\"\" width=\"200\" height=\"300\" srcset=\"https:\/\/www.webquarto.com.br\/blog\/wp-content\/uploads\/2021\/02\/45283973-28A3-43DF-9E7D-042DC17FBD8C-200x300.jpeg 200w, https:\/\/www.webquarto.com.br\/blog\/wp-content\/uploads\/2021\/02\/45283973-28A3-43DF-9E7D-042DC17FBD8C.jpeg 564w, https:\/\/www.webquarto.com.br\/blog\/wp-content\/uploads\/2021\/02\/45283973-28A3-43DF-9E7D-042DC17FBD8C-200x300@2x.jpeg 400w\" sizes=\"(max-width: 200px) 100vw, 200px\" \/><\/a><\/p>\n<p>Tranquilidade, paz e qualidade de vida, esses s\u00e3o os sin\u00f4nimos de f\u00e9rias no campo. Mas n\u00e3o se engane achando que n\u00e3o vai ter o que fazer por l\u00e1, a muitas coisas legais para quem quer passar f\u00e9rias relaxantes e calmas no campo,\u00a0<span style=\"font-size: 19px;\">descubram como florescem as flores e crescem os legumes, acordem cedo para os mais bonitos nascer do sol e aproveitam o conforto solit\u00e1rio da natureza para refor\u00e7ar os la\u00e7os entre a fam\u00edlia.<br \/>\n<\/span><span style=\"color: #111111; font-family: Roboto, Arial, sans-serif; font-size: 1.6315em; font-weight: bold;\"><br \/>\nF\u00e9rias na cidade\u00a0<\/span><a href=\"http:\/\/www.webquarto.com.br\/blog\/wp-content\/uploads\/2021\/02\/DF7C7B8E-55F8-4DB3-ADD2-1B58843BFF00.jpeg\"><br \/>\n<\/a> <a href=\"http:\/\/www.webquarto.com.br\/blog\/wp-content\/uploads\/2021\/02\/446A64ED-A225-4B15-B29A-8CF7FFE57A98.jpeg\"><img loading=\"lazy\" class=\"alignnone size-medium wp-image-890\" src=\"http:\/\/www.webquarto.com.br\/blog\/wp-content\/uploads\/2021\/02\/446A64ED-A225-4B15-B29A-8CF7FFE57A98-225x300.jpeg\" alt=\"\" width=\"225\" height=\"300\" srcset=\"https:\/\/www.webquarto.com.br\/blog\/wp-content\/uploads\/2021\/02\/446A64ED-A225-4B15-B29A-8CF7FFE57A98-225x300.jpeg 225w, https:\/\/www.webquarto.com.br\/blog\/wp-content\/uploads\/2021\/02\/446A64ED-A225-4B15-B29A-8CF7FFE57A98.jpeg 749w, https:\/\/www.webquarto.com.br\/blog\/wp-content\/uploads\/2021\/02\/446A64ED-A225-4B15-B29A-8CF7FFE57A98-225x300@2x.jpeg 450w\" sizes=\"(max-width: 225px) 100vw, 225px\" \/><\/a><\/p>\n<p>Que tal conhecer uma cidade nova? Programe suas f\u00e9rias pra conhecer aquela cidade que voc\u00ea sempre quis e sempre adiou a viagem, procure sobre os principais pontos tur\u00edsticos, restaurantes e passeios culturais. Procure\u00a0tamb\u00e9m escolher uma cidade onde voc\u00ea se sinta seguro, mesmo n\u00e3o conhecendo a zona, e que pare\u00e7a limpa e bem cuidada. Por fim, n\u00e3o esque\u00e7a dos espa\u00e7os onde predomina a natureza, parques e jardins s\u00e3o fundamentais em qualquer cidade, porque permitem respirar e recarregar as energias.<\/p>\n<p><strong>Esperamos que voc\u00ea tenha curtindo as nossas dicas e aproveite muito suas f\u00e9rias, seja na praia, no campo ou na cidade!\u00a0<\/strong><\/p>\n","protected":false},"excerpt":{"rendered":"<p>Praia campo ou cidade? Qual o seu destino ideal nas f\u00e9rias? Ambas as op\u00e7\u00f5es s\u00e3o dotadas de coisas divertidas e tendem a tornar suas f\u00e9rias mais agrad\u00e1veis e alegres, garantindo divers\u00e3o e bons momentos de descanso! Mas \u00e9 claro que tem aquela que se encaixa mais com o que voc\u00ea procura no momento, pensando nisso<\/p>\n","protected":false},"author":3,"featured_media":889,"comment_status":"open","ping_status":"open","sticky":false,"template":"","format":"standard","meta":{"_monsterinsights_skip_tracking":false,"_monsterinsights_sitenote_active":false,"_monsterinsights_sitenote_note":"","_monsterinsights_sitenote_category":0},"categories":[290,291,293,294,292,289],"tags":[288,287],"yoast_head":"<!-- This site is optimized with the Yoast SEO plugin v19.1 - https:\/\/yoast.com\/wordpress\/plugins\/seo\/ -->\n<title>Praia, campo ou cidade? Qual seu destino ideal nas f\u00e9rias? - WebQuarto<\/title>\n<meta name=\"robots\" content=\"index, follow, max-snippet:-1, max-image-preview:large, max-video-preview:-1\" \/>\n<link rel=\"canonical\" href=\"https:\/\/www.webquarto.com.br\/blog\/2021\/praia-campo-ou-cidade-qual-seu-destino-ideal-nas-ferias\/\" \/>\n<meta property=\"og:locale\" content=\"pt_BR\" \/>\n<meta property=\"og:type\" content=\"article\" \/>\n<meta property=\"og:title\" content=\"Praia, campo ou cidade? Qual seu destino ideal nas f\u00e9rias? - WebQuarto\" \/>\n<meta property=\"og:description\" content=\"Praia campo ou cidade? Qual o seu destino ideal nas f\u00e9rias? Ambas as op\u00e7\u00f5es s\u00e3o dotadas de coisas divertidas e tendem a tornar suas f\u00e9rias mais agrad\u00e1veis e alegres, garantindo divers\u00e3o e bons momentos de descanso! Mas \u00e9 claro que tem aquela que se encaixa mais com o que voc\u00ea procura no momento, pensando nisso\" \/>\n<meta property=\"og:url\" content=\"https:\/\/www.webquarto.com.br\/blog\/2021\/praia-campo-ou-cidade-qual-seu-destino-ideal-nas-ferias\/\" \/>\n<meta property=\"og:site_name\" content=\"WebQuarto\" \/>\n<meta property=\"article:published_time\" content=\"2021-02-09T18:37:30+00:00\" \/>\n<meta property=\"og:image\" content=\"https:\/\/www.webquarto.com.br\/blog\/wp-content\/uploads\/2021\/02\/DF7C7B8E-55F8-4DB3-ADD2-1B58843BFF00.jpeg\" \/>\n\t<meta property=\"og:image:width\" content=\"630\" \/>\n\t<meta property=\"og:image:height\" content=\"947\" \/>\n\t<meta property=\"og:image:type\" content=\"image\/jpeg\" \/>\n<meta name=\"twitter:label1\" content=\"Escrito por\" \/>\n\t<meta name=\"twitter:data1\" content=\"Jo\u00e3o Brondi\" \/>\n\t<meta name=\"twitter:label2\" content=\"Est. tempo de leitura\" \/>\n\t<meta name=\"twitter:data2\" content=\"2 minutos\" \/>\n<script type=\"application\/ld+json\" class=\"yoast-schema-graph\">{\"@context\":\"https:\/\/schema.org\",\"@graph\":[{\"@type\":\"WebSite\",\"@id\":\"https:\/\/www.webquarto.com.br\/blog\/#website\",\"url\":\"https:\/\/www.webquarto.com.br\/blog\/\",\"name\":\"WebQuarto\",\"description\":\"Encontre quartos e apartamentos para dividir em todo o Brasil!\",\"potentialAction\":[{\"@type\":\"SearchAction\",\"target\":{\"@type\":\"EntryPoint\",\"urlTemplate\":\"https:\/\/www.webquarto.com.br\/blog\/?s={search_term_string}\"},\"query-input\":\"required name=search_term_string\"}],\"inLanguage\":\"pt-BR\"},{\"@type\":\"ImageObject\",\"inLanguage\":\"pt-BR\",\"@id\":\"https:\/\/www.webquarto.com.br\/blog\/2021\/praia-campo-ou-cidade-qual-seu-destino-ideal-nas-ferias\/#primaryimage\",\"url\":\"https:\/\/www.webquarto.com.br\/blog\/wp-content\/uploads\/2021\/02\/DF7C7B8E-55F8-4DB3-ADD2-1B58843BFF00.jpeg\",\"contentUrl\":\"https:\/\/www.webquarto.com.br\/blog\/wp-content\/uploads\/2021\/02\/DF7C7B8E-55F8-4DB3-ADD2-1B58843BFF00.jpeg\",\"width\":630,\"height\":947},{\"@type\":\"WebPage\",\"@id\":\"https:\/\/www.webquarto.com.br\/blog\/2021\/praia-campo-ou-cidade-qual-seu-destino-ideal-nas-ferias\/#webpage\",\"url\":\"https:\/\/www.webquarto.com.br\/blog\/2021\/praia-campo-ou-cidade-qual-seu-destino-ideal-nas-ferias\/\",\"name\":\"Praia, campo ou cidade? Qual seu destino ideal nas f\u00e9rias? - WebQuarto\",\"isPartOf\":{\"@id\":\"https:\/\/www.webquarto.com.br\/blog\/#website\"},\"primaryImageOfPage\":{\"@id\":\"https:\/\/www.webquarto.com.br\/blog\/2021\/praia-campo-ou-cidade-qual-seu-destino-ideal-nas-ferias\/#primaryimage\"},\"datePublished\":\"2021-02-09T18:37:30+00:00\",\"dateModified\":\"2021-02-09T18:37:30+00:00\",\"author\":{\"@id\":\"https:\/\/www.webquarto.com.br\/blog\/#\/schema\/person\/0f558b35d8e97b36d0172434cc91608f\"},\"breadcrumb\":{\"@id\":\"https:\/\/www.webquarto.com.br\/blog\/2021\/praia-campo-ou-cidade-qual-seu-destino-ideal-nas-ferias\/#breadcrumb\"},\"inLanguage\":\"pt-BR\",\"potentialAction\":[{\"@type\":\"ReadAction\",\"target\":[\"https:\/\/www.webquarto.com.br\/blog\/2021\/praia-campo-ou-cidade-qual-seu-destino-ideal-nas-ferias\/\"]}]},{\"@type\":\"BreadcrumbList\",\"@id\":\"https:\/\/www.webquarto.com.br\/blog\/2021\/praia-campo-ou-cidade-qual-seu-destino-ideal-nas-ferias\/#breadcrumb\",\"itemListElement\":[{\"@type\":\"ListItem\",\"position\":1,\"name\":\"In\u00edcio\",\"item\":\"https:\/\/www.webquarto.com.br\/blog\/\"},{\"@type\":\"ListItem\",\"position\":2,\"name\":\"Praia, campo ou cidade? Qual seu destino ideal nas f\u00e9rias?\"}]},{\"@type\":\"Person\",\"@id\":\"https:\/\/www.webquarto.com.br\/blog\/#\/schema\/person\/0f558b35d8e97b36d0172434cc91608f\",\"name\":\"Jo\u00e3o Brondi\",\"image\":{\"@type\":\"ImageObject\",\"inLanguage\":\"pt-BR\",\"@id\":\"https:\/\/www.webquarto.com.br\/blog\/#\/schema\/person\/image\/\",\"url\":\"https:\/\/secure.gravatar.com\/avatar\/1d30fb36d3734474e638bc2902ea7ffa?s=96&d=mm&r=g\",\"contentUrl\":\"https:\/\/secure.gravatar.com\/avatar\/1d30fb36d3734474e638bc2902ea7ffa?s=96&d=mm&r=g\",\"caption\":\"Jo\u00e3o Brondi\"},\"url\":\"https:\/\/www.webquarto.com.br\/blog\/author\/joao-pedro\/\"}]}<\/script>\n<!-- \/ Yoast SEO plugin. -->","yoast_head_json":{"title":"Praia, campo ou cidade? Qual seu destino ideal nas f\u00e9rias? - WebQuarto","robots":{"index":"index","follow":"follow","max-snippet":"max-snippet:-1","max-image-preview":"max-image-preview:large","max-video-preview":"max-video-preview:-1"},"canonical":"https:\/\/www.webquarto.com.br\/blog\/2021\/praia-campo-ou-cidade-qual-seu-destino-ideal-nas-ferias\/","og_locale":"pt_BR","og_type":"article","og_title":"Praia, campo ou cidade? Qual seu destino ideal nas f\u00e9rias? - WebQuarto","og_description":"Praia campo ou cidade? Qual o seu destino ideal nas f\u00e9rias? Ambas as op\u00e7\u00f5es s\u00e3o dotadas de coisas divertidas e tendem a tornar suas f\u00e9rias mais agrad\u00e1veis e alegres, garantindo divers\u00e3o e bons momentos de descanso! Mas \u00e9 claro que tem aquela que se encaixa mais com o que voc\u00ea procura no momento, pensando nisso","og_url":"https:\/\/www.webquarto.com.br\/blog\/2021\/praia-campo-ou-cidade-qual-seu-destino-ideal-nas-ferias\/","og_site_name":"WebQuarto","article_published_time":"2021-02-09T18:37:30+00:00","og_image":[{"width":630,"height":947,"url":"https:\/\/www.webquarto.com.br\/blog\/wp-content\/uploads\/2021\/02\/DF7C7B8E-55F8-4DB3-ADD2-1B58843BFF00.jpeg","type":"image\/jpeg"}],"twitter_misc":{"Escrito por":"Jo\u00e3o Brondi","Est. tempo de leitura":"2 minutos"},"schema":{"@context":"https:\/\/schema.org","@graph":[{"@type":"WebSite","@id":"https:\/\/www.webquarto.com.br\/blog\/#website","url":"https:\/\/www.webquarto.com.br\/blog\/","name":"WebQuarto","description":"Encontre quartos e apartamentos para dividir em todo o Brasil!","potentialAction":[{"@type":"SearchAction","target":{"@type":"EntryPoint","urlTemplate":"https:\/\/www.webquarto.com.br\/blog\/?s={search_term_string}"},"query-input":"required name=search_term_string"}],"inLanguage":"pt-BR"},{"@type":"ImageObject","inLanguage":"pt-BR","@id":"https:\/\/www.webquarto.com.br\/blog\/2021\/praia-campo-ou-cidade-qual-seu-destino-ideal-nas-ferias\/#primaryimage","url":"https:\/\/www.webquarto.com.br\/blog\/wp-content\/uploads\/2021\/02\/DF7C7B8E-55F8-4DB3-ADD2-1B58843BFF00.jpeg","contentUrl":"https:\/\/www.webquarto.com.br\/blog\/wp-content\/uploads\/2021\/02\/DF7C7B8E-55F8-4DB3-ADD2-1B58843BFF00.jpeg","width":630,"height":947},{"@type":"WebPage","@id":"https:\/\/www.webquarto.com.br\/blog\/2021\/praia-campo-ou-cidade-qual-seu-destino-ideal-nas-ferias\/#webpage","url":"https:\/\/www.webquarto.com.br\/blog\/2021\/praia-campo-ou-cidade-qual-seu-destino-ideal-nas-ferias\/","name":"Praia, campo ou cidade? Qual seu destino ideal nas f\u00e9rias? - WebQuarto","isPartOf":{"@id":"https:\/\/www.webquarto.com.br\/blog\/#website"},"primaryImageOfPage":{"@id":"https:\/\/www.webquarto.com.br\/blog\/2021\/praia-campo-ou-cidade-qual-seu-destino-ideal-nas-ferias\/#primaryimage"},"datePublished":"2021-02-09T18:37:30+00:00","dateModified":"2021-02-09T18:37:30+00:00","author":{"@id":"https:\/\/www.webquarto.com.br\/blog\/#\/schema\/person\/0f558b35d8e97b36d0172434cc91608f"},"breadcrumb":{"@id":"https:\/\/www.webquarto.com.br\/blog\/2021\/praia-campo-ou-cidade-qual-seu-destino-ideal-nas-ferias\/#breadcrumb"},"inLanguage":"pt-BR","potentialAction":[{"@type":"ReadAction","target":["https:\/\/www.webquarto.com.br\/blog\/2021\/praia-campo-ou-cidade-qual-seu-destino-ideal-nas-ferias\/"]}]},{"@type":"BreadcrumbList","@id":"https:\/\/www.webquarto.com.br\/blog\/2021\/praia-campo-ou-cidade-qual-seu-destino-ideal-nas-ferias\/#breadcrumb","itemListElement":[{"@type":"ListItem","position":1,"name":"In\u00edcio","item":"https:\/\/www.webquarto.com.br\/blog\/"},{"@type":"ListItem","position":2,"name":"Praia, campo ou cidade? Qual seu destino ideal nas f\u00e9rias?"}]},{"@type":"Person","@id":"https:\/\/www.webquarto.com.br\/blog\/#\/schema\/person\/0f558b35d8e97b36d0172434cc91608f","name":"Jo\u00e3o Brondi","image":{"@type":"ImageObject","inLanguage":"pt-BR","@id":"https:\/\/www.webquarto.com.br\/blog\/#\/schema\/person\/image\/","url":"https:\/\/secure.gravatar.com\/avatar\/1d30fb36d3734474e638bc2902ea7ffa?s=96&d=mm&r=g","contentUrl":"https:\/\/secure.gravatar.com\/avatar\/1d30fb36d3734474e638bc2902ea7ffa?s=96&d=mm&r=g","caption":"Jo\u00e3o Brondi"},"url":"https:\/\/www.webquarto.com.br\/blog\/author\/joao-pedro\/"}]}},"_links":{"self":[{"href":"https:\/\/www.webquarto.com.br\/blog\/wp-json\/wp\/v2\/posts\/862"}],"collection":[{"href":"https:\/\/www.webquarto.com.br\/blog\/wp-json\/wp\/v2\/posts"}],"about":[{"href":"https:\/\/www.webquarto.com.br\/blog\/wp-json\/wp\/v2\/types\/post"}],"author":[{"embeddable":true,"href":"https:\/\/www.webquarto.com.br\/blog\/wp-json\/wp\/v2\/users\/3"}],"replies":[{"embeddable":true,"href":"https:\/\/www.webquarto.com.br\/blog\/wp-json\/wp\/v2\/comments?post=862"}],"version-history":[{"count":3,"href":"https:\/\/www.webquarto.com.br\/blog\/wp-json\/wp\/v2\/posts\/862\/revisions"}],"predecessor-version":[{"id":892,"href":"https:\/\/www.webquarto.com.br\/blog\/wp-json\/wp\/v2\/posts\/862\/revisions\/892"}],"wp:featuredmedia":[{"embeddable":true,"href":"https:\/\/www.webquarto.com.br\/blog\/wp-json\/wp\/v2\/media\/889"}],"wp:attachment":[{"href":"https:\/\/www.webquarto.com.br\/blog\/wp-json\/wp\/v2\/media?parent=862"}],"wp:term":[{"taxonomy":"category","embeddable":true,"href":"https:\/\/www.webquarto.com.br\/blog\/wp-json\/wp\/v2\/categories?post=862"},{"taxonomy":"post_tag","embeddable":true,"href":"https:\/\/www.webquarto.com.br\/blog\/wp-json\/wp\/v2\/tags?post=862"}],"curies":[{"name":"wp","href":"https:\/\/api.w.org\/{rel}","templated":true}]}}