{"id":900,"date":"2021-02-15T15:29:32","date_gmt":"2021-02-15T15:29:32","guid":{"rendered":"http:\/\/www.webquarto.com.br\/blog\/?p=900"},"modified":"2021-02-17T21:48:50","modified_gmt":"2021-02-17T21:48:50","slug":"como-as-fotos-do-seu-anuncio-podem-te-fazer-alugar-mais-rapido","status":"publish","type":"post","link":"https:\/\/www.webquarto.com.br\/blog\/2021\/como-as-fotos-do-seu-anuncio-podem-te-fazer-alugar-mais-rapido\/","title":{"rendered":"Como as fotos do seu an\u00fancio podem te fazer alugar mais r\u00e1pido?"},"content":{"rendered":"<p>Boas fotos no seu an\u00fancio com certeza garantem mais visualiza\u00e7\u00f5es e maiores chances de contrata\u00e7\u00e3o. Separamos nesse post algumas dicas valiosas para as suas fotos que podem te fazer <a href=\"https:\/\/ajuda.webquarto.com.br\/article\/61-como-funciona-a-assinatura-premium-do-webquarto\" target=\"_blank\" rel=\"noopener noreferrer\"><strong>alugar mais r\u00e1pido<\/strong><\/a>. Confira!<\/p>\n<p><span style=\"color: #111111; font-family: Roboto, Arial, sans-serif; font-size: 1.6315em; font-weight: bold;\">Primeiro passo: organiza\u00e7\u00e3o\u00a0<\/span><\/p>\n<p>Antes de tirar as suas fotos deixe tudo bem organizado e limpinho, quanto menos objetos nos ambientes, mais bonita e limpa fica a foto. Defina em que ordem os c\u00f4modos ser\u00e3o fotografados. Investigue como a luz do sol atinge o <strong>im\u00f3vel<\/strong> no hor\u00e1rio em que voc\u00ea ir\u00e1 fotograf\u00e1-lo, uma boa luz far\u00e1 toda a diferen\u00e7a.<\/p>\n<h2>Objetos que valorizam as fotos<\/h2>\n<p>Observe todos os elementos que est\u00e3o aparecendo na imagem. Veja se eles est\u00e3o agrad\u00e1veis de olhar. Preste muita aten\u00e7\u00e3o para n\u00e3o cometer a falha de mostrar tudo em uma foto s\u00f3. Antes de registrar a imagem de um c\u00f4modo revise todos os elementos que est\u00e3o aparecendo e veja se \u00e9 assim que voc\u00ea quer que o cliente conhe\u00e7a o seu im\u00f3vel.<\/p>\n<p>Voc\u00ea tem um <strong>varanda<\/strong> bacana? Uma <strong>sala<\/strong> incr\u00edvel ou \u00e1rea de lazer? Ou as vezes a vista da janela \u00e9 de tirar o f\u00f4lego! N\u00e3o se esque\u00e7a de tirar fotos de todas essas \u00e1reas. As pessoas tamb\u00e9m amam os detalhes.<\/p>\n<h2>Ilumina\u00e7\u00e3o<\/h2>\n<p>N\u00e3o se esque\u00e7a que uma boa ilumina\u00e7\u00e3o faz toda a diferen\u00e7a, sem sombra de\u00a0d\u00favidas a luz \u00e9 um dos melhores amigos da fotografia. Mas fique atento que a luz em excesso pode estragar sua foto! Acenda as luzes, o abajur e abra as cortinas, mas lembre-se sempre que deve apenas clarear o suficiente, sem estourar a foto. Evite\u00a0usar o flash ou tirar fotos da sua casa durante a noite.<\/p>\n<h2>Angula\u00e7\u00e3o<\/h2>\n<p>Outro melhor amigo da fotografia \u00e9 a angula\u00e7\u00e3o, se voc\u00ea tirar uma foto de frente para uma parede plana, seu quarto vai parecer menor do que \u00e9 na vida real. Ent\u00e3o tire a foto a partir de um dos cantos do quarto. Isso acrescenta dimensionalidade \u00e0 foto e mostra muito mais o ambiente. Quanto mais completas forem as fotos da sua <strong>casa<\/strong>, melhor. Ou seja, mostre tudo que ela tem de bom.<\/p>\n<h2>O que evitar?<\/h2>\n<p>J\u00e1 falamos sobre evitar tirar fotos a noite, outra coisa importante \u00e9 evitar tirar fotos na vertical. <span style=\"font-size: 19px;\">Quantas vezes fomos prometidos uma bela foto de um <strong>quarto<\/strong>, mostrando desde a cama de um lado at\u00e9 a cortina do outro, \u00e9 encontramos\u00a0 uma foto vertical que mostra somente um peda\u00e7o do arm\u00e1rio? Ningu\u00e9m gosta n\u00e9! Pode ter certeza que todo capricho e empenho na hora de tirar suas fotografias ser\u00e1 avaliado por quem est\u00e1 a procurar de um local pra morar.<br \/>\n<\/span><\/p>\n<p><span style=\"color: #111111; font-family: Roboto, Arial, sans-serif; font-size: 1.6315em; font-weight: bold;\">E por fim mas n\u00e3o menos importante: edi\u00e7\u00f5es\u00a0<\/span><span style=\"font-size: 19px;\"><br \/>\n<\/span><\/p>\n<p><span style=\"font-size: 19px;\">A edi\u00e7\u00e3o de fotos vai ser a respons\u00e1vel por polir suas imagens e deix\u00e1-las com um aspecto profissional. Depois que voc\u00ea j\u00e1 tirou as fotos e escolheu aquelas que vai colocar em seu <a href=\"https:\/\/www.webquarto.com.br\/busca\/quartos\" target=\"_blank\" rel=\"noopener noreferrer\"><strong>an\u00fancios<\/strong><\/a>, chega a hora de edit\u00e1-las. Uma imagem bem-feita pode ser o fator decisivo para um cliente escolher os seus servi\u00e7os.<\/span><\/p>\n<p><span style=\"font-size: 19px;\"><strong>Esperamos que tenham gostado das nossas dicas. <\/strong><\/span><strong style=\"font-size: 19px;\">E voc\u00ea est\u00e1 querendo anunciar ou alugar um novo espa\u00e7o? Seja qual for a sua situa\u00e7\u00e3o a \u00a0<a href=\"https:\/\/www.webquarto.com.br\/\">WebQuarto<\/a> \u00e9 uma plataforma segura e completa pra ajudar voc\u00ea nessa tarefa.\u00a0<\/strong><\/p>\n","protected":false},"excerpt":{"rendered":"<p>Boas fotos no seu an\u00fancio com certeza garantem mais visualiza\u00e7\u00f5es e maiores chances de contrata\u00e7\u00e3o. Separamos nesse post algumas dicas valiosas para as suas fotos que podem te fazer alugar mais r\u00e1pido. Confira! Primeiro passo: organiza\u00e7\u00e3o\u00a0 Antes de tirar as suas fotos deixe tudo bem organizado e limpinho, quanto menos objetos nos ambientes, mais bonita<\/p>\n","protected":false},"author":3,"featured_media":901,"comment_status":"open","ping_status":"open","sticky":false,"template":"","format":"standard","meta":{"_monsterinsights_skip_tracking":false,"_monsterinsights_sitenote_active":false,"_monsterinsights_sitenote_note":"","_monsterinsights_sitenote_category":0},"categories":[29,124,128,27,129,121,300,301,74],"tags":[302],"yoast_head":"<!-- This site is optimized with the Yoast SEO plugin v19.1 - https:\/\/yoast.com\/wordpress\/plugins\/seo\/ -->\n<title>Como as fotos do seu an\u00fancio podem te fazer alugar mais r\u00e1pido? - WebQuarto<\/title>\n<meta name=\"description\" content=\"Boas fotos no seu an\u00fancio com certeza garantem mais visualiza\u00e7\u00f5es e maiores chances de contrata\u00e7\u00e3o. Separamos nesse post algumas dicas valiosas, confira!\" \/>\n<meta name=\"robots\" content=\"index, follow, max-snippet:-1, max-image-preview:large, max-video-preview:-1\" \/>\n<link rel=\"canonical\" href=\"https:\/\/www.webquarto.com.br\/blog\/2021\/como-as-fotos-do-seu-anuncio-podem-te-fazer-alugar-mais-rapido\/\" \/>\n<meta property=\"og:locale\" content=\"pt_BR\" \/>\n<meta property=\"og:type\" content=\"article\" \/>\n<meta property=\"og:title\" content=\"Como as fotos do seu an\u00fancio podem te fazer alugar mais r\u00e1pido? - WebQuarto\" \/>\n<meta property=\"og:description\" content=\"Boas fotos no seu an\u00fancio com certeza garantem mais visualiza\u00e7\u00f5es e maiores chances de contrata\u00e7\u00e3o. Separamos nesse post algumas dicas valiosas, confira!\" \/>\n<meta property=\"og:url\" content=\"https:\/\/www.webquarto.com.br\/blog\/2021\/como-as-fotos-do-seu-anuncio-podem-te-fazer-alugar-mais-rapido\/\" \/>\n<meta property=\"og:site_name\" content=\"WebQuarto\" \/>\n<meta property=\"article:published_time\" content=\"2021-02-15T15:29:32+00:00\" \/>\n<meta property=\"article:modified_time\" content=\"2021-02-17T21:48:50+00:00\" \/>\n<meta property=\"og:image\" content=\"https:\/\/www.webquarto.com.br\/blog\/wp-content\/uploads\/2021\/02\/CFCDBCCC-B494-42C9-B68F-6C482627E119.jpeg\" \/>\n\t<meta property=\"og:image:width\" content=\"712\" \/>\n\t<meta property=\"og:image:height\" content=\"431\" \/>\n\t<meta property=\"og:image:type\" content=\"image\/jpeg\" \/>\n<meta name=\"twitter:label1\" content=\"Escrito por\" \/>\n\t<meta name=\"twitter:data1\" content=\"Jo\u00e3o Brondi\" \/>\n\t<meta name=\"twitter:label2\" content=\"Est. tempo de leitura\" \/>\n\t<meta name=\"twitter:data2\" content=\"3 minutos\" \/>\n<script type=\"application\/ld+json\" class=\"yoast-schema-graph\">{\"@context\":\"https:\/\/schema.org\",\"@graph\":[{\"@type\":\"WebSite\",\"@id\":\"https:\/\/www.webquarto.com.br\/blog\/#website\",\"url\":\"https:\/\/www.webquarto.com.br\/blog\/\",\"name\":\"WebQuarto\",\"description\":\"Encontre quartos e apartamentos para dividir em todo o Brasil!\",\"potentialAction\":[{\"@type\":\"SearchAction\",\"target\":{\"@type\":\"EntryPoint\",\"urlTemplate\":\"https:\/\/www.webquarto.com.br\/blog\/?s={search_term_string}\"},\"query-input\":\"required name=search_term_string\"}],\"inLanguage\":\"pt-BR\"},{\"@type\":\"ImageObject\",\"inLanguage\":\"pt-BR\",\"@id\":\"https:\/\/www.webquarto.com.br\/blog\/2021\/como-as-fotos-do-seu-anuncio-podem-te-fazer-alugar-mais-rapido\/#primaryimage\",\"url\":\"https:\/\/www.webquarto.com.br\/blog\/wp-content\/uploads\/2021\/02\/CFCDBCCC-B494-42C9-B68F-6C482627E119.jpeg\",\"contentUrl\":\"https:\/\/www.webquarto.com.br\/blog\/wp-content\/uploads\/2021\/02\/CFCDBCCC-B494-42C9-B68F-6C482627E119.jpeg\",\"width\":712,\"height\":431},{\"@type\":\"WebPage\",\"@id\":\"https:\/\/www.webquarto.com.br\/blog\/2021\/como-as-fotos-do-seu-anuncio-podem-te-fazer-alugar-mais-rapido\/#webpage\",\"url\":\"https:\/\/www.webquarto.com.br\/blog\/2021\/como-as-fotos-do-seu-anuncio-podem-te-fazer-alugar-mais-rapido\/\",\"name\":\"Como as fotos do seu an\u00fancio podem te fazer alugar mais r\u00e1pido? - WebQuarto\",\"isPartOf\":{\"@id\":\"https:\/\/www.webquarto.com.br\/blog\/#website\"},\"primaryImageOfPage\":{\"@id\":\"https:\/\/www.webquarto.com.br\/blog\/2021\/como-as-fotos-do-seu-anuncio-podem-te-fazer-alugar-mais-rapido\/#primaryimage\"},\"datePublished\":\"2021-02-15T15:29:32+00:00\",\"dateModified\":\"2021-02-17T21:48:50+00:00\",\"author\":{\"@id\":\"https:\/\/www.webquarto.com.br\/blog\/#\/schema\/person\/0f558b35d8e97b36d0172434cc91608f\"},\"description\":\"Boas fotos no seu an\u00fancio com certeza garantem mais visualiza\u00e7\u00f5es e maiores chances de contrata\u00e7\u00e3o. Separamos nesse post algumas dicas valiosas, confira!\",\"breadcrumb\":{\"@id\":\"https:\/\/www.webquarto.com.br\/blog\/2021\/como-as-fotos-do-seu-anuncio-podem-te-fazer-alugar-mais-rapido\/#breadcrumb\"},\"inLanguage\":\"pt-BR\",\"potentialAction\":[{\"@type\":\"ReadAction\",\"target\":[\"https:\/\/www.webquarto.com.br\/blog\/2021\/como-as-fotos-do-seu-anuncio-podem-te-fazer-alugar-mais-rapido\/\"]}]},{\"@type\":\"BreadcrumbList\",\"@id\":\"https:\/\/www.webquarto.com.br\/blog\/2021\/como-as-fotos-do-seu-anuncio-podem-te-fazer-alugar-mais-rapido\/#breadcrumb\",\"itemListElement\":[{\"@type\":\"ListItem\",\"position\":1,\"name\":\"In\u00edcio\",\"item\":\"https:\/\/www.webquarto.com.br\/blog\/\"},{\"@type\":\"ListItem\",\"position\":2,\"name\":\"Como as fotos do seu an\u00fancio podem te fazer alugar mais r\u00e1pido?\"}]},{\"@type\":\"Person\",\"@id\":\"https:\/\/www.webquarto.com.br\/blog\/#\/schema\/person\/0f558b35d8e97b36d0172434cc91608f\",\"name\":\"Jo\u00e3o Brondi\",\"image\":{\"@type\":\"ImageObject\",\"inLanguage\":\"pt-BR\",\"@id\":\"https:\/\/www.webquarto.com.br\/blog\/#\/schema\/person\/image\/\",\"url\":\"https:\/\/secure.gravatar.com\/avatar\/1d30fb36d3734474e638bc2902ea7ffa?s=96&d=mm&r=g\",\"contentUrl\":\"https:\/\/secure.gravatar.com\/avatar\/1d30fb36d3734474e638bc2902ea7ffa?s=96&d=mm&r=g\",\"caption\":\"Jo\u00e3o Brondi\"},\"url\":\"https:\/\/www.webquarto.com.br\/blog\/author\/joao-pedro\/\"}]}<\/script>\n<!-- \/ Yoast SEO plugin. -->","yoast_head_json":{"title":"Como as fotos do seu an\u00fancio podem te fazer alugar mais r\u00e1pido? - WebQuarto","description":"Boas fotos no seu an\u00fancio com certeza garantem mais visualiza\u00e7\u00f5es e maiores chances de contrata\u00e7\u00e3o. Separamos nesse post algumas dicas valiosas, confira!","robots":{"index":"index","follow":"follow","max-snippet":"max-snippet:-1","max-image-preview":"max-image-preview:large","max-video-preview":"max-video-preview:-1"},"canonical":"https:\/\/www.webquarto.com.br\/blog\/2021\/como-as-fotos-do-seu-anuncio-podem-te-fazer-alugar-mais-rapido\/","og_locale":"pt_BR","og_type":"article","og_title":"Como as fotos do seu an\u00fancio podem te fazer alugar mais r\u00e1pido? - WebQuarto","og_description":"Boas fotos no seu an\u00fancio com certeza garantem mais visualiza\u00e7\u00f5es e maiores chances de contrata\u00e7\u00e3o. Separamos nesse post algumas dicas valiosas, confira!","og_url":"https:\/\/www.webquarto.com.br\/blog\/2021\/como-as-fotos-do-seu-anuncio-podem-te-fazer-alugar-mais-rapido\/","og_site_name":"WebQuarto","article_published_time":"2021-02-15T15:29:32+00:00","article_modified_time":"2021-02-17T21:48:50+00:00","og_image":[{"width":712,"height":431,"url":"https:\/\/www.webquarto.com.br\/blog\/wp-content\/uploads\/2021\/02\/CFCDBCCC-B494-42C9-B68F-6C482627E119.jpeg","type":"image\/jpeg"}],"twitter_misc":{"Escrito por":"Jo\u00e3o Brondi","Est. tempo de leitura":"3 minutos"},"schema":{"@context":"https:\/\/schema.org","@graph":[{"@type":"WebSite","@id":"https:\/\/www.webquarto.com.br\/blog\/#website","url":"https:\/\/www.webquarto.com.br\/blog\/","name":"WebQuarto","description":"Encontre quartos e apartamentos para dividir em todo o Brasil!","potentialAction":[{"@type":"SearchAction","target":{"@type":"EntryPoint","urlTemplate":"https:\/\/www.webquarto.com.br\/blog\/?s={search_term_string}"},"query-input":"required name=search_term_string"}],"inLanguage":"pt-BR"},{"@type":"ImageObject","inLanguage":"pt-BR","@id":"https:\/\/www.webquarto.com.br\/blog\/2021\/como-as-fotos-do-seu-anuncio-podem-te-fazer-alugar-mais-rapido\/#primaryimage","url":"https:\/\/www.webquarto.com.br\/blog\/wp-content\/uploads\/2021\/02\/CFCDBCCC-B494-42C9-B68F-6C482627E119.jpeg","contentUrl":"https:\/\/www.webquarto.com.br\/blog\/wp-content\/uploads\/2021\/02\/CFCDBCCC-B494-42C9-B68F-6C482627E119.jpeg","width":712,"height":431},{"@type":"WebPage","@id":"https:\/\/www.webquarto.com.br\/blog\/2021\/como-as-fotos-do-seu-anuncio-podem-te-fazer-alugar-mais-rapido\/#webpage","url":"https:\/\/www.webquarto.com.br\/blog\/2021\/como-as-fotos-do-seu-anuncio-podem-te-fazer-alugar-mais-rapido\/","name":"Como as fotos do seu an\u00fancio podem te fazer alugar mais r\u00e1pido? - WebQuarto","isPartOf":{"@id":"https:\/\/www.webquarto.com.br\/blog\/#website"},"primaryImageOfPage":{"@id":"https:\/\/www.webquarto.com.br\/blog\/2021\/como-as-fotos-do-seu-anuncio-podem-te-fazer-alugar-mais-rapido\/#primaryimage"},"datePublished":"2021-02-15T15:29:32+00:00","dateModified":"2021-02-17T21:48:50+00:00","author":{"@id":"https:\/\/www.webquarto.com.br\/blog\/#\/schema\/person\/0f558b35d8e97b36d0172434cc91608f"},"description":"Boas fotos no seu an\u00fancio com certeza garantem mais visualiza\u00e7\u00f5es e maiores chances de contrata\u00e7\u00e3o. Separamos nesse post algumas dicas valiosas, confira!","breadcrumb":{"@id":"https:\/\/www.webquarto.com.br\/blog\/2021\/como-as-fotos-do-seu-anuncio-podem-te-fazer-alugar-mais-rapido\/#breadcrumb"},"inLanguage":"pt-BR","potentialAction":[{"@type":"ReadAction","target":["https:\/\/www.webquarto.com.br\/blog\/2021\/como-as-fotos-do-seu-anuncio-podem-te-fazer-alugar-mais-rapido\/"]}]},{"@type":"BreadcrumbList","@id":"https:\/\/www.webquarto.com.br\/blog\/2021\/como-as-fotos-do-seu-anuncio-podem-te-fazer-alugar-mais-rapido\/#breadcrumb","itemListElement":[{"@type":"ListItem","position":1,"name":"In\u00edcio","item":"https:\/\/www.webquarto.com.br\/blog\/"},{"@type":"ListItem","position":2,"name":"Como as fotos do seu an\u00fancio podem te fazer alugar mais r\u00e1pido?"}]},{"@type":"Person","@id":"https:\/\/www.webquarto.com.br\/blog\/#\/schema\/person\/0f558b35d8e97b36d0172434cc91608f","name":"Jo\u00e3o Brondi","image":{"@type":"ImageObject","inLanguage":"pt-BR","@id":"https:\/\/www.webquarto.com.br\/blog\/#\/schema\/person\/image\/","url":"https:\/\/secure.gravatar.com\/avatar\/1d30fb36d3734474e638bc2902ea7ffa?s=96&d=mm&r=g","contentUrl":"https:\/\/secure.gravatar.com\/avatar\/1d30fb36d3734474e638bc2902ea7ffa?s=96&d=mm&r=g","caption":"Jo\u00e3o Brondi"},"url":"https:\/\/www.webquarto.com.br\/blog\/author\/joao-pedro\/"}]}},"_links":{"self":[{"href":"https:\/\/www.webquarto.com.br\/blog\/wp-json\/wp\/v2\/posts\/900"}],"collection":[{"href":"https:\/\/www.webquarto.com.br\/blog\/wp-json\/wp\/v2\/posts"}],"about":[{"href":"https:\/\/www.webquarto.com.br\/blog\/wp-json\/wp\/v2\/types\/post"}],"author":[{"embeddable":true,"href":"https:\/\/www.webquarto.com.br\/blog\/wp-json\/wp\/v2\/users\/3"}],"replies":[{"embeddable":true,"href":"https:\/\/www.webquarto.com.br\/blog\/wp-json\/wp\/v2\/comments?post=900"}],"version-history":[{"count":3,"href":"https:\/\/www.webquarto.com.br\/blog\/wp-json\/wp\/v2\/posts\/900\/revisions"}],"predecessor-version":[{"id":905,"href":"https:\/\/www.webquarto.com.br\/blog\/wp-json\/wp\/v2\/posts\/900\/revisions\/905"}],"wp:featuredmedia":[{"embeddable":true,"href":"https:\/\/www.webquarto.com.br\/blog\/wp-json\/wp\/v2\/media\/901"}],"wp:attachment":[{"href":"https:\/\/www.webquarto.com.br\/blog\/wp-json\/wp\/v2\/media?parent=900"}],"wp:term":[{"taxonomy":"category","embeddable":true,"href":"https:\/\/www.webquarto.com.br\/blog\/wp-json\/wp\/v2\/categories?post=900"},{"taxonomy":"post_tag","embeddable":true,"href":"https:\/\/www.webquarto.com.br\/blog\/wp-json\/wp\/v2\/tags?post=900"}],"curies":[{"name":"wp","href":"https:\/\/api.w.org\/{rel}","templated":true}]}}